{"id":70419,"date":"2015-08-11T13:34:48","date_gmt":"2015-08-11T16:34:48","guid":{"rendered":"http:\/\/www.24baires.com\/?p=70419"},"modified":"2015-08-12T10:46:12","modified_gmt":"2015-08-12T13:46:12","slug":"scioli-asegura-que-la-policia-local-es-un-logro-de-su-gestion","status":"publish","type":"post","link":"http:\/\/www.24baires.com\/?p=70419","title":{"rendered":"Scioli asegura que la Polic\u00eda Local \u00abes un logro\u00bb de su gesti\u00f3n"},"content":{"rendered":"<p><img data-recalc-dims=\"1\" loading=\"lazy\" decoding=\"async\" class=\"aligncenter size-full wp-image-70134\" src=\"https:\/\/i0.wp.com\/www.24baires.com\/wp-content\/uploads\/2015\/08\/scioli-cierre-campa%C3%B1a.jpg?resize=560%2C307\" alt=\"scioli cierre campa\u00f1a\" width=\"560\" height=\"307\" srcset=\"https:\/\/i0.wp.com\/www.24baires.com\/wp-content\/uploads\/2015\/08\/scioli-cierre-campa%C3%B1a.jpg?w=560 560w, https:\/\/i0.wp.com\/www.24baires.com\/wp-content\/uploads\/2015\/08\/scioli-cierre-campa%C3%B1a.jpg?resize=300%2C164 300w\" sizes=\"auto, (max-width: 560px) 100vw, 560px\" \/>El gobernador bonaerense y candidato a presidente por el Frente para la Victoria (FpV), Daniel Scioli, asegur\u00f3 que la polic\u00eda local \u00abes un logro para la provincia y un proyecto para el pa\u00eds\u00bb al encabezar un acto en el municipio de Tres de Febrero, y felicit\u00f3 al flamante candidato a sucederlo en los comicios de octubre, An\u00edbal Fern\u00e1ndez, quien estaba presente.<!--more--><\/p>\n<p>\u00abLa polic\u00eda local es un logro para la provincia y un proyecto para el pa\u00eds\u00bb, dijo Scioli en el marco de la ceremonia de egreso de los efectivos de la polic\u00eda local de ese distrito, en lo que constituy\u00f3 su primer acto luego de su triunfo en las Primarias Abiertas, Simult\u00e1neas y Obligatorias (PASO) que tuvieron lugar el domingo.<\/p>\n<p>En ese mismo marco, Scioli felicit\u00f3 al \u00abflamante candidato a gobernador\u00bb por el FpV, que estaba all\u00ed presente en la sede de la Escuela de Polic\u00eda de Tres de Febrero, donde 160 efectivos egresaron de la carrera para sumarse a las tareas de prevenci\u00f3n en las distintas localidades del partido.<\/p>\n<p>\u00abQuiero felicitar a nuestro flamante candidato a gobernador An\u00edbal Fern\u00e1ndez\u00bb, dijo Scioli, y destac\u00f3 en base a su experiencia la importancia de que la provincia de Buenos Aires pueda \u00abacoplarse\u00bb al gobierno federal porque, dijo, \u00abas\u00ed las soluciones llegan m\u00e1s r\u00e1pido\u00bb.<\/p>\n<p>Scioli dijo al electorado que vot\u00f3 a An\u00edbal Fern\u00e1ndez que \u00abtengan la certidumbre\u00bb de que el flamante candidato \u00abva a buscar fortalecer el camino ya iniciado y lo va a proyectar a futuro\u00bb, para que \u00abcada familia bonaerense tenga tierra, techo y trabajo\u00bb, parafraseando al papa Francisco.<\/p>\n<p>Scioli, quien estuvo acompa\u00f1ado por su compa\u00f1ero de f\u00f3rmula Carlos Zannini; el ministro de Seguridad provincial, Alejandro Granados, y el intendente de Tres de Febrero, Hugo Curto, se refiri\u00f3 tambi\u00e9n al tema de seguridad, y dijo que debe pensarse \u00abcomo pol\u00edtica integral\u00bb.<\/p>\n<p>\u00abLa seguridad no s\u00f3lo es una cuesti\u00f3n policial, sino que tambi\u00e9n abarca la seguridad nutricional, habitacional y ambiental, entre otros aspectos\u00bb, dijo Scioli, y en ese sentido mencion\u00f3 los \u00abhospitales intermedios, que ya suman veinte\u00bb y que \u00abhan logrado descomprimir\u00bb a los grandes hospitales.<\/p>\n","protected":false},"excerpt":{"rendered":"<p>El gobernador bonaerense y candidato a presidente por el Frente para la Victoria (FpV), Daniel Scioli, asegur\u00f3 que la polic\u00eda local \u00abes un logro para la provincia y un proyecto para el pa\u00eds\u00bb al encabezar un acto en el municipio de Tres de Febrero, y felicit\u00f3 al flamante candidato a sucederlo en los comicios de octubre, An\u00edbal Fern\u00e1ndez, quien estaba [&#8230;]<\/p>\n","protected":false},"author":4,"featured_media":0,"comment_status":"open","ping_status":"open","sticky":false,"template":"","format":"standard","meta":{"_jetpack_newsletter_access":"","_jetpack_dont_email_post_to_subs":false,"_jetpack_newsletter_tier_id":0,"_jetpack_memberships_contains_paywalled_content":false,"_jetpack_memberships_contains_paid_content":false,"footnotes":""},"categories":[51],"tags":[],"class_list":["post-70419","post","type-post","status-publish","format-standard","hentry","category-politica"],"jetpack_shortlink":"https:\/\/wp.me\/p2JWE0-ijN","jetpack-related-posts":[{"id":72864,"url":"http:\/\/www.24baires.com\/?p=72864","url_meta":{"origin":70419,"position":0},"title":"Desde La Matanza, Scioli defini\u00f3 a la seguridad como su \u201cprioridad\u201d","author":"GB","date":"29\/09\/2015","format":false,"excerpt":"El gobernador y candidato a presidente por el FPV reiter\u00f3 que las pol\u00edticas de seguridad ciudadana ser\u00e1n su \u201cprioridad\u201d y se comprometi\u00f3 a \u201cestar cerca de los problemas\" para solucionarlos. El gobernador bonaerense y candidato a presidente por el Frente para la Victoria, Daniel Scioli reiter\u00f3 que las pol\u00edticas de\u2026","rel":"","context":"En \u00abPol\u00edtica\u00bb","block_context":{"text":"Pol\u00edtica","link":"http:\/\/www.24baires.com\/?cat=51"},"img":{"alt_text":"scioli","src":"https:\/\/i0.wp.com\/www.24baires.com\/wp-content\/uploads\/2015\/09\/scioli1.jpg?resize=350%2C200","width":350,"height":200,"srcset":"https:\/\/i0.wp.com\/www.24baires.com\/wp-content\/uploads\/2015\/09\/scioli1.jpg?resize=350%2C200 1x, https:\/\/i0.wp.com\/www.24baires.com\/wp-content\/uploads\/2015\/09\/scioli1.jpg?resize=525%2C300 1.5x"},"classes":[]},{"id":103162,"url":"http:\/\/www.24baires.com\/?p=103162","url_meta":{"origin":70419,"position":1},"title":"Berisso es el primer municipio en eliminar la Polic\u00eda Local","author":"AF","date":"04\/07\/2018","format":false,"excerpt":"La municipalidad de Berisso se convirti\u00f3 en la primera comuna de la provincia en fusionar la Polic\u00eda Local con la bonaerense, siguiendo los planes del Gobierno provincial para eliminar la fuerza creada durante la gesti\u00f3n de Daniel Scioli. El intendente de Berisso, Jorge Nedela, firm\u00f3 ayer un convenio con el\u2026","rel":"","context":"En \u00abLocales\u00bb","block_context":{"text":"Locales","link":"http:\/\/www.24baires.com\/?cat=38"},"img":{"alt_text":"","src":"https:\/\/i0.wp.com\/www.24baires.com\/wp-content\/uploads\/2015\/10\/policia-local-mdp.jpg?resize=350%2C200","width":350,"height":200,"srcset":"https:\/\/i0.wp.com\/www.24baires.com\/wp-content\/uploads\/2015\/10\/policia-local-mdp.jpg?resize=350%2C200 1x, https:\/\/i0.wp.com\/www.24baires.com\/wp-content\/uploads\/2015\/10\/policia-local-mdp.jpg?resize=525%2C300 1.5x"},"classes":[]},{"id":119053,"url":"http:\/\/www.24baires.com\/?p=119053","url_meta":{"origin":70419,"position":2},"title":"Los tres ejes que se propone Batakis para su gesti\u00f3n","author":"AF","date":"04\/07\/2022","format":false,"excerpt":"A los pocos minutos de jurar en su cargo, Batakis dijo que \"vamos a seguir el programa econ\u00f3mico del Presidente\". Tambi\u00e9n se\u00f1al\u00f3 que \"queremos una mirada federal, que incluya a todos y todas los argentinos y argentinas\". Los tres puntos principales que estableci\u00f3 para su gesti\u00f3n al frente de Econom\u00eda.\u2026","rel":"","context":"En \u00abEconom\u00eda\u00bb","block_context":{"text":"Econom\u00eda","link":"http:\/\/www.24baires.com\/?cat=45"},"img":{"alt_text":"","src":"https:\/\/i0.wp.com\/www.24baires.com\/wp-content\/uploads\/2022\/07\/Batakis-1.jpg?resize=350%2C200","width":350,"height":200,"srcset":"https:\/\/i0.wp.com\/www.24baires.com\/wp-content\/uploads\/2022\/07\/Batakis-1.jpg?resize=350%2C200 1x, https:\/\/i0.wp.com\/www.24baires.com\/wp-content\/uploads\/2022\/07\/Batakis-1.jpg?resize=525%2C300 1.5x, https:\/\/i0.wp.com\/www.24baires.com\/wp-content\/uploads\/2022\/07\/Batakis-1.jpg?resize=700%2C400 2x"},"classes":[]},{"id":101122,"url":"http:\/\/www.24baires.com\/?p=101122","url_meta":{"origin":70419,"position":3},"title":"Indagar\u00e1n a Scioli por irregularidades en la construcci\u00f3n de las UPA 24","author":"AF","date":"17\/03\/2018","format":false,"excerpt":"El ex gobernador Daniel Scioli y quien fuera su ministro de Salud, Alejandro Collia, fueron imputados y citados a prestar declaraci\u00f3n indagatoria en el marco de una causa que investiga presuntas irregularidades en la adjudicaci\u00f3n de ocho Unidades de Pronta Atenci\u00f3n (UPA 24) para las que se destinaron m\u00e1s de\u2026","rel":"","context":"En \u00abJUDICIALES\u00bb","block_context":{"text":"JUDICIALES","link":"http:\/\/www.24baires.com\/?cat=68"},"img":{"alt_text":"","src":"https:\/\/i0.wp.com\/www.24baires.com\/wp-content\/uploads\/2014\/05\/Daniel-Scioli.jpg?resize=350%2C200","width":350,"height":200,"srcset":"https:\/\/i0.wp.com\/www.24baires.com\/wp-content\/uploads\/2014\/05\/Daniel-Scioli.jpg?resize=350%2C200 1x, https:\/\/i0.wp.com\/www.24baires.com\/wp-content\/uploads\/2014\/05\/Daniel-Scioli.jpg?resize=525%2C300 1.5x"},"classes":[]},{"id":71836,"url":"http:\/\/www.24baires.com\/?p=71836","url_meta":{"origin":70419,"position":4},"title":"Scioli encabez\u00f3 egreso de la Polic\u00eda Local en San Mart\u00edn","author":"GB","date":"08\/09\/2015","format":false,"excerpt":"El Gobernador bonaerense y candidato presidencial del FpV, Daniel Scioli encabez\u00f3 el acto junto a 235 oficiales que se incorporar\u00e1n a la fuerza a partir del 9 de septiembre. Durante el acto de egreso de los m\u00e1s de doscientos polic\u00edas de la localidad de San Mart\u00edn donde tambi\u00e9n estuvo presente\u2026","rel":"","context":"En \u00abPol\u00edtica\u00bb","block_context":{"text":"Pol\u00edtica","link":"http:\/\/www.24baires.com\/?cat=51"},"img":{"alt_text":"poli local lp","src":"https:\/\/i0.wp.com\/www.24baires.com\/wp-content\/uploads\/2015\/03\/poli-local-lp.jpg?resize=350%2C200","width":350,"height":200,"srcset":"https:\/\/i0.wp.com\/www.24baires.com\/wp-content\/uploads\/2015\/03\/poli-local-lp.jpg?resize=350%2C200 1x, https:\/\/i0.wp.com\/www.24baires.com\/wp-content\/uploads\/2015\/03\/poli-local-lp.jpg?resize=525%2C300 1.5x"},"classes":[]},{"id":71814,"url":"http:\/\/www.24baires.com\/?p=71814","url_meta":{"origin":70419,"position":5},"title":"Scioli: \u00abEl progreso se debe dar en el marco de oportunidades y equidad\u00bb","author":"AF","date":"08\/09\/2015","format":false,"excerpt":"El gobernador de la provincia de Buenos Aires y candidato a presidente del FpV destac\u00f3 la importancia de \"distribuir\", al hablar enel acto de egreso de 235 polic\u00edas locales en la localidad de San Mart\u00edn. Al hablar en el acto de egreso de 235 polic\u00edas locales en la localidad de\u2026","rel":"","context":"En \u00abPol\u00edtica\u00bb","block_context":{"text":"Pol\u00edtica","link":"http:\/\/www.24baires.com\/?cat=51"},"img":{"alt_text":"scioli cierre campa\u00f1a","src":"https:\/\/i0.wp.com\/www.24baires.com\/wp-content\/uploads\/2015\/08\/scioli-cierre-campa%C3%B1a.jpg?resize=350%2C200","width":350,"height":200,"srcset":"https:\/\/i0.wp.com\/www.24baires.com\/wp-content\/uploads\/2015\/08\/scioli-cierre-campa%C3%B1a.jpg?resize=350%2C200 1x, https:\/\/i0.wp.com\/www.24baires.com\/wp-content\/uploads\/2015\/08\/scioli-cierre-campa%C3%B1a.jpg?resize=525%2C300 1.5x"},"classes":[]}],"jetpack_sharing_enabled":true,"jetpack_likes_enabled":true,"jetpack_featured_media_url":"","_links":{"self":[{"href":"http:\/\/www.24baires.com\/index.php?rest_route=\/wp\/v2\/posts\/70419","targetHints":{"allow":["GET"]}}],"collection":[{"href":"http:\/\/www.24baires.com\/index.php?rest_route=\/wp\/v2\/posts"}],"about":[{"href":"http:\/\/www.24baires.com\/index.php?rest_route=\/wp\/v2\/types\/post"}],"author":[{"embeddable":true,"href":"http:\/\/www.24baires.com\/index.php?rest_route=\/wp\/v2\/users\/4"}],"replies":[{"embeddable":true,"href":"http:\/\/www.24baires.com\/index.php?rest_route=%2Fwp%2Fv2%2Fcomments&post=70419"}],"version-history":[{"count":1,"href":"http:\/\/www.24baires.com\/index.php?rest_route=\/wp\/v2\/posts\/70419\/revisions"}],"predecessor-version":[{"id":70420,"href":"http:\/\/www.24baires.com\/index.php?rest_route=\/wp\/v2\/posts\/70419\/revisions\/70420"}],"wp:attachment":[{"href":"http:\/\/www.24baires.com\/index.php?rest_route=%2Fwp%2Fv2%2Fmedia&parent=70419"}],"wp:term":[{"taxonomy":"category","embeddable":true,"href":"http:\/\/www.24baires.com\/index.php?rest_route=%2Fwp%2Fv2%2Fcategories&post=70419"},{"taxonomy":"post_tag","embeddable":true,"href":"http:\/\/www.24baires.com\/index.php?rest_route=%2Fwp%2Fv2%2Ftags&post=70419"}],"curies":[{"name":"wp","href":"https:\/\/api.w.org\/{rel}","templated":true}]}}