{"id":70393,"date":"2015-08-10T20:56:43","date_gmt":"2015-08-10T23:56:43","guid":{"rendered":"http:\/\/www.24baires.com\/?p=70393"},"modified":"2015-08-10T20:57:41","modified_gmt":"2015-08-10T23:57:41","slug":"cristina-se-reunio-con-anibal-fernandez-y-martin-sabbatella-tras-la-victoria-en-las-paso","status":"publish","type":"post","link":"http:\/\/www.24baires.com\/?p=70393","title":{"rendered":"Cristina se reuni\u00f3 con An\u00edbal Fern\u00e1ndez y Mart\u00edn Sabbatella tras la victoria en las PASO"},"content":{"rendered":"<p><img data-recalc-dims=\"1\" loading=\"lazy\" decoding=\"async\" class=\"aligncenter wp-image-70394\" src=\"https:\/\/i0.wp.com\/www.24baires.com\/wp-content\/uploads\/2015\/08\/cristina-anibal-1.jpg?resize=560%2C372\" alt=\"cristina anibal 1\" width=\"560\" height=\"372\" srcset=\"https:\/\/i0.wp.com\/www.24baires.com\/wp-content\/uploads\/2015\/08\/cristina-anibal-1.jpg?w=510 510w, https:\/\/i0.wp.com\/www.24baires.com\/wp-content\/uploads\/2015\/08\/cristina-anibal-1.jpg?resize=300%2C199 300w\" sizes=\"auto, (max-width: 560px) 100vw, 560px\" \/>En el encuentro, desarrollado en el despacho de la mandataria, tambi\u00e9n estuvo presente el secretario General de la Presidencia, Eduardo de Pedro, seg\u00fan se inform\u00f3 oficialmente.<!--more--><\/p>\n<p>La presidenta Cristina Fern\u00e1ndez de Kirchner recibi\u00f3 esta tarde en la residencia de Olivos al jefe de Gabinete, An\u00edbal Fern\u00e1ndez, y el titular de la AFSCA, Mart\u00edn Sabbatella, integrantes de la f\u00f3rmula del FpV que se impuso en las PASO de ayer.<\/p>\n<p>En el encuentro, desarrollado en el despacho de la mandataria, tambi\u00e9n estuvo presente el secretario General de la Presidencia, Eduardo de Pedro, seg\u00fan se inform\u00f3 oficialmente.<\/p>\n<p>La Presidenta recibi\u00f3 al binomio poco despu\u00e9s del encuentro que encabez\u00f3 An\u00edbal Fern\u00e1ndez con su rival en la interna de ayer, Juli\u00e1n Dom\u00ednguez, luego de que el titular de la C\u00e1mara baja admitiera su derrota en las PASO del distrito bonaerense celebradas ayer junto a las elecciones primarias nacionales.<\/p>\n","protected":false},"excerpt":{"rendered":"<p>En el encuentro, desarrollado en el despacho de la mandataria, tambi\u00e9n estuvo presente el secretario General de la Presidencia, Eduardo de Pedro, seg\u00fan se inform\u00f3 oficialmente.<\/p>\n","protected":false},"author":8,"featured_media":0,"comment_status":"open","ping_status":"open","sticky":false,"template":"","format":"standard","meta":{"_jetpack_newsletter_access":"","_jetpack_dont_email_post_to_subs":false,"_jetpack_newsletter_tier_id":0,"_jetpack_memberships_contains_paywalled_content":false,"_jetpack_memberships_contains_paid_content":false,"footnotes":""},"categories":[51],"tags":[],"class_list":["post-70393","post","type-post","status-publish","format-standard","hentry","category-politica"],"jetpack_shortlink":"https:\/\/wp.me\/p2JWE0-ijn","jetpack-related-posts":[{"id":69206,"url":"http:\/\/www.24baires.com\/?p=69206","url_meta":{"origin":70393,"position":0},"title":"La f\u00f3rmula que encabeza An\u00edbal en la Provincia recibi\u00f3 el apoyo de la CTA Nacional","author":"Grupo Sierra","date":"17\/07\/2015","format":false,"excerpt":"\u201cLa conducci\u00f3n nacional de la CTA vino a expresar el apoyo a la f\u00f3rmula\", dijo el titular de la central Hugo Yasky, quien remarc\u00f3 que la trayectoria de los integrantes de la f\u00f3rmula \"es garant\u00eda de continuidad\". \u201cLa conducci\u00f3n nacional de la CTA vino a expresar el apoyo a la\u2026","rel":"","context":"En \u00abElecciones 2015\u00bb","block_context":{"text":"Elecciones 2015","link":"http:\/\/www.24baires.com\/?cat=74"},"img":{"alt_text":"","src":"https:\/\/i0.wp.com\/www.24baires.com\/wp-content\/uploads\/2015\/07\/anibal-cta.jpg?resize=350%2C200","width":350,"height":200,"srcset":"https:\/\/i0.wp.com\/www.24baires.com\/wp-content\/uploads\/2015\/07\/anibal-cta.jpg?resize=350%2C200 1x, https:\/\/i0.wp.com\/www.24baires.com\/wp-content\/uploads\/2015\/07\/anibal-cta.jpg?resize=525%2C300 1.5x"},"classes":[]},{"id":118006,"url":"http:\/\/www.24baires.com\/?p=118006","url_meta":{"origin":70393,"position":1},"title":"Recambio de ministros: Manzur, Jefe de Gabinete y An\u00edbal Fern\u00e1ndez a Seguridad","author":"GB","date":"18\/09\/2021","format":false,"excerpt":"Wado De Pedro seguir\u00e1 en su lugar, pero se ir\u00e1n Felipe Sol\u00e1, Roberto Salvarezza y Sabina Frederic. Juan Manzur reemplaza a Cafiero que ser\u00e1 Canciller El gobierno nacional confirm\u00f3 los cambios en el gabinete de ministros y prepara un relanzamiento de la gesti\u00f3n a partir del pr\u00f3ximo lunes, con el\u2026","rel":"","context":"En \u00abPol\u00edtica\u00bb","block_context":{"text":"Pol\u00edtica","link":"http:\/\/www.24baires.com\/?cat=51"},"img":{"alt_text":"","src":"https:\/\/i0.wp.com\/www.24baires.com\/wp-content\/uploads\/2021\/09\/Zxa4bz6uJ_1256x620__1-1024x505.jpg?resize=350%2C200","width":350,"height":200,"srcset":"https:\/\/i0.wp.com\/www.24baires.com\/wp-content\/uploads\/2021\/09\/Zxa4bz6uJ_1256x620__1-1024x505.jpg?resize=350%2C200 1x, https:\/\/i0.wp.com\/www.24baires.com\/wp-content\/uploads\/2021\/09\/Zxa4bz6uJ_1256x620__1-1024x505.jpg?resize=525%2C300 1.5x"},"classes":[]},{"id":69962,"url":"http:\/\/www.24baires.com\/?p=69962","url_meta":{"origin":70393,"position":2},"title":"Wado de Pedro: \u00abNo hay mentira de Clar\u00edn que detenga este proyecto\u00bb","author":"AF","date":"03\/08\/2015","format":false,"excerpt":"El secretario general de la Presidencia, Eduardo de Pedro, expres\u00f3 su solidaridad con An\u00edbal Fern\u00e1ndez tras el informe del programa Periodismo para Todos. El secretario general de la Presidencia, Eduardo 'Wado' de Pedro, expres\u00f3 su solidaridad con el jefe de Gabinete, An\u00edbal Fern\u00e1ndez, a trav\u00e9s de la red social Twitter.\u2026","rel":"","context":"En \u00abPol\u00edtica\u00bb","block_context":{"text":"Pol\u00edtica","link":"http:\/\/www.24baires.com\/?cat=51"},"img":{"alt_text":"wado de pedro","src":"https:\/\/i0.wp.com\/www.24baires.com\/wp-content\/uploads\/2014\/05\/wado-de-pedro.jpg?resize=350%2C200","width":350,"height":200,"srcset":"https:\/\/i0.wp.com\/www.24baires.com\/wp-content\/uploads\/2014\/05\/wado-de-pedro.jpg?resize=350%2C200 1x, https:\/\/i0.wp.com\/www.24baires.com\/wp-content\/uploads\/2014\/05\/wado-de-pedro.jpg?resize=525%2C300 1.5x"},"classes":[]},{"id":63918,"url":"http:\/\/www.24baires.com\/?p=63918","url_meta":{"origin":70393,"position":3},"title":"Cristina recibe en Olivos a de Pedro, Zannini y a Kicillof","author":"GB","date":"06\/04\/2015","format":false,"excerpt":"La presidenta cumplir\u00e1 su actividad oficial en la Residencia de Olivos, donde tiene previsto recibir al secretario general de la Presidencia, al secretario Legal y T\u00e9cnico y m\u00e1s tarde al ministro de Econom\u00eda. La presidenta Cristina Fern\u00e1ndez de Kirchner cumplir\u00e1 esta tarde su actividad oficial en la Residencia de Olivos,\u2026","rel":"","context":"En \u00abPol\u00edtica\u00bb","block_context":{"text":"Pol\u00edtica","link":"http:\/\/www.24baires.com\/?cat=51"},"img":{"alt_text":"cristina kicillof","src":"https:\/\/i0.wp.com\/www.24baires.com\/wp-content\/uploads\/2014\/08\/cristina-kicillof.jpg?resize=350%2C200","width":350,"height":200,"srcset":"https:\/\/i0.wp.com\/www.24baires.com\/wp-content\/uploads\/2014\/08\/cristina-kicillof.jpg?resize=350%2C200 1x, https:\/\/i0.wp.com\/www.24baires.com\/wp-content\/uploads\/2014\/08\/cristina-kicillof.jpg?resize=525%2C300 1.5x"},"classes":[]},{"id":62355,"url":"http:\/\/www.24baires.com\/?p=62355","url_meta":{"origin":70393,"position":4},"title":"Cristina tom\u00f3 juramento a los nuevos funcionarios","author":"Grupo Sierra","date":"26\/02\/2015","format":false,"excerpt":"La Presidenta tom\u00f3 juramento a An\u00edbal Fern\u00e1ndez como jefe de Gabinete, a Daniel Goll\u00e1n como ministro de Salud y a Eduardo \"Wado\" de Pedro como Secretario General de la Presidencia. La presidenta Cristina Fern\u00e1ndez de Kirchner tom\u00f3 esta tarde en Casa de Gobierno juramento a los nuevos funcionarios de su\u2026","rel":"","context":"En \u00abPol\u00edtica\u00bb","block_context":{"text":"Pol\u00edtica","link":"http:\/\/www.24baires.com\/?cat=51"},"img":{"alt_text":"","src":"https:\/\/i0.wp.com\/www.24baires.com\/wp-content\/uploads\/2015\/02\/cristina-anibal.jpg?resize=350%2C200","width":350,"height":200,"srcset":"https:\/\/i0.wp.com\/www.24baires.com\/wp-content\/uploads\/2015\/02\/cristina-anibal.jpg?resize=350%2C200 1x, https:\/\/i0.wp.com\/www.24baires.com\/wp-content\/uploads\/2015\/02\/cristina-anibal.jpg?resize=525%2C300 1.5x"},"classes":[]},{"id":114966,"url":"http:\/\/www.24baires.com\/?p=114966","url_meta":{"origin":70393,"position":5},"title":"Anuncian el ingreso a una nueva fase del aislamiento social","author":"AF","date":"08\/05\/2020","format":false,"excerpt":"El presidente Alberto Fern\u00e1ndez anunciar\u00e1 a las 20 en una conferencia de prensa el ingreso y los alcances de la nueva etapa del aislamiento social y obligatorio por el coronavirus, iniciado el 20 de marzo pasado, informaron a T\u00e9lam fuentes oficiales. Fern\u00e1ndez manten\u00eda en la residencia de Olivos reuniones con\u2026","rel":"","context":"En \u00abSociedad\u00bb","block_context":{"text":"Sociedad","link":"http:\/\/www.24baires.com\/?cat=1"},"img":{"alt_text":"","src":"https:\/\/i0.wp.com\/www.24baires.com\/wp-content\/uploads\/2020\/05\/alberto-entrevista.jpg?resize=350%2C200","width":350,"height":200,"srcset":"https:\/\/i0.wp.com\/www.24baires.com\/wp-content\/uploads\/2020\/05\/alberto-entrevista.jpg?resize=350%2C200 1x, https:\/\/i0.wp.com\/www.24baires.com\/wp-content\/uploads\/2020\/05\/alberto-entrevista.jpg?resize=525%2C300 1.5x"},"classes":[]}],"jetpack_sharing_enabled":true,"jetpack_likes_enabled":true,"jetpack_featured_media_url":"","_links":{"self":[{"href":"http:\/\/www.24baires.com\/index.php?rest_route=\/wp\/v2\/posts\/70393","targetHints":{"allow":["GET"]}}],"collection":[{"href":"http:\/\/www.24baires.com\/index.php?rest_route=\/wp\/v2\/posts"}],"about":[{"href":"http:\/\/www.24baires.com\/index.php?rest_route=\/wp\/v2\/types\/post"}],"author":[{"embeddable":true,"href":"http:\/\/www.24baires.com\/index.php?rest_route=\/wp\/v2\/users\/8"}],"replies":[{"embeddable":true,"href":"http:\/\/www.24baires.com\/index.php?rest_route=%2Fwp%2Fv2%2Fcomments&post=70393"}],"version-history":[{"count":2,"href":"http:\/\/www.24baires.com\/index.php?rest_route=\/wp\/v2\/posts\/70393\/revisions"}],"predecessor-version":[{"id":70397,"href":"http:\/\/www.24baires.com\/index.php?rest_route=\/wp\/v2\/posts\/70393\/revisions\/70397"}],"wp:attachment":[{"href":"http:\/\/www.24baires.com\/index.php?rest_route=%2Fwp%2Fv2%2Fmedia&parent=70393"}],"wp:term":[{"taxonomy":"category","embeddable":true,"href":"http:\/\/www.24baires.com\/index.php?rest_route=%2Fwp%2Fv2%2Fcategories&post=70393"},{"taxonomy":"post_tag","embeddable":true,"href":"http:\/\/www.24baires.com\/index.php?rest_route=%2Fwp%2Fv2%2Ftags&post=70393"}],"curies":[{"name":"wp","href":"https:\/\/api.w.org\/{rel}","templated":true}]}}