{"id":70379,"date":"2015-08-10T18:40:14","date_gmt":"2015-08-10T21:40:14","guid":{"rendered":"http:\/\/www.24baires.com\/?p=70379"},"modified":"2015-08-11T10:53:50","modified_gmt":"2015-08-11T13:53:50","slug":"anibal-fernandez-y-julian-dominguez-sellaron-la-unidad-hacia-octubre","status":"publish","type":"post","link":"http:\/\/www.24baires.com\/?p=70379","title":{"rendered":"An\u00edbal Fern\u00e1ndez y Juli\u00e1n Dom\u00ednguez sellaron la unidad hacia octubre"},"content":{"rendered":"<p><img data-recalc-dims=\"1\" loading=\"lazy\" decoding=\"async\" class=\"aligncenter size-full wp-image-70380\" src=\"https:\/\/i0.wp.com\/www.24baires.com\/wp-content\/uploads\/2015\/08\/anibal-y-j-domiguez.jpg?resize=560%2C372\" alt=\"anibal y j domiguez\" width=\"560\" height=\"372\" srcset=\"https:\/\/i0.wp.com\/www.24baires.com\/wp-content\/uploads\/2015\/08\/anibal-y-j-domiguez.jpg?w=560 560w, https:\/\/i0.wp.com\/www.24baires.com\/wp-content\/uploads\/2015\/08\/anibal-y-j-domiguez.jpg?resize=300%2C199 300w\" sizes=\"auto, (max-width: 560px) 100vw, 560px\" \/>El jefe de Gabinete y candidato a gobernador por la provincia de Buenos Aires por el Frente para la Victoria, An\u00edbal Fern\u00e1ndez, se reuni\u00f3 con su rival en la interna, Juli\u00e1n Dom\u00ednguez, luego de que el titular de la C\u00e1mara Baja admitiera su derrota en las PASO del distrito bonaerense que se celebraron el domingo junto a las elecciones primarias nacionales.<!--more--><\/p>\n<p>Ambos candidatos estuvieron este lunes acompa\u00f1ados por sus compa\u00f1eros de f\u00f3rmula y la reuni\u00f3n se desarroll\u00f3 en el despacho del jefe de Gabinete en Casa de Gobierno, en un mensaje hacia la campa\u00f1a de cara a los comicios generales de octubre y para refrendar en forma p\u00fablica que \u00abla interna termin\u00f3\u00bb.<\/p>\n<p>Voceros del jefe de ministros comentaron que Dom\u00ednguez llam\u00f3 por la ma\u00f1ana a Fern\u00e1ndez para felicitarlo por la victoria y que all\u00ed se arregl\u00f3 un encuentro para la tarde para organizar \u00abel triunfo de octubre\u00bb.<\/p>\n<p>El encuentro se prolong\u00f3 durante una media hora, con el objetivo de \u00abrecuperar la relaci\u00f3n pol\u00edtica\u00bb, tras la campa\u00f1a a las PASO, que pese a los desencuentros no mellaron una relaci\u00f3n que \u00absiempre fue buena\u00bb, enfatizaron los colaboradores del jefe de ministros.\u00bbSe viene un trabajo conjunto para el resto de la campa\u00f1a\u00bb, sintetizaron.<\/p>\n<p>El presidente de la C\u00e1mara de Diputados, Juli\u00e1n Dom\u00ednguez, y el intendente de La Matanza, Fernando Espinoza, integrantes de la f\u00f3rmula a la gobernaci\u00f3n bonaerense por el Frente para la Victoria que result\u00f3 derrotada en las PASO, hab\u00edan anunciado m\u00e1s temprano que \u00abacompa\u00f1ar\u00e1n\u00bb al binomio compuesto por An\u00edbal Fern\u00e1ndez y Mart\u00edn Sabbatella.<\/p>\n<p>\u00abQueremos agradecer a todos los que nos acompa\u00f1aron con su voto, a los compa\u00f1eros y militantes, fiscales, intendentes, legisladores, trabajadores, concejales y consejeros escolares. Y muy especialmente a nuestra presidenta Cristina Kirchner y al gobernador Daniel Scioli por permitirnos competir\u00bb, sostiene una misiva difundida este lunes.<\/p>\n<p>En una carta que lleva por t\u00edtulo \u00abNuestra enorme gratitud a todos los que nos acompa\u00f1aron\u00bb, Dom\u00ednguez y Espinoza felicitan \u00aba todos los ganadores de estas PASO\u00bb, y aseguraban que se hab\u00edan comunicado con el jefe de Gabinete para expresarle su \u00abacompa\u00f1amiento\u00bb.<\/p>\n<p>\u00abYa nos comunicamos por tel\u00e9fono con el jefe de Gabinete y con el titular del AFSCA para expresarles nuestro acompa\u00f1amiento de cara a las elecciones de octubre\u00bb, se\u00f1alaron.<\/p>\n<p>Y en ese sentido, apuntaron: \u00abEl FpV alcanz\u00f3 el 40 por ciento de los votos en la provincia y por eso a quienes nos acompa\u00f1aron queremos expresarles cuatro palabras clave de cara a las elecciones que vienen: todos, juntos, victoria, y, sobre todo, humildad\u00bb.<\/p>\n<p>\u00abA partir de ahora, como Peronistas nos vamos a romper el alma para que la formula nacional y provincial del Frente para la Victoria triunfe en las elecciones de octubre\u00bb, finaliza el comunicado.<\/p>\n<p>&nbsp;<\/p>\n<p>&nbsp;<\/p>\n<p>&nbsp;<\/p>\n<p>&nbsp;<\/p>\n<p>&nbsp;<\/p>\n<p>&nbsp;<\/p>\n<p>&nbsp;<\/p>\n<p>&nbsp;<\/p>\n<p>&nbsp;<\/p>\n<p>&nbsp;<\/p>\n<p>&nbsp;<\/p>\n<p>&nbsp;<\/p>\n<p>&nbsp;<\/p>\n<p>&nbsp;<\/p>\n<p>&nbsp;<\/p>\n<p>&nbsp;<\/p>\n<p>&nbsp;<\/p>\n","protected":false},"excerpt":{"rendered":"<p>El jefe de Gabinete y candidato a gobernador por la provincia de Buenos Aires por el Frente para la Victoria, An\u00edbal Fern\u00e1ndez, se reuni\u00f3 con su rival en la interna, Juli\u00e1n Dom\u00ednguez, luego de que el titular de la C\u00e1mara Baja admitiera su derrota en las PASO del distrito bonaerense que se celebraron el domingo junto a las elecciones primarias [&#8230;]<\/p>\n","protected":false},"author":8,"featured_media":0,"comment_status":"open","ping_status":"open","sticky":false,"template":"","format":"standard","meta":{"_jetpack_newsletter_access":"","_jetpack_dont_email_post_to_subs":false,"_jetpack_newsletter_tier_id":0,"_jetpack_memberships_contains_paywalled_content":false,"_jetpack_memberships_contains_paid_content":false,"footnotes":""},"categories":[51],"tags":[],"class_list":["post-70379","post","type-post","status-publish","format-standard","hentry","category-politica"],"jetpack_shortlink":"https:\/\/wp.me\/p2JWE0-ij9","jetpack-related-posts":[{"id":118018,"url":"http:\/\/www.24baires.com\/?p=118018","url_meta":{"origin":70379,"position":0},"title":"Asumen los nuevos ministros del Gabinete nacional","author":"GB","date":"20\/09\/2021","format":false,"excerpt":"Con el cambio de Gabinete, el presidente Alberto Fern\u00e1ndez relanzar\u00e1 su gesti\u00f3n de cara a las elecciones legislativas de noviembre. Este lunes, a las 16 en Casa Rosada, jurar\u00e1n los nuevos ministros designados por el presidente Alberto Fern\u00e1ndez. De esta forma, asumir\u00e1n formalmente sus cargos An\u00edbal Fern\u00e1ndez, al frente del\u2026","rel":"","context":"En \u00abLocales\u00bb","block_context":{"text":"Locales","link":"http:\/\/www.24baires.com\/?cat=38"},"img":{"alt_text":"","src":"https:\/\/i0.wp.com\/www.24baires.com\/wp-content\/uploads\/2017\/02\/casa-rosada.jpg?resize=350%2C200","width":350,"height":200,"srcset":"https:\/\/i0.wp.com\/www.24baires.com\/wp-content\/uploads\/2017\/02\/casa-rosada.jpg?resize=350%2C200 1x, https:\/\/i0.wp.com\/www.24baires.com\/wp-content\/uploads\/2017\/02\/casa-rosada.jpg?resize=525%2C300 1.5x"},"classes":[]},{"id":68839,"url":"http:\/\/www.24baires.com\/?p=68839","url_meta":{"origin":70379,"position":1},"title":"\u00abNo tengo ninguna intenci\u00f3n de ocultar a mi vicegobernador\u00bb","author":"AF","date":"09\/07\/2015","format":false,"excerpt":"El jefe de Gabinete y precandidato a gobernador bonaerense por el kirchnerismo, An\u00edbal Fern\u00e1ndez, lo aclar\u00f3 hoy a ra\u00edz de los comentarios que suscit\u00f3 el hecho de que no apareciera la fotograf\u00eda en la boleta y opin\u00f3, por otra parte, que el gobernador electo de C\u00f3rdoba, Juan Schiaretti, \"va a\u2026","rel":"","context":"En \u00abElecciones 2015\u00bb","block_context":{"text":"Elecciones 2015","link":"http:\/\/www.24baires.com\/?cat=74"},"img":{"alt_text":"","src":"","width":0,"height":0},"classes":[]},{"id":118006,"url":"http:\/\/www.24baires.com\/?p=118006","url_meta":{"origin":70379,"position":2},"title":"Recambio de ministros: Manzur, Jefe de Gabinete y An\u00edbal Fern\u00e1ndez a Seguridad","author":"GB","date":"18\/09\/2021","format":false,"excerpt":"Wado De Pedro seguir\u00e1 en su lugar, pero se ir\u00e1n Felipe Sol\u00e1, Roberto Salvarezza y Sabina Frederic. Juan Manzur reemplaza a Cafiero que ser\u00e1 Canciller El gobierno nacional confirm\u00f3 los cambios en el gabinete de ministros y prepara un relanzamiento de la gesti\u00f3n a partir del pr\u00f3ximo lunes, con el\u2026","rel":"","context":"En \u00abPol\u00edtica\u00bb","block_context":{"text":"Pol\u00edtica","link":"http:\/\/www.24baires.com\/?cat=51"},"img":{"alt_text":"","src":"https:\/\/i0.wp.com\/www.24baires.com\/wp-content\/uploads\/2021\/09\/Zxa4bz6uJ_1256x620__1-1024x505.jpg?resize=350%2C200","width":350,"height":200,"srcset":"https:\/\/i0.wp.com\/www.24baires.com\/wp-content\/uploads\/2021\/09\/Zxa4bz6uJ_1256x620__1-1024x505.jpg?resize=350%2C200 1x, https:\/\/i0.wp.com\/www.24baires.com\/wp-content\/uploads\/2021\/09\/Zxa4bz6uJ_1256x620__1-1024x505.jpg?resize=525%2C300 1.5x"},"classes":[]},{"id":67780,"url":"http:\/\/www.24baires.com\/?p=67780","url_meta":{"origin":70379,"position":3},"title":"Cristina confirm\u00f3 las precandidaturas de Espinoza, Dom\u00ednguez y An\u00edbal","author":"GB","date":"18\/06\/2015","format":false,"excerpt":"La Presidenta mantuvo esta tarde una reuni\u00f3n con Fernando Espinoza, Juli\u00e1n Dom\u00ednguez y An\u00edbal Fern\u00e1ndez, a quienes les confirm\u00f3 que ser\u00e1n ellos quienes disputar\u00e1n las PASO del kirchnerismo en territorio bonaerense, seg\u00fan confirmaron fuentes del Frente para la Victoria. Durante la reuni\u00f3n con la mandataria, el jefe de gabinete de\u2026","rel":"","context":"En \u00abPol\u00edtica\u00bb","block_context":{"text":"Pol\u00edtica","link":"http:\/\/www.24baires.com\/?cat=51"},"img":{"alt_text":"","src":"https:\/\/i0.wp.com\/www.24baires.com\/wp-content\/uploads\/2015\/06\/paso-gobernador.jpg?resize=350%2C200","width":350,"height":200,"srcset":"https:\/\/i0.wp.com\/www.24baires.com\/wp-content\/uploads\/2015\/06\/paso-gobernador.jpg?resize=350%2C200 1x, https:\/\/i0.wp.com\/www.24baires.com\/wp-content\/uploads\/2015\/06\/paso-gobernador.jpg?resize=525%2C300 1.5x"},"classes":[]},{"id":69942,"url":"http:\/\/www.24baires.com\/?p=69942","url_meta":{"origin":70379,"position":4},"title":"El Movimiento Evita manifiesta su apoyo a la candidatura de An\u00edbal","author":"AF","date":"03\/08\/2015","format":false,"excerpt":"La organizaci\u00f3n, conducida por Emito P\u00e9rsico, Fernando Navarro y Jorge Taiana, le brindar\u00e1 este mediod\u00eda su apoyo a la f\u00f3rmula que encabeza el jefe de Gabinete en la provincia de Buenos Aires. El Movimiento Evita, una de las organizaciones m\u00e1s importantes del kirchnerismo, en horas del mediod\u00eda, en el Hotel\u2026","rel":"","context":"En \u00abElecciones 2015\u00bb","block_context":{"text":"Elecciones 2015","link":"http:\/\/www.24baires.com\/?cat=74"},"img":{"alt_text":"navarro p\u00e9rsico taiana","src":"https:\/\/i0.wp.com\/www.24baires.com\/wp-content\/uploads\/2015\/08\/navarro-p%C3%A9rsico-taiana-300x170.jpg?resize=350%2C200","width":350,"height":200},"classes":[]},{"id":118020,"url":"http:\/\/www.24baires.com\/?p=118020","url_meta":{"origin":70379,"position":5},"title":"\u00abNo somos parte del pa\u00eds que quiere flexibilizar derechos de los que trabajan\u00bb","author":"AF","date":"20\/09\/2021","format":false,"excerpt":"\"Cuando la gente no nos vota nos enojamos con nosotros y no con la gente\", a la vez que destac\u00f3 que en la coalici\u00f3n de gobierno los debates se dan \"de cara a la gente\", argument\u00f3 tambi\u00e9n el Presidente al encabezar el acto de jura de los nuevos ministros. El\u2026","rel":"","context":"En \u00abPol\u00edtica\u00bb","block_context":{"text":"Pol\u00edtica","link":"http:\/\/www.24baires.com\/?cat=51"},"img":{"alt_text":"","src":"https:\/\/i0.wp.com\/www.24baires.com\/wp-content\/uploads\/2021\/09\/6148f1d0c6765_1004x564.jpg?resize=350%2C200","width":350,"height":200,"srcset":"https:\/\/i0.wp.com\/www.24baires.com\/wp-content\/uploads\/2021\/09\/6148f1d0c6765_1004x564.jpg?resize=350%2C200 1x, https:\/\/i0.wp.com\/www.24baires.com\/wp-content\/uploads\/2021\/09\/6148f1d0c6765_1004x564.jpg?resize=525%2C300 1.5x"},"classes":[]}],"jetpack_sharing_enabled":true,"jetpack_likes_enabled":true,"jetpack_featured_media_url":"","_links":{"self":[{"href":"http:\/\/www.24baires.com\/index.php?rest_route=\/wp\/v2\/posts\/70379","targetHints":{"allow":["GET"]}}],"collection":[{"href":"http:\/\/www.24baires.com\/index.php?rest_route=\/wp\/v2\/posts"}],"about":[{"href":"http:\/\/www.24baires.com\/index.php?rest_route=\/wp\/v2\/types\/post"}],"author":[{"embeddable":true,"href":"http:\/\/www.24baires.com\/index.php?rest_route=\/wp\/v2\/users\/8"}],"replies":[{"embeddable":true,"href":"http:\/\/www.24baires.com\/index.php?rest_route=%2Fwp%2Fv2%2Fcomments&post=70379"}],"version-history":[{"count":1,"href":"http:\/\/www.24baires.com\/index.php?rest_route=\/wp\/v2\/posts\/70379\/revisions"}],"predecessor-version":[{"id":70381,"href":"http:\/\/www.24baires.com\/index.php?rest_route=\/wp\/v2\/posts\/70379\/revisions\/70381"}],"wp:attachment":[{"href":"http:\/\/www.24baires.com\/index.php?rest_route=%2Fwp%2Fv2%2Fmedia&parent=70379"}],"wp:term":[{"taxonomy":"category","embeddable":true,"href":"http:\/\/www.24baires.com\/index.php?rest_route=%2Fwp%2Fv2%2Fcategories&post=70379"},{"taxonomy":"post_tag","embeddable":true,"href":"http:\/\/www.24baires.com\/index.php?rest_route=%2Fwp%2Fv2%2Ftags&post=70379"}],"curies":[{"name":"wp","href":"https:\/\/api.w.org\/{rel}","templated":true}]}}