{"id":70355,"date":"2015-08-10T18:41:26","date_gmt":"2015-08-10T21:41:26","guid":{"rendered":"http:\/\/www.24baires.com\/?p=70355"},"modified":"2015-08-11T10:54:09","modified_gmt":"2015-08-11T13:54:09","slug":"scioli-se-pone-en-marcha-un-modelo-industrialista","status":"publish","type":"post","link":"http:\/\/www.24baires.com\/?p=70355","title":{"rendered":"Scioli: \u00abSe pone en marcha un modelo industrialista\u00bb"},"content":{"rendered":"<p><img data-recalc-dims=\"1\" loading=\"lazy\" decoding=\"async\" class=\"aligncenter size-full wp-image-70356\" src=\"https:\/\/i0.wp.com\/www.24baires.com\/wp-content\/uploads\/2015\/08\/zannini-scioli.jpg?resize=560%2C353\" alt=\"zannini scioli\" width=\"560\" height=\"353\" srcset=\"https:\/\/i0.wp.com\/www.24baires.com\/wp-content\/uploads\/2015\/08\/zannini-scioli.jpg?w=560 560w, https:\/\/i0.wp.com\/www.24baires.com\/wp-content\/uploads\/2015\/08\/zannini-scioli.jpg?resize=300%2C189 300w\" sizes=\"auto, (max-width: 560px) 100vw, 560px\" \/>El gobernador y candidato a presidente del FpV reiter\u00f3, tras su victoria en la PASO, su firme compromiso con las econom\u00edas regionales y con el desarrollo de la productividad industrial. \u201cVamos a seguir sembrando y avanzando con estas transformaciones\u201d, subray\u00f3 y recalc\u00f3: \u00abSe pone en marcha un modelo industrialista\u00bb.<!--more--><\/p>\n<p>El gobernador y candidato a presidente del FpV reiter\u00f3, tras su victoria en la PASO, su firme compromiso con las econom\u00edas regionales y con el desarrollo de la productividad industrial. \u201cVamos a seguir sembrando y avanzando con estas transformaciones\u201d, subray\u00f3<\/p>\n","protected":false},"excerpt":{"rendered":"<p>El gobernador y candidato a presidente del FpV reiter\u00f3, tras su victoria en la PASO, su firme compromiso con las econom\u00edas regionales y con el desarrollo de la productividad industrial. \u201cVamos a seguir sembrando y avanzando con estas transformaciones\u201d, subray\u00f3 y recalc\u00f3: \u00abSe pone en marcha un modelo industrialista\u00bb.<\/p>\n","protected":false},"author":4,"featured_media":0,"comment_status":"open","ping_status":"open","sticky":false,"template":"","format":"standard","meta":{"_jetpack_newsletter_access":"","_jetpack_dont_email_post_to_subs":false,"_jetpack_newsletter_tier_id":0,"_jetpack_memberships_contains_paywalled_content":false,"_jetpack_memberships_contains_paid_content":false,"footnotes":""},"categories":[51],"tags":[],"class_list":["post-70355","post","type-post","status-publish","format-standard","hentry","category-politica"],"jetpack_shortlink":"https:\/\/wp.me\/p2JWE0-iiL","jetpack-related-posts":[{"id":68013,"url":"http:\/\/www.24baires.com\/?p=68013","url_meta":{"origin":70355,"position":0},"title":"\u00abEl Frente para la Victoria es el partido m\u00e1s coherente y confiable\u00bb","author":"GB","date":"23\/06\/2015","format":false,"excerpt":"MOR\u00d3N-El gobernador y precandidato a presidente por el Frente para la Victoria lo asegur\u00f3 tras firmar un acuerdo con el intendente de Mor\u00f3n, Lucas Ghi, para la creaci\u00f3n del Parque Industrial \"La Cant\u00e1brica II\". El gobernador y precandidato a presidente por el Frente para la Victoria, Daniel Scioli, asegur\u00f3 que\u2026","rel":"","context":"En \u00abPol\u00edtica\u00bb","block_context":{"text":"Pol\u00edtica","link":"http:\/\/www.24baires.com\/?cat=51"},"img":{"alt_text":"scioli saludo","src":"https:\/\/i0.wp.com\/www.24baires.com\/wp-content\/uploads\/2014\/08\/scioli-saludo.jpg?resize=350%2C200","width":350,"height":200,"srcset":"https:\/\/i0.wp.com\/www.24baires.com\/wp-content\/uploads\/2014\/08\/scioli-saludo.jpg?resize=350%2C200 1x, https:\/\/i0.wp.com\/www.24baires.com\/wp-content\/uploads\/2014\/08\/scioli-saludo.jpg?resize=525%2C300 1.5x"},"classes":[]},{"id":71006,"url":"http:\/\/www.24baires.com\/?p=71006","url_meta":{"origin":70355,"position":1},"title":"\u00abEl \u00fanico modelo para seguir creciendo es votar a la f\u00f3rmula de Scioli y Zannini\u00bb","author":"GB","date":"22\/08\/2015","format":false,"excerpt":"El ministro de Econom\u00eda y primer candidato a diputado nacional por la ciudad , Axel Kicillof, durante el plenario de la militancia del kirchnerismo porte\u00f1o ante 5 mil militantes. El ministro de Econom\u00eda y primer candidato a diputado nacional por la ciudad de Buenos Aires, Axel Kicillof, asegur\u00f3 hoy que\u2026","rel":"","context":"En \u00abEconom\u00eda\u00bb","block_context":{"text":"Econom\u00eda","link":"http:\/\/www.24baires.com\/?cat=45"},"img":{"alt_text":"kicillof onu","src":"https:\/\/i0.wp.com\/www.24baires.com\/wp-content\/uploads\/2015\/04\/kicillof-onu.jpg?resize=350%2C200","width":350,"height":200,"srcset":"https:\/\/i0.wp.com\/www.24baires.com\/wp-content\/uploads\/2015\/04\/kicillof-onu.jpg?resize=350%2C200 1x, https:\/\/i0.wp.com\/www.24baires.com\/wp-content\/uploads\/2015\/04\/kicillof-onu.jpg?resize=525%2C300 1.5x"},"classes":[]},{"id":70987,"url":"http:\/\/www.24baires.com\/?p=70987","url_meta":{"origin":70355,"position":2},"title":"Scioli: \u201cYo quiero ser el presidente Pyme\u201d","author":"Grupo Sierra","date":"22\/08\/2015","format":false,"excerpt":"El candidato a presidente por el FpV prometi\u00f3 implementar instrumentos crediticios para nuevos emprendimientos, y se diferenci\u00f3 de las iniciativas econ\u00f3micas planteadas por la oposici\u00f3n a las que calific\u00f3 de \u201cinquietantes\u201d. En el acto por el D\u00eda del Empresario Nacional realizado en el Paseo La Plaza, Scioli se comprometi\u00f3 frente\u2026","rel":"","context":"En \u00abPol\u00edtica\u00bb","block_context":{"text":"Pol\u00edtica","link":"http:\/\/www.24baires.com\/?cat=51"},"img":{"alt_text":"","src":"https:\/\/i0.wp.com\/www.24baires.com\/wp-content\/uploads\/2015\/08\/frances-2.jpg?resize=350%2C200","width":350,"height":200},"classes":[]},{"id":120565,"url":"http:\/\/www.24baires.com\/?p=120565","url_meta":{"origin":70355,"position":3},"title":"\u00abEl domingo decidimos si amamos nuestra bandera o no\u00bb, dijo Massa en su cierre de campa\u00f1a","author":"GB","date":"20\/10\/2023","format":false,"excerpt":"Sergio Massa, cerr\u00f3 su campa\u00f1a electoral con un acto en una f\u00e1brica en el partido bonaerense de Pilar, junto a trabajadores, docentes y jubilados, apelando a los m\u00e1s profundo de la identidad peronista. \"El domingo a la hora de votar definimos los pr\u00f3ximos 4 a\u00f1os de la Argentina; decidimos por\u2026","rel":"","context":"En \u00abElecciones\u00bb","block_context":{"text":"Elecciones","link":"http:\/\/www.24baires.com\/?cat=316"},"img":{"alt_text":"","src":"https:\/\/i0.wp.com\/www.24baires.com\/wp-content\/uploads\/2023\/10\/massa-cierre.jpg?resize=350%2C200","width":350,"height":200,"srcset":"https:\/\/i0.wp.com\/www.24baires.com\/wp-content\/uploads\/2023\/10\/massa-cierre.jpg?resize=350%2C200 1x, https:\/\/i0.wp.com\/www.24baires.com\/wp-content\/uploads\/2023\/10\/massa-cierre.jpg?resize=525%2C300 1.5x, https:\/\/i0.wp.com\/www.24baires.com\/wp-content\/uploads\/2023\/10\/massa-cierre.jpg?resize=700%2C400 2x"},"classes":[]},{"id":33885,"url":"http:\/\/www.24baires.com\/?p=33885","url_meta":{"origin":70355,"position":4},"title":"Insaurralde: \u00absomos la \u00fanica expresi\u00f3n pol\u00edtica que puede defender una agenda de futuro\u00bb","author":"GB","date":"21\/10\/2013","format":false,"excerpt":"TANDIL-\u00a0El primer candidato a diputado nacional del Frente para la Victoria en la provincia de Buenos Aires, Mart\u00edn Insaurralde, recorri\u00f3 Tandil, donde afirm\u00f3 que la fuerza propone \"defender la industria nacional y generar valor agregado a las materias primas\u201d. Insaurralde estuvo la ciudad de Tandil donde visit\u00f3 el Parque Industrial,\u2026","rel":"","context":"En \u00abELECCIONES 2013\u00bb","block_context":{"text":"ELECCIONES 2013","link":"http:\/\/www.24baires.com\/?cat=72"},"img":{"alt_text":"","src":"https:\/\/i0.wp.com\/www.24baires.com\/wp-content\/uploads\/2013\/10\/insaurralde-tandil.jpg?resize=350%2C200","width":350,"height":200,"srcset":"https:\/\/i0.wp.com\/www.24baires.com\/wp-content\/uploads\/2013\/10\/insaurralde-tandil.jpg?resize=350%2C200 1x, https:\/\/i0.wp.com\/www.24baires.com\/wp-content\/uploads\/2013\/10\/insaurralde-tandil.jpg?resize=525%2C300 1.5x"},"classes":[]},{"id":43402,"url":"http:\/\/www.24baires.com\/?p=43402","url_meta":{"origin":70355,"position":5},"title":"\u201cUrribarri no es el candidato de los medios sino de las transformaciones\u201d lanz\u00f3 Cheppi","author":"Grupo Sierra","date":"06\/04\/2014","format":false,"excerpt":"El Gobernador de Entre R\u00edos, Sergio Urribarri y el embajador argentino en Venezuela, Carlos Cheppi, participaron de un acto del FPV en Mar del Plata donde analizaron la situaci\u00f3n pol\u00edtica del pa\u00eds, de la ciudad y expresaron sus intenciones pol\u00edticas y proyectos con vistas al 2015. Cheppi tuvo duros conceptos\u2026","rel":"","context":"En \u00abPol\u00edtica\u00bb","block_context":{"text":"Pol\u00edtica","link":"http:\/\/www.24baires.com\/?cat=51"},"img":{"alt_text":"","src":"https:\/\/i0.wp.com\/www.24baires.com\/wp-content\/uploads\/2014\/04\/cheppi-urribarri.jpg?resize=350%2C200","width":350,"height":200,"srcset":"https:\/\/i0.wp.com\/www.24baires.com\/wp-content\/uploads\/2014\/04\/cheppi-urribarri.jpg?resize=350%2C200 1x, https:\/\/i0.wp.com\/www.24baires.com\/wp-content\/uploads\/2014\/04\/cheppi-urribarri.jpg?resize=525%2C300 1.5x"},"classes":[]}],"jetpack_sharing_enabled":true,"jetpack_likes_enabled":true,"jetpack_featured_media_url":"","_links":{"self":[{"href":"http:\/\/www.24baires.com\/index.php?rest_route=\/wp\/v2\/posts\/70355","targetHints":{"allow":["GET"]}}],"collection":[{"href":"http:\/\/www.24baires.com\/index.php?rest_route=\/wp\/v2\/posts"}],"about":[{"href":"http:\/\/www.24baires.com\/index.php?rest_route=\/wp\/v2\/types\/post"}],"author":[{"embeddable":true,"href":"http:\/\/www.24baires.com\/index.php?rest_route=\/wp\/v2\/users\/4"}],"replies":[{"embeddable":true,"href":"http:\/\/www.24baires.com\/index.php?rest_route=%2Fwp%2Fv2%2Fcomments&post=70355"}],"version-history":[{"count":1,"href":"http:\/\/www.24baires.com\/index.php?rest_route=\/wp\/v2\/posts\/70355\/revisions"}],"predecessor-version":[{"id":70357,"href":"http:\/\/www.24baires.com\/index.php?rest_route=\/wp\/v2\/posts\/70355\/revisions\/70357"}],"wp:attachment":[{"href":"http:\/\/www.24baires.com\/index.php?rest_route=%2Fwp%2Fv2%2Fmedia&parent=70355"}],"wp:term":[{"taxonomy":"category","embeddable":true,"href":"http:\/\/www.24baires.com\/index.php?rest_route=%2Fwp%2Fv2%2Fcategories&post=70355"},{"taxonomy":"post_tag","embeddable":true,"href":"http:\/\/www.24baires.com\/index.php?rest_route=%2Fwp%2Fv2%2Ftags&post=70355"}],"curies":[{"name":"wp","href":"https:\/\/api.w.org\/{rel}","templated":true}]}}