{"id":70208,"date":"2015-08-07T21:34:11","date_gmt":"2015-08-08T00:34:11","guid":{"rendered":"http:\/\/www.24baires.com\/?p=70208"},"modified":"2015-08-07T21:34:11","modified_gmt":"2015-08-08T00:34:11","slug":"no-habra-clases-en-el-turno-manana-de-las-mas-de-5-mil-escuelas-bonaerenses","status":"publish","type":"post","link":"http:\/\/www.24baires.com\/?p=70208","title":{"rendered":"No habr\u00e1 clases en el turno ma\u00f1ana de las m\u00e1s de 5 mil escuelas bonaerenses"},"content":{"rendered":"<p><img data-recalc-dims=\"1\" loading=\"lazy\" decoding=\"async\" class=\"alignleft size-full wp-image-47698\" src=\"https:\/\/i0.wp.com\/www.24baires.com\/wp-content\/uploads\/2014\/06\/escuelas-con-banderas.jpg?resize=320%2C190\" alt=\"escuelas con banderas\" width=\"320\" height=\"190\" srcset=\"https:\/\/i0.wp.com\/www.24baires.com\/wp-content\/uploads\/2014\/06\/escuelas-con-banderas.jpg?w=320 320w, https:\/\/i0.wp.com\/www.24baires.com\/wp-content\/uploads\/2014\/06\/escuelas-con-banderas.jpg?resize=300%2C178 300w\" sizes=\"auto, (max-width: 320px) 100vw, 320px\" \/>Las m\u00e1s de 5 mil escuelas de la provincia de Buenos Aires donde el pr\u00f3ximo domingo se habiliten mesas para sufragar en las primarias abiertas, simult\u00e1neas y obligatorias (PASO) no dictar\u00e1n clases el lunes en el turno ma\u00f1ana, anunci\u00f3 hoy a Direcci\u00f3n General de Educaci\u00f3n y Cultura provincial.<!--more--><\/p>\n<p>La medida se dispuso a fin de proceder a la limpieza de las aulas, confirm\u00f3 una fuente de la cartera, y remarc\u00f3 que el asueto \u00abno alcanza al turno tarde, donde el dictado de clases ser\u00e1 normal\u00bb.<\/p>\n<p>El pr\u00f3ximo domingo, unos 11.867.979 ciudadanos bonaerenses emitir\u00e1n su<\/p>\n<p>voto en las 34.590 mesas habilitadas en 5.004 escuelas de la provincia de Buenos Aires.<\/p>\n<p>&nbsp;<\/p>\n<p>&nbsp;<\/p>\n<p>&nbsp;<\/p>\n<p>&nbsp;<\/p>\n<p>&nbsp;<\/p>\n<p>&nbsp;<\/p>\n<p>&nbsp;<\/p>\n<p>&nbsp;<\/p>\n<p>&nbsp;<\/p>\n<p>&nbsp;<\/p>\n<p>&nbsp;<\/p>\n<p>&nbsp;<\/p>\n<p>&nbsp;<\/p>\n<p>&nbsp;<\/p>\n<p>&nbsp;<\/p>\n<p>&nbsp;<\/p>\n<p>&nbsp;<\/p>\n<p>&nbsp;<\/p>\n<p>&nbsp;<\/p>\n","protected":false},"excerpt":{"rendered":"<p>Las m\u00e1s de 5 mil escuelas de la provincia de Buenos Aires donde el pr\u00f3ximo domingo se habiliten mesas para sufragar en las primarias abiertas, simult\u00e1neas y obligatorias (PASO) no dictar\u00e1n clases el lunes en el turno ma\u00f1ana, anunci\u00f3 hoy a Direcci\u00f3n General de Educaci\u00f3n y Cultura provincial.<\/p>\n","protected":false},"author":8,"featured_media":0,"comment_status":"open","ping_status":"open","sticky":false,"template":"","format":"standard","meta":{"_jetpack_newsletter_access":"","_jetpack_dont_email_post_to_subs":false,"_jetpack_newsletter_tier_id":0,"_jetpack_memberships_contains_paywalled_content":false,"_jetpack_memberships_contains_paid_content":false,"footnotes":""},"categories":[51],"tags":[],"class_list":["post-70208","post","type-post","status-publish","format-standard","hentry","category-politica"],"jetpack_shortlink":"https:\/\/wp.me\/p2JWE0-igo","jetpack-related-posts":[{"id":34090,"url":"http:\/\/www.24baires.com\/?p=34090","url_meta":{"origin":70208,"position":0},"title":"El lunes no habr\u00e1 clases en las escuelas donde se vote","author":"AF","date":"25\/10\/2013","format":false,"excerpt":"Las escuelas de la provincia donde se vote el pr\u00f3ximo domingo no dictar\u00e1n clases el lunes 28 en el turno matutino, seg\u00fan confirm\u00f3 la Direcci\u00f3n General de Educaci\u00f3n y Cultura bonaerense. La cartera educativa inform\u00f3 que \u201cunas 12 mil escuelas bonaerenses estar\u00e1n afectadas al comicio por instalarse en ellas 33.134\u2026","rel":"","context":"En \u00abProvincia\u00bb","block_context":{"text":"Provincia","link":"http:\/\/www.24baires.com\/?cat=40"},"img":{"alt_text":"aula vac\u00eda","src":"https:\/\/i0.wp.com\/www.24baires.com\/wp-content\/uploads\/2013\/02\/aula-vac%C3%ADa.jpg?resize=350%2C200","width":350,"height":200,"srcset":"https:\/\/i0.wp.com\/www.24baires.com\/wp-content\/uploads\/2013\/02\/aula-vac%C3%ADa.jpg?resize=350%2C200 1x, https:\/\/i0.wp.com\/www.24baires.com\/wp-content\/uploads\/2013\/02\/aula-vac%C3%ADa.jpg?resize=525%2C300 1.5x"},"classes":[]},{"id":120365,"url":"http:\/\/www.24baires.com\/?p=120365","url_meta":{"origin":70208,"position":1},"title":"El lunes habr\u00e1 clases en la provincia de Buenos Aires","author":"GB","date":"11\/08\/2023","format":false,"excerpt":"La DGCyE confirm\u00f3 que el lunes 14 se dictar\u00e1n clases en las escuelas de la provincia de Buenos Aires, luego de las elecciones PASO del domingo. En la ante sala de las elecciones Primarias, Abiertas, Simult\u00e1neas y Obligatorias (PASO) 2023, que se llevar\u00e1n adelante este domingo 13 de agosto, estudiantes,\u2026","rel":"","context":"En \u00abProvincia\u00bb","block_context":{"text":"Provincia","link":"http:\/\/www.24baires.com\/?cat=40"},"img":{"alt_text":"","src":"https:\/\/i0.wp.com\/www.24baires.com\/wp-content\/uploads\/2023\/02\/escuelas-colegiosjpeg.jpeg?resize=350%2C200","width":350,"height":200,"srcset":"https:\/\/i0.wp.com\/www.24baires.com\/wp-content\/uploads\/2023\/02\/escuelas-colegiosjpeg.jpeg?resize=350%2C200 1x, https:\/\/i0.wp.com\/www.24baires.com\/wp-content\/uploads\/2023\/02\/escuelas-colegiosjpeg.jpeg?resize=525%2C300 1.5x, https:\/\/i0.wp.com\/www.24baires.com\/wp-content\/uploads\/2023\/02\/escuelas-colegiosjpeg.jpeg?resize=700%2C400 2x"},"classes":[]},{"id":62627,"url":"http:\/\/www.24baires.com\/?p=62627","url_meta":{"origin":70208,"position":2},"title":"El 88% de los alumnos concurri\u00f3 al tercer d\u00eda de clases en la Provincia","author":"GB","date":"04\/03\/2015","format":false,"excerpt":"El 88 por ciento de los alumnos de la provincia de Buenos Aires tuvo clases en el tercer d\u00eda del ciclo lectivo 2015, seg\u00fan un relevamiento realizado por la Direcci\u00f3n General de Cultura y Educaci\u00f3n de la provincia durante el turno ma\u00f1ana. El informe revel\u00f3 que el 99 por ciento\u2026","rel":"","context":"En \u00abProvincia\u00bb","block_context":{"text":"Provincia","link":"http:\/\/www.24baires.com\/?cat=40"},"img":{"alt_text":"escuela03","src":"https:\/\/i0.wp.com\/www.24baires.com\/wp-content\/uploads\/2014\/05\/escuela03.jpg?resize=350%2C200","width":350,"height":200,"srcset":"https:\/\/i0.wp.com\/www.24baires.com\/wp-content\/uploads\/2014\/05\/escuela03.jpg?resize=350%2C200 1x, https:\/\/i0.wp.com\/www.24baires.com\/wp-content\/uploads\/2014\/05\/escuela03.jpg?resize=525%2C300 1.5x"},"classes":[]},{"id":122289,"url":"http:\/\/www.24baires.com\/?p=122289","url_meta":{"origin":70208,"position":3},"title":"Docentes bonaeresenes paran pese a la concicliaci\u00f3n obligatoria","author":"GB","date":"20\/05\/2025","format":false,"excerpt":"Las clases en las escuelas p\u00fablicas de toda la provincia de Buenos Aires se ver\u00e1n opacadas hoy por el paro convocado por un gremio docente. Aunque el gobierno bonaerense dict\u00f3 la conciliaci\u00f3n obligatoria, la Federaci\u00f3n de Educadores Bonaerenses (FEB) ratific\u00f3 el paro de docentes convocado para este martes. Las clases\u2026","rel":"","context":"En \u00abProvincia\u00bb","block_context":{"text":"Provincia","link":"http:\/\/www.24baires.com\/?cat=40"},"img":{"alt_text":"","src":"https:\/\/i0.wp.com\/www.24baires.com\/wp-content\/uploads\/2013\/02\/aula-vac%C3%ADa.jpg?resize=350%2C200","width":350,"height":200,"srcset":"https:\/\/i0.wp.com\/www.24baires.com\/wp-content\/uploads\/2013\/02\/aula-vac%C3%ADa.jpg?resize=350%2C200 1x, https:\/\/i0.wp.com\/www.24baires.com\/wp-content\/uploads\/2013\/02\/aula-vac%C3%ADa.jpg?resize=525%2C300 1.5x, https:\/\/i0.wp.com\/www.24baires.com\/wp-content\/uploads\/2013\/02\/aula-vac%C3%ADa.jpg?resize=700%2C400 2x"},"classes":[]},{"id":120711,"url":"http:\/\/www.24baires.com\/?p=120711","url_meta":{"origin":70208,"position":4},"title":"El primero de marzo comenzar\u00e1n las clases en la Provincia","author":"GB","date":"30\/11\/2023","format":false,"excerpt":"El gobierno bonaerense ya tiene la fecha para el comienzo de clases en 2024. El jueves habr\u00e1 precisiones sobre las vacaciones de invierno y el cierre de a\u00f1o. La provincia de Buenos Aires ya tiene definida la fecha para la vuelta a clases en 2024 aunque a\u00fan restan detalles del\u2026","rel":"","context":"En \u00abProvincia\u00bb","block_context":{"text":"Provincia","link":"http:\/\/www.24baires.com\/?cat=40"},"img":{"alt_text":"","src":"https:\/\/i0.wp.com\/www.24baires.com\/wp-content\/uploads\/2023\/11\/escuela1.webp?resize=350%2C200","width":350,"height":200,"srcset":"https:\/\/i0.wp.com\/www.24baires.com\/wp-content\/uploads\/2023\/11\/escuela1.webp?resize=350%2C200 1x, https:\/\/i0.wp.com\/www.24baires.com\/wp-content\/uploads\/2023\/11\/escuela1.webp?resize=525%2C300 1.5x, https:\/\/i0.wp.com\/www.24baires.com\/wp-content\/uploads\/2023\/11\/escuela1.webp?resize=700%2C400 2x"},"classes":[]},{"id":119387,"url":"http:\/\/www.24baires.com\/?p=119387","url_meta":{"origin":70208,"position":5},"title":"M\u00e1s de 650 escuelas sumar\u00e1n una hora de clases diaria y 261 tendr\u00e1n jornada completa","author":"AF","date":"26\/09\/2022","format":false,"excerpt":"La nueva disposici\u00f3n se da en el marco de un convenio firmado este lunes entre el gobernador bonaerense, Axel Kicillof, y el ministro de Educaci\u00f3n de la Naci\u00f3n, Jaime Perczyk, de modo que la provincia \"suma 110 mil horas semanales, equivalentes a m\u00e1s de 450 mil horas mensuales en sus\u2026","rel":"","context":"En \u00abProvincia\u00bb","block_context":{"text":"Provincia","link":"http:\/\/www.24baires.com\/?cat=40"},"img":{"alt_text":"","src":"https:\/\/i0.wp.com\/www.24baires.com\/wp-content\/uploads\/2022\/09\/kici.jpg?resize=350%2C200","width":350,"height":200,"srcset":"https:\/\/i0.wp.com\/www.24baires.com\/wp-content\/uploads\/2022\/09\/kici.jpg?resize=350%2C200 1x, https:\/\/i0.wp.com\/www.24baires.com\/wp-content\/uploads\/2022\/09\/kici.jpg?resize=525%2C300 1.5x, https:\/\/i0.wp.com\/www.24baires.com\/wp-content\/uploads\/2022\/09\/kici.jpg?resize=700%2C400 2x"},"classes":[]}],"jetpack_sharing_enabled":true,"jetpack_likes_enabled":true,"jetpack_featured_media_url":"","_links":{"self":[{"href":"http:\/\/www.24baires.com\/index.php?rest_route=\/wp\/v2\/posts\/70208","targetHints":{"allow":["GET"]}}],"collection":[{"href":"http:\/\/www.24baires.com\/index.php?rest_route=\/wp\/v2\/posts"}],"about":[{"href":"http:\/\/www.24baires.com\/index.php?rest_route=\/wp\/v2\/types\/post"}],"author":[{"embeddable":true,"href":"http:\/\/www.24baires.com\/index.php?rest_route=\/wp\/v2\/users\/8"}],"replies":[{"embeddable":true,"href":"http:\/\/www.24baires.com\/index.php?rest_route=%2Fwp%2Fv2%2Fcomments&post=70208"}],"version-history":[{"count":1,"href":"http:\/\/www.24baires.com\/index.php?rest_route=\/wp\/v2\/posts\/70208\/revisions"}],"predecessor-version":[{"id":70209,"href":"http:\/\/www.24baires.com\/index.php?rest_route=\/wp\/v2\/posts\/70208\/revisions\/70209"}],"wp:attachment":[{"href":"http:\/\/www.24baires.com\/index.php?rest_route=%2Fwp%2Fv2%2Fmedia&parent=70208"}],"wp:term":[{"taxonomy":"category","embeddable":true,"href":"http:\/\/www.24baires.com\/index.php?rest_route=%2Fwp%2Fv2%2Fcategories&post=70208"},{"taxonomy":"post_tag","embeddable":true,"href":"http:\/\/www.24baires.com\/index.php?rest_route=%2Fwp%2Fv2%2Ftags&post=70208"}],"curies":[{"name":"wp","href":"https:\/\/api.w.org\/{rel}","templated":true}]}}