{"id":70204,"date":"2015-08-07T20:41:47","date_gmt":"2015-08-07T23:41:47","guid":{"rendered":"http:\/\/www.24baires.com\/?p=70204"},"modified":"2015-08-07T20:41:47","modified_gmt":"2015-08-07T23:41:47","slug":"ex-jefe-del-pami-admitio-a-la-justicia-que-su-gestion-fue-fraudulenta","status":"publish","type":"post","link":"http:\/\/www.24baires.com\/?p=70204","title":{"rendered":"Ex jefe del PAMI, admiti\u00f3 a la Justicia que su gesti\u00f3n fue fraudulenta"},"content":{"rendered":"<p><img data-recalc-dims=\"1\" loading=\"lazy\" decoding=\"async\" class=\"aligncenter size-full wp-image-70205\" src=\"https:\/\/i0.wp.com\/www.24baires.com\/wp-content\/uploads\/2015\/08\/alderete.jpg?resize=560%2C344\" alt=\"alderete\" width=\"560\" height=\"344\" srcset=\"https:\/\/i0.wp.com\/www.24baires.com\/wp-content\/uploads\/2015\/08\/alderete.jpg?w=560 560w, https:\/\/i0.wp.com\/www.24baires.com\/wp-content\/uploads\/2015\/08\/alderete.jpg?resize=300%2C184 300w\" sizes=\"auto, (max-width: 560px) 100vw, 560px\" \/>El ex titular del PAMI reconoci\u00f3 que cometi\u00f3 delitos por administraci\u00f3n fraudulenta y acept\u00f3 cumplir la pena. Otros cinco directivos y dos ex s\u00edndicos acordaron penas de hasta dos a\u00f1os de prisi\u00f3n en suspenso y dos de ellos accedieron a devolver 500 mil pesos.<!--more--><\/p>\n<p>El ex titular del PAMI durante el gobierno menemista, V\u00edctor Alderete, admiti\u00f3 haber cometido delitos durante su gesti\u00f3n al frente del organismo y acord\u00f3 con la Fiscal\u00eda una condena de tres a\u00f1os y seis meses de prisi\u00f3n de cumplimiento efectivo, que por su edad podr\u00e1 ser en su domicilio.<\/p>\n<p>En tanto, otros ex cinco directivos del PAMI y dos ex s\u00edndicos, acordaron penas de hasta dos a\u00f1os de prisi\u00f3n en suspenso y dos de ellos accedieron a devolver 496 mil pesos para fines sociales, seg\u00fan confirmaron fuentes judiciales.<\/p>\n<p>Ahora el Tribunal Oral Federal 6, que integran los jueces Jos\u00e9 Mart\u00ednez Sobrino, Mar\u00eda del Carmen Roqueta y Julio Panelo y que est\u00e1n a cargo del juicio, deber\u00e1n convalidar el acuerdo entre la Fiscal\u00eda y los acusados.<\/p>\n<p>En julio pasado, Alderete y los restantes acusados comenzaron a ser juzgados por pagos irregulares a empresas privadas por servicios que no fueron prestados. Durante el juicio los acusados accedieron a acordar un juicio abreviado, esto es reconocer la culpa y acordar una pena.<\/p>\n<p>As\u00ed, la fiscal general Gabriela Baig\u00fan y la fiscal ad hoc Claudia Rebour le impusieron a Alderete la pena de tres a\u00f1os y medio de prisi\u00f3n e inhabilitaci\u00f3n perpetua para ejercer cargos p\u00fablicos por el delito de administraci\u00f3n fraudulenta en perjuicio de la administraci\u00f3n p\u00fablica.<\/p>\n<p>La pena es de cumplimiento efectivo, pero como Alderete tiene 83 a\u00f1os, puede acceder al beneficio de la prisi\u00f3n domicilio.<\/p>\n<p>En el juicio abreviado tambi\u00e9n fueron condenados a dos a\u00f1os de prisi\u00f3n los ex integrantes del directivo del PAMI Domingo Petrecca, Eduardo Polermann, Mar\u00eda Maina, Santiago Tomaghelli y Dora Terr\u00f3n,<\/p>\n<p>En tanto, ex s\u00edndicos Carlos Mor\u00e1n y Fernando Dapero acordaron una pena de un a\u00f1o y ocho meses de prisi\u00f3n en suspenso y a entregar 496 mil pesos para fines sociales.<\/p>\n<p>Los s\u00edndicos fueron los \u00fanicos que aceptaron devolver dinero , mientras que Alderete y el resto de los acusados se negaron a hacerlo, aunque las fuentes explicaron que la ley no obliga.<\/p>\n<p>No acept\u00f3 el juicio abreviado el ex integrante del directorio del PAMI, Carlos Santander, m\u00e9dico de Menem y candidato a diputado nacional por la provincia de La Rioja.<\/p>\n<p>Otros dos acusados, los empresarios Ricardo Morini y Carlos Azzariti, acordaron una probation, esto es la suspensi\u00f3n del juicio a cambio de tareas comunitarias y entregar una suma de unos 200 mil pesos.<\/p>\n<p>Considerado como uno de los s\u00edmbolos de la corrupci\u00f3n del menemismo, junto a Mar\u00eda Julia Alsogaray, el ex funcionario lleg\u00f3 a afrontar m\u00e1s de 20 causas penales en la Justicia.<\/p>\n<p>&nbsp;<\/p>\n<p>&nbsp;<\/p>\n<p>&nbsp;<\/p>\n<p>&nbsp;<\/p>\n<p>&nbsp;<\/p>\n<p>&nbsp;<\/p>\n<p>&nbsp;<\/p>\n<p>&nbsp;<\/p>\n<p>&nbsp;<\/p>\n<p>&nbsp;<\/p>\n<p>&nbsp;<\/p>\n<p>&nbsp;<\/p>\n<p>&nbsp;<\/p>\n<p>&nbsp;<\/p>\n<p>&nbsp;<\/p>\n<p>&nbsp;<\/p>\n<p>&nbsp;<\/p>\n<p>&nbsp;<\/p>\n","protected":false},"excerpt":{"rendered":"<p>El ex titular del PAMI reconoci\u00f3 que cometi\u00f3 delitos por administraci\u00f3n fraudulenta y acept\u00f3 cumplir la pena. Otros cinco directivos y dos ex s\u00edndicos acordaron penas de hasta dos a\u00f1os de prisi\u00f3n en suspenso y dos de ellos accedieron a devolver 500 mil pesos.<\/p>\n","protected":false},"author":8,"featured_media":0,"comment_status":"open","ping_status":"open","sticky":false,"template":"","format":"standard","meta":{"_jetpack_newsletter_access":"","_jetpack_dont_email_post_to_subs":false,"_jetpack_newsletter_tier_id":0,"_jetpack_memberships_contains_paywalled_content":false,"_jetpack_memberships_contains_paid_content":false,"footnotes":""},"categories":[51],"tags":[],"class_list":["post-70204","post","type-post","status-publish","format-standard","hentry","category-politica"],"jetpack_shortlink":"https:\/\/wp.me\/p2JWE0-igk","jetpack-related-posts":[{"id":99200,"url":"http:\/\/www.24baires.com\/?p=99200","url_meta":{"origin":70204,"position":0},"title":"Imputaron a Graciela Oca\u00f1a por defraudaci\u00f3n al Estado","author":"GB","date":"05\/12\/2017","format":false,"excerpt":"La diputada electa por Cambiemos fue imputada por la fiscal federal Paloma Ochoa debido al perjuicio generado al Estado por el cobro de vacaciones no gozadas cuando fue funcionaria del PAMI en 2007. Cobr\u00f3 m\u00e1s de 50 mil pesos pese a no estar permitido por la ley de Contrato de\u2026","rel":"","context":"En \u00abPol\u00edtica\u00bb","block_context":{"text":"Pol\u00edtica","link":"http:\/\/www.24baires.com\/?cat=51"},"img":{"alt_text":"","src":"https:\/\/i0.wp.com\/www.24baires.com\/wp-content\/uploads\/2017\/12\/graciela-oca%C3%B1a.jpg?resize=350%2C200","width":350,"height":200,"srcset":"https:\/\/i0.wp.com\/www.24baires.com\/wp-content\/uploads\/2017\/12\/graciela-oca%C3%B1a.jpg?resize=350%2C200 1x, https:\/\/i0.wp.com\/www.24baires.com\/wp-content\/uploads\/2017\/12\/graciela-oca%C3%B1a.jpg?resize=525%2C300 1.5x"},"classes":[]},{"id":44395,"url":"http:\/\/www.24baires.com\/?p=44395","url_meta":{"origin":70204,"position":1},"title":"Condenaron a Mar\u00eda Julia Alsogaray a 4 a\u00f1os de prisi\u00f3n por la venta de Entel","author":"GB","date":"21\/04\/2014","format":false,"excerpt":"El Tribunal Oral Federal 6 consider\u00f3 que la ex funcionaria menemista fue responsable de defraudaci\u00f3n durante la privatizaci\u00f3n de la ex empresa de telefon\u00eda estatal en los '90. El 28 de abril se leer\u00e1n los fundamentos. As\u00ed fall\u00f3 este lunes el Tribunal Oral Federal N\u00b0 6 de la Capital, que\u2026","rel":"","context":"En \u00abJUDICIALES\u00bb","block_context":{"text":"JUDICIALES","link":"http:\/\/www.24baires.com\/?cat=68"},"img":{"alt_text":"","src":"https:\/\/i0.wp.com\/www.24baires.com\/wp-content\/uploads\/2014\/04\/ma-julia-alzogaray.jpg?resize=350%2C200","width":350,"height":200,"srcset":"https:\/\/i0.wp.com\/www.24baires.com\/wp-content\/uploads\/2014\/04\/ma-julia-alzogaray.jpg?resize=350%2C200 1x, https:\/\/i0.wp.com\/www.24baires.com\/wp-content\/uploads\/2014\/04\/ma-julia-alzogaray.jpg?resize=525%2C300 1.5x"},"classes":[]},{"id":111234,"url":"http:\/\/www.24baires.com\/?p=111234","url_meta":{"origin":70204,"position":2},"title":"Confirmaron la condena a Boudou: deber\u00e1 cumplir 5 a\u00f1os y 10 meses de prisi\u00f3n","author":"GB","date":"18\/07\/2019","format":false,"excerpt":"El ex funcionario kirchnerista fue condenado como autor de los delitos de cohecho pasivo en concurso ideal con negociaciones incompatibles con la funci\u00f3n p\u00fablica La C\u00e1mara Federal de Casaci\u00f3n Penal confirm\u00f3 la condena a 5 a\u00f1os y 10 meses de prisi\u00f3n para el ex vicepresidente de la naci\u00f3n, Amado Boudou.\u2026","rel":"","context":"En \u00abJUDICIALES\u00bb","block_context":{"text":"JUDICIALES","link":"http:\/\/www.24baires.com\/?cat=68"},"img":{"alt_text":"","src":"https:\/\/i0.wp.com\/www.24baires.com\/wp-content\/uploads\/2017\/11\/detencion-bodou.jpg?resize=350%2C200","width":350,"height":200,"srcset":"https:\/\/i0.wp.com\/www.24baires.com\/wp-content\/uploads\/2017\/11\/detencion-bodou.jpg?resize=350%2C200 1x, https:\/\/i0.wp.com\/www.24baires.com\/wp-content\/uploads\/2017\/11\/detencion-bodou.jpg?resize=525%2C300 1.5x"},"classes":[]},{"id":97748,"url":"http:\/\/www.24baires.com\/?p=97748","url_meta":{"origin":70204,"position":3},"title":"Cristina Kirchner: \u00abEl Estado no tuvo culpa en la tragedia de Once\u00bb","author":"GB","date":"28\/09\/2017","format":false,"excerpt":"Lo ex presidente y candidata a senadora por Unidad Ciudadana apunt\u00f3 contra el maquinista: \"Nunca pudo explicar por qu\u00e9 no accion\u00f3 el freno\" La ex mandataria y candidata a senadora por Unidad Ciudadana, Cristina Kirchner, contin\u00faa hoy con su tour por los medios de comunicaci\u00f3n, con el objetivo de cosechar\u2026","rel":"","context":"En \u00abPol\u00edtica\u00bb","block_context":{"text":"Pol\u00edtica","link":"http:\/\/www.24baires.com\/?cat=51"},"img":{"alt_text":"","src":"https:\/\/i0.wp.com\/www.24baires.com\/wp-content\/uploads\/2017\/09\/cristina-chiche.jpg?resize=350%2C200","width":350,"height":200,"srcset":"https:\/\/i0.wp.com\/www.24baires.com\/wp-content\/uploads\/2017\/09\/cristina-chiche.jpg?resize=350%2C200 1x, https:\/\/i0.wp.com\/www.24baires.com\/wp-content\/uploads\/2017\/09\/cristina-chiche.jpg?resize=525%2C300 1.5x"},"classes":[]},{"id":121683,"url":"http:\/\/www.24baires.com\/?p=121683","url_meta":{"origin":70204,"position":4},"title":"Ex intendente de General Madariaga se declar\u00f3 culpable en una causa por desv\u00edo de fondos","author":"GB","date":"27\/09\/2024","format":false,"excerpt":"Cristian Popovich, quien fuera alcalde del distrito entre 2009 y 2015, admiti\u00f3 su responsabilidad en una causa por desv\u00edo de fondos. La denuncia fue presentada en 2016 por la actual gesti\u00f3n a cargo de Esteban Santoro. El ex intendente de General Madariaga, Cristian Popovich, se declar\u00f3 culpable en una causa\u2026","rel":"","context":"En \u00abMunicipios\u00bb","block_context":{"text":"Municipios","link":"http:\/\/www.24baires.com\/?cat=44"},"img":{"alt_text":"","src":"https:\/\/i0.wp.com\/www.24baires.com\/wp-content\/uploads\/2024\/09\/cristian-popovich.webp?resize=350%2C200","width":350,"height":200,"srcset":"https:\/\/i0.wp.com\/www.24baires.com\/wp-content\/uploads\/2024\/09\/cristian-popovich.webp?resize=350%2C200 1x, https:\/\/i0.wp.com\/www.24baires.com\/wp-content\/uploads\/2024\/09\/cristian-popovich.webp?resize=525%2C300 1.5x, https:\/\/i0.wp.com\/www.24baires.com\/wp-content\/uploads\/2024\/09\/cristian-popovich.webp?resize=700%2C400 2x"},"classes":[]},{"id":55897,"url":"http:\/\/www.24baires.com\/?p=55897","url_meta":{"origin":70204,"position":5},"title":"Ex funcionario menemista ir\u00e1 a juicio por irregularidades en el PAMI","author":"GB","date":"23\/10\/2014","format":false,"excerpt":"A m\u00e1s de 16 a\u00f1os de su gesti\u00f3n al frente del PAMI, el ex funcionario menemista V\u00edctor Alderete y otros acusados ir\u00e1n a juicio oral por irregularidades en la obra social de los jubilados. El ex presidente del PAMI durante el segundo gobierno de Carlos Menem comenzar\u00e1 a ser juzgado\u2026","rel":"","context":"En \u00abJUDICIALES\u00bb","block_context":{"text":"JUDICIALES","link":"http:\/\/www.24baires.com\/?cat=68"},"img":{"alt_text":"","src":"https:\/\/i0.wp.com\/www.24baires.com\/wp-content\/uploads\/2014\/10\/funcionario-de-menem.jpg?resize=350%2C200","width":350,"height":200,"srcset":"https:\/\/i0.wp.com\/www.24baires.com\/wp-content\/uploads\/2014\/10\/funcionario-de-menem.jpg?resize=350%2C200 1x, https:\/\/i0.wp.com\/www.24baires.com\/wp-content\/uploads\/2014\/10\/funcionario-de-menem.jpg?resize=525%2C300 1.5x"},"classes":[]}],"jetpack_sharing_enabled":true,"jetpack_likes_enabled":true,"jetpack_featured_media_url":"","_links":{"self":[{"href":"http:\/\/www.24baires.com\/index.php?rest_route=\/wp\/v2\/posts\/70204","targetHints":{"allow":["GET"]}}],"collection":[{"href":"http:\/\/www.24baires.com\/index.php?rest_route=\/wp\/v2\/posts"}],"about":[{"href":"http:\/\/www.24baires.com\/index.php?rest_route=\/wp\/v2\/types\/post"}],"author":[{"embeddable":true,"href":"http:\/\/www.24baires.com\/index.php?rest_route=\/wp\/v2\/users\/8"}],"replies":[{"embeddable":true,"href":"http:\/\/www.24baires.com\/index.php?rest_route=%2Fwp%2Fv2%2Fcomments&post=70204"}],"version-history":[{"count":1,"href":"http:\/\/www.24baires.com\/index.php?rest_route=\/wp\/v2\/posts\/70204\/revisions"}],"predecessor-version":[{"id":70206,"href":"http:\/\/www.24baires.com\/index.php?rest_route=\/wp\/v2\/posts\/70204\/revisions\/70206"}],"wp:attachment":[{"href":"http:\/\/www.24baires.com\/index.php?rest_route=%2Fwp%2Fv2%2Fmedia&parent=70204"}],"wp:term":[{"taxonomy":"category","embeddable":true,"href":"http:\/\/www.24baires.com\/index.php?rest_route=%2Fwp%2Fv2%2Fcategories&post=70204"},{"taxonomy":"post_tag","embeddable":true,"href":"http:\/\/www.24baires.com\/index.php?rest_route=%2Fwp%2Fv2%2Ftags&post=70204"}],"curies":[{"name":"wp","href":"https:\/\/api.w.org\/{rel}","templated":true}]}}