{"id":69986,"date":"2015-08-04T11:30:22","date_gmt":"2015-08-04T14:30:22","guid":{"rendered":"http:\/\/www.24baires.com\/?p=69986"},"modified":"2015-08-04T11:37:42","modified_gmt":"2015-08-04T14:37:42","slug":"carrio-admitio-que-la-entrevista-a-salerno-se-hizo-en-su-casa","status":"publish","type":"post","link":"http:\/\/www.24baires.com\/?p=69986","title":{"rendered":"Carri\u00f3 admiti\u00f3 que la entrevista a Salerno se hizo en su casa"},"content":{"rendered":"<p><img data-recalc-dims=\"1\" loading=\"lazy\" decoding=\"async\" class=\"aligncenter size-full wp-image-2388\" src=\"https:\/\/i0.wp.com\/www.24baires.com\/wp-content\/uploads\/2012\/10\/carrio.jpg?resize=560%2C248\" alt=\"carrio\" width=\"560\" height=\"248\" srcset=\"https:\/\/i0.wp.com\/www.24baires.com\/wp-content\/uploads\/2012\/10\/carrio.jpg?w=560 560w, https:\/\/i0.wp.com\/www.24baires.com\/wp-content\/uploads\/2012\/10\/carrio.jpg?resize=300%2C132 300w\" sizes=\"auto, (max-width: 560px) 100vw, 560px\" \/>La precandidata presidencial de la Coalici\u00f3n C\u00edvica en el frente Cambiemos, Elisa Carri\u00f3, admiti\u00f3 que la entrevista que realiz\u00f3 el programa \u00abPeriodismo para Todos\u00bb a Jos\u00e9 Luis Salerno, quien vincul\u00f3 al jefe de Gabinete, An\u00edbal Fern\u00e1ndez, con el triple crimen de General Rodr\u00edguez, se hizo en su casa y ante un escribano.<!--more--><\/p>\n<p>\u00abHace dos o tres semanas los periodistas (Nicol\u00e1s) Wi\u00f1azki y (Rodrigo) Alegre van a casa y lo llevan a ese se\u00f1or Salerno. Yo como autoridad federal, les digo que voy a hacer un acta. Entonces se graba la conversaci\u00f3n en mi casa, y yo dejo constancia con escribano\u00bb, explic\u00f3.<\/p>\n<p>En declaraciones al canal TN efectuadas anoche, la diputada nacional dijo adem\u00e1s que se neg\u00f3 a hablar con el detenido Mart\u00edn Lanatta en la c\u00e1rcel, y que no sab\u00eda que finalmente el periodista Jorge Lanata hab\u00eda realizado la entrevista.<\/p>\n<p>\u00abLo que no sab\u00eda era que Jorge Lanata hab\u00eda ido a la c\u00e1rcel y hab\u00eda hablado con Mart\u00edn Lanatta. Fui a la primera que me insisten, y les dije que hablen ante el fiscal (Gerardo) Pollicita o ante el juez (Ariel) Lijo\u00bb, afirm\u00f3.<\/p>\n<p>Carri\u00f3 advirti\u00f3 adem\u00e1s que las entrevistas \u00abfueron hace varios d\u00edas\u00bb, y neg\u00f3 que hayan estados vinculados Juli\u00e1n Dom\u00ednguez y Fernando Espinoza, rivales de Fern\u00e1ndez en la interna del Frente para la Victoria en la provincia de Buenos Aires, tal como apunt\u00f3 ayer el jefe de Gabinete.<\/p>\n<p>&nbsp;<\/p>\n<p>&nbsp;<\/p>\n<p>&nbsp;<\/p>\n<p>&nbsp;<\/p>\n<p>&nbsp;<\/p>\n<p>&nbsp;<\/p>\n<p>&nbsp;<\/p>\n<p>&nbsp;<\/p>\n<p>&nbsp;<\/p>\n<p>&nbsp;<\/p>\n<p>&nbsp;<\/p>\n<p>&nbsp;<\/p>\n<p>&nbsp;<\/p>\n<p>&nbsp;<\/p>\n<p>&nbsp;<\/p>\n","protected":false},"excerpt":{"rendered":"<p>La precandidata presidencial de la Coalici\u00f3n C\u00edvica en el frente Cambiemos, Elisa Carri\u00f3, admiti\u00f3 que la entrevista que realiz\u00f3 el programa \u00abPeriodismo para Todos\u00bb a Jos\u00e9 Luis Salerno, quien vincul\u00f3 al jefe de Gabinete, An\u00edbal Fern\u00e1ndez, con el triple crimen de General Rodr\u00edguez, se hizo en su casa y ante un escribano.<\/p>\n","protected":false},"author":4,"featured_media":0,"comment_status":"open","ping_status":"open","sticky":false,"template":"","format":"standard","meta":{"_jetpack_newsletter_access":"","_jetpack_dont_email_post_to_subs":false,"_jetpack_newsletter_tier_id":0,"_jetpack_memberships_contains_paywalled_content":false,"_jetpack_memberships_contains_paid_content":false,"footnotes":""},"categories":[51],"tags":[],"class_list":["post-69986","post","type-post","status-publish","format-standard","hentry","category-politica"],"jetpack_shortlink":"https:\/\/wp.me\/p2JWE0-icO","jetpack-related-posts":[{"id":69978,"url":"http:\/\/www.24baires.com\/?p=69978","url_meta":{"origin":69986,"position":0},"title":"An\u00edbal denunciar\u00e1 a Carri\u00f3 por el informe del programa de Lanata","author":"AF","date":"04\/08\/2015","format":false,"excerpt":"El jefe de Gabinete anunci\u00f3 que va a \"ampliar\" la denuncia presentada ayer por extorsi\u00f3n tras la difusi\u00f3n en Canal 13 de un informe period\u00edstico que lo vincul\u00f3 con el triple crimen de General Rodr\u00edguez y el tr\u00e1fico de efedrina, y mostr\u00f3 fotos que revelan que uno de los denunciantes\u2026","rel":"","context":"En \u00abJUDICIALES\u00bb","block_context":{"text":"JUDICIALES","link":"http:\/\/www.24baires.com\/?cat=68"},"img":{"alt_text":"anibal","src":"https:\/\/i0.wp.com\/www.24baires.com\/wp-content\/uploads\/2015\/01\/anibal.jpg?resize=350%2C200","width":350,"height":200,"srcset":"https:\/\/i0.wp.com\/www.24baires.com\/wp-content\/uploads\/2015\/01\/anibal.jpg?resize=350%2C200 1x, https:\/\/i0.wp.com\/www.24baires.com\/wp-content\/uploads\/2015\/01\/anibal.jpg?resize=525%2C300 1.5x"},"classes":[]},{"id":12765,"url":"http:\/\/www.24baires.com\/?p=12765","url_meta":{"origin":69986,"position":1},"title":"\u00abLos disparos a Joaqu\u00edn habr\u00edan sido en represalia por un denuncia de robo hecha por su familia\u00bb","author":"AF","date":"19\/01\/2013","format":false,"excerpt":"OLAVARR\u00cdA - Lo dijo Pablo Salerno, abogado del particular damnificado en la causa por el joven asesinado el pasado domingo de un disparo en la nuca. Adem\u00e1s brind\u00f3 detalles de c\u00f3mo ocurri\u00f3 el episodio y coment\u00f3 que \u201cse maneja la hip\u00f3tesis de que un mayor intervino en el hecho\u201d. Pablo\u2026","rel":"","context":"En \u00abPoliciales\u00bb","block_context":{"text":"Policiales","link":"http:\/\/www.24baires.com\/?cat=49"},"img":{"alt_text":"","src":"","width":0,"height":0},"classes":[]},{"id":70143,"url":"http:\/\/www.24baires.com\/?p=70143","url_meta":{"origin":69986,"position":2},"title":"Operaciones y subestimaci\u00f3n","author":"GB","date":"06\/08\/2015","format":false,"excerpt":"Las Primarias Abiertas Simult\u00e1neas y Obligatorias transcurrir\u00e1n sin sobresaltos, o, cuanto menos, como muchos menos altibajos que las \u00faltimas horas de campa\u00f1a antes de la veda electoral que comenzar\u00e1 a regir a las ocho de la ma\u00f1ana del viernes. Estamos viviendo una semana muy dura, donde la suciedad que algunos\u2026","rel":"","context":"En \u00abOpini\u00f3n\u00bb","block_context":{"text":"Opini\u00f3n","link":"http:\/\/www.24baires.com\/?cat=64"},"img":{"alt_text":"an\u00edbal cierre","src":"https:\/\/i0.wp.com\/www.24baires.com\/wp-content\/uploads\/2015\/08\/an%C3%ADbal-cierre.jpg?resize=350%2C200","width":350,"height":200,"srcset":"https:\/\/i0.wp.com\/www.24baires.com\/wp-content\/uploads\/2015\/08\/an%C3%ADbal-cierre.jpg?resize=350%2C200 1x, https:\/\/i0.wp.com\/www.24baires.com\/wp-content\/uploads\/2015\/08\/an%C3%ADbal-cierre.jpg?resize=525%2C300 1.5x"},"classes":[]},{"id":11628,"url":"http:\/\/www.24baires.com\/?p=11628","url_meta":{"origin":69986,"position":3},"title":"Ya est\u00e1 todo listo para recibir a la Fragata Libertad","author":"AF","date":"09\/01\/2013","format":false,"excerpt":"Con sol a pleno y un mar que se presenta como un espejo de agua, la ciudad ya est\u00e1 lista para la gran recepci\u00f3n de la Fragata Libertad, que est\u00e1 aguardando anclada a 9 kil\u00f3metros de la costa. Desde Prefectura y el Consorcio Portuario Regional manifestaron que el puerto de\u2026","rel":"","context":"En \u00abSociedad\u00bb","block_context":{"text":"Sociedad","link":"http:\/\/www.24baires.com\/?cat=1"},"img":{"alt_text":"fragata-libertad_4","src":"https:\/\/i0.wp.com\/www.24baires.com\/wp-content\/uploads\/2012\/12\/fragata-libertad_4.jpg?resize=350%2C200","width":350,"height":200,"srcset":"https:\/\/i0.wp.com\/www.24baires.com\/wp-content\/uploads\/2012\/12\/fragata-libertad_4.jpg?resize=350%2C200 1x, https:\/\/i0.wp.com\/www.24baires.com\/wp-content\/uploads\/2012\/12\/fragata-libertad_4.jpg?resize=525%2C300 1.5x"},"classes":[]},{"id":6185,"url":"http:\/\/www.24baires.com\/?p=6185","url_meta":{"origin":69986,"position":4},"title":"Descubrieron la estatua de Guillermo Vilas en el Club N\u00e1utico Mar del Plata","author":"Grupo Sierra","date":"20\/11\/2012","format":false,"excerpt":"El mejor tenista argentino de todos los tiempos fue reconocido este martes por la tarde en la instituci\u00f3n marplatense, a 35 a\u00f1os de su primer t\u00edtulo de Grand Slam. Familiares, amigos, autoridades municipales y del propio club, encabezados por la presidenta Susana Salerno, formaron parte del acto. \u00a0 Guillermo Vilas\u2026","rel":"","context":"En \u00abDeportes\u00bb","block_context":{"text":"Deportes","link":"http:\/\/www.24baires.com\/?cat=12"},"img":{"alt_text":"","src":"https:\/\/i0.wp.com\/www.24baires.com\/wp-content\/uploads\/2012\/11\/Estatua-Vilas5.jpg?resize=350%2C200","width":350,"height":200,"srcset":"https:\/\/i0.wp.com\/www.24baires.com\/wp-content\/uploads\/2012\/11\/Estatua-Vilas5.jpg?resize=350%2C200 1x, https:\/\/i0.wp.com\/www.24baires.com\/wp-content\/uploads\/2012\/11\/Estatua-Vilas5.jpg?resize=525%2C300 1.5x"},"classes":[]},{"id":96102,"url":"http:\/\/www.24baires.com\/?p=96102","url_meta":{"origin":69986,"position":5},"title":"Es la patente de un funcionario de Grindetti la que aparece en el video del &#8216;Polaquito&#8217;","author":"Grupo Sierra","date":"23\/07\/2017","format":false,"excerpt":"Tal como sostuvo la organizaci\u00f3n que denunci\u00f3 al programa que realiz\u00f3 la entrevista con el ni\u00f1o, ahora se descubri\u00f3 que la patente que aparece en el video del informe pertenece al sub secretario de seguridad del Intendente N\u00e9stor Grindetti de\u00a0Lan\u00fas, vinculado al narcotr\u00e1fico por la propia Elisa Carri\u00f3. Creen que\u2026","rel":"","context":"En \u00abMedios\u00bb","block_context":{"text":"Medios","link":"http:\/\/www.24baires.com\/?cat=54"},"img":{"alt_text":"","src":"https:\/\/i0.wp.com\/images.pagina12.com.ar\/styles\/width470\/public\/2017-07\/na03fo01_21.jpg?resize=350%2C200&ssl=1","width":350,"height":200,"srcset":"https:\/\/i0.wp.com\/images.pagina12.com.ar\/styles\/width470\/public\/2017-07\/na03fo01_21.jpg?resize=350%2C200&ssl=1 1x, https:\/\/i0.wp.com\/images.pagina12.com.ar\/styles\/width470\/public\/2017-07\/na03fo01_21.jpg?resize=525%2C300&ssl=1 1.5x"},"classes":[]}],"jetpack_sharing_enabled":true,"jetpack_likes_enabled":true,"jetpack_featured_media_url":"","_links":{"self":[{"href":"http:\/\/www.24baires.com\/index.php?rest_route=\/wp\/v2\/posts\/69986","targetHints":{"allow":["GET"]}}],"collection":[{"href":"http:\/\/www.24baires.com\/index.php?rest_route=\/wp\/v2\/posts"}],"about":[{"href":"http:\/\/www.24baires.com\/index.php?rest_route=\/wp\/v2\/types\/post"}],"author":[{"embeddable":true,"href":"http:\/\/www.24baires.com\/index.php?rest_route=\/wp\/v2\/users\/4"}],"replies":[{"embeddable":true,"href":"http:\/\/www.24baires.com\/index.php?rest_route=%2Fwp%2Fv2%2Fcomments&post=69986"}],"version-history":[{"count":1,"href":"http:\/\/www.24baires.com\/index.php?rest_route=\/wp\/v2\/posts\/69986\/revisions"}],"predecessor-version":[{"id":69987,"href":"http:\/\/www.24baires.com\/index.php?rest_route=\/wp\/v2\/posts\/69986\/revisions\/69987"}],"wp:attachment":[{"href":"http:\/\/www.24baires.com\/index.php?rest_route=%2Fwp%2Fv2%2Fmedia&parent=69986"}],"wp:term":[{"taxonomy":"category","embeddable":true,"href":"http:\/\/www.24baires.com\/index.php?rest_route=%2Fwp%2Fv2%2Fcategories&post=69986"},{"taxonomy":"post_tag","embeddable":true,"href":"http:\/\/www.24baires.com\/index.php?rest_route=%2Fwp%2Fv2%2Ftags&post=69986"}],"curies":[{"name":"wp","href":"https:\/\/api.w.org\/{rel}","templated":true}]}}