{"id":69962,"date":"2015-08-03T19:00:56","date_gmt":"2015-08-03T22:00:56","guid":{"rendered":"http:\/\/www.24baires.com\/?p=69962"},"modified":"2015-08-03T19:11:59","modified_gmt":"2015-08-03T22:11:59","slug":"wado-de-pedro-no-hay-mentira-de-clarin-que-detenga-este-proyecto","status":"publish","type":"post","link":"http:\/\/www.24baires.com\/?p=69962","title":{"rendered":"Wado de Pedro: \u00abNo hay mentira de Clar\u00edn que detenga este proyecto\u00bb"},"content":{"rendered":"<p><img data-recalc-dims=\"1\" loading=\"lazy\" decoding=\"async\" class=\"aligncenter size-full wp-image-45175\" src=\"https:\/\/i0.wp.com\/www.24baires.com\/wp-content\/uploads\/2014\/05\/wado-de-pedro.jpg?resize=560%2C349\" alt=\"wado de pedro\" width=\"560\" height=\"349\" srcset=\"https:\/\/i0.wp.com\/www.24baires.com\/wp-content\/uploads\/2014\/05\/wado-de-pedro.jpg?w=560 560w, https:\/\/i0.wp.com\/www.24baires.com\/wp-content\/uploads\/2014\/05\/wado-de-pedro.jpg?resize=300%2C186 300w\" sizes=\"auto, (max-width: 560px) 100vw, 560px\" \/>El secretario general de la Presidencia, Eduardo de Pedro, expres\u00f3 su solidaridad con An\u00edbal Fern\u00e1ndez tras el informe del programa Periodismo para Todos.<!--more--><\/p>\n<p>El secretario general de la Presidencia, Eduardo &#8216;Wado&#8217; de Pedro, expres\u00f3 su solidaridad con el jefe de Gabinete, An\u00edbal Fern\u00e1ndez, a trav\u00e9s de la red social Twitter.<br \/>\nAyer, Mart\u00edn Lanatta, condenado a prisi\u00f3n perpetua por el triple crimen de tres empresarios vinculados al tr\u00e1fico de efedrina, implic\u00f3 a An\u00edbal Fern\u00e1ndez con ese hecho ocurrido en 2008.<\/p>\n<p>En una emisi\u00f3n del Programa Periodismo para Todos que se emite por Canal 13, el condenado asegur\u00f3 que el actual precandidato a la gobernaci\u00f3n bonaerense fue \u201cel autor intelectual\u00bb de esos asesinatos.<\/p>\n","protected":false},"excerpt":{"rendered":"<p>El secretario general de la Presidencia, Eduardo de Pedro, expres\u00f3 su solidaridad con An\u00edbal Fern\u00e1ndez tras el informe del programa Periodismo para Todos.<\/p>\n","protected":false},"author":4,"featured_media":0,"comment_status":"open","ping_status":"open","sticky":false,"template":"","format":"standard","meta":{"_jetpack_newsletter_access":"","_jetpack_dont_email_post_to_subs":false,"_jetpack_newsletter_tier_id":0,"_jetpack_memberships_contains_paywalled_content":false,"_jetpack_memberships_contains_paid_content":false,"footnotes":""},"categories":[51],"tags":[],"class_list":["post-69962","post","type-post","status-publish","format-standard","hentry","category-politica"],"jetpack_shortlink":"https:\/\/wp.me\/p2JWE0-icq","jetpack-related-posts":[{"id":62355,"url":"http:\/\/www.24baires.com\/?p=62355","url_meta":{"origin":69962,"position":0},"title":"Cristina tom\u00f3 juramento a los nuevos funcionarios","author":"Grupo Sierra","date":"26\/02\/2015","format":false,"excerpt":"La Presidenta tom\u00f3 juramento a An\u00edbal Fern\u00e1ndez como jefe de Gabinete, a Daniel Goll\u00e1n como ministro de Salud y a Eduardo \"Wado\" de Pedro como Secretario General de la Presidencia. La presidenta Cristina Fern\u00e1ndez de Kirchner tom\u00f3 esta tarde en Casa de Gobierno juramento a los nuevos funcionarios de su\u2026","rel":"","context":"En \u00abPol\u00edtica\u00bb","block_context":{"text":"Pol\u00edtica","link":"http:\/\/www.24baires.com\/?cat=51"},"img":{"alt_text":"","src":"https:\/\/i0.wp.com\/www.24baires.com\/wp-content\/uploads\/2015\/02\/cristina-anibal.jpg?resize=350%2C200","width":350,"height":200,"srcset":"https:\/\/i0.wp.com\/www.24baires.com\/wp-content\/uploads\/2015\/02\/cristina-anibal.jpg?resize=350%2C200 1x, https:\/\/i0.wp.com\/www.24baires.com\/wp-content\/uploads\/2015\/02\/cristina-anibal.jpg?resize=525%2C300 1.5x"},"classes":[]},{"id":62324,"url":"http:\/\/www.24baires.com\/?p=62324","url_meta":{"origin":69962,"position":1},"title":"An\u00edbal Fern\u00e1ndez reemplazar\u00e1 a Capitanich como jefe de Gabinete","author":"GB","date":"26\/02\/2015","format":false,"excerpt":"Reemplazar\u00e1 a Jorge Capitanich, anunci\u00f3 este mediod\u00eda en Casa de Gobierno el Secretario de Comunicaci\u00f3n P\u00fablica, Alfredo Scoccimarro. \"Wado\" de Pedro ser\u00e1 secretario general de la Presidencia y Daniel Goll\u00e1n, ministro de Salud. El vocero inform\u00f3 que la presidenta Cristina Fern\u00e1ndez de Kirchner decidi\u00f3 que la jefatura de Gabinete sea\u2026","rel":"","context":"En \u00abPol\u00edtica\u00bb","block_context":{"text":"Pol\u00edtica","link":"http:\/\/www.24baires.com\/?cat=51"},"img":{"alt_text":"fern\u00e1ndez an\u00edbal2","src":"https:\/\/i0.wp.com\/www.24baires.com\/wp-content\/uploads\/2012\/11\/fern%C3%A1ndez-an%C3%ADbal2.jpg?resize=350%2C200","width":350,"height":200,"srcset":"https:\/\/i0.wp.com\/www.24baires.com\/wp-content\/uploads\/2012\/11\/fern%C3%A1ndez-an%C3%ADbal2.jpg?resize=350%2C200 1x, https:\/\/i0.wp.com\/www.24baires.com\/wp-content\/uploads\/2012\/11\/fern%C3%A1ndez-an%C3%ADbal2.jpg?resize=525%2C300 1.5x"},"classes":[]},{"id":118006,"url":"http:\/\/www.24baires.com\/?p=118006","url_meta":{"origin":69962,"position":2},"title":"Recambio de ministros: Manzur, Jefe de Gabinete y An\u00edbal Fern\u00e1ndez a Seguridad","author":"GB","date":"18\/09\/2021","format":false,"excerpt":"Wado De Pedro seguir\u00e1 en su lugar, pero se ir\u00e1n Felipe Sol\u00e1, Roberto Salvarezza y Sabina Frederic. Juan Manzur reemplaza a Cafiero que ser\u00e1 Canciller El gobierno nacional confirm\u00f3 los cambios en el gabinete de ministros y prepara un relanzamiento de la gesti\u00f3n a partir del pr\u00f3ximo lunes, con el\u2026","rel":"","context":"En \u00abPol\u00edtica\u00bb","block_context":{"text":"Pol\u00edtica","link":"http:\/\/www.24baires.com\/?cat=51"},"img":{"alt_text":"","src":"https:\/\/i0.wp.com\/www.24baires.com\/wp-content\/uploads\/2021\/09\/Zxa4bz6uJ_1256x620__1-1024x505.jpg?resize=350%2C200","width":350,"height":200,"srcset":"https:\/\/i0.wp.com\/www.24baires.com\/wp-content\/uploads\/2021\/09\/Zxa4bz6uJ_1256x620__1-1024x505.jpg?resize=350%2C200 1x, https:\/\/i0.wp.com\/www.24baires.com\/wp-content\/uploads\/2021\/09\/Zxa4bz6uJ_1256x620__1-1024x505.jpg?resize=525%2C300 1.5x"},"classes":[]},{"id":66564,"url":"http:\/\/www.24baires.com\/?p=66564","url_meta":{"origin":69962,"position":3},"title":"Otro intendente dej\u00f3 el massismo, esta vez el jefe comunal de Pilar","author":"GB","date":"26\/05\/2015","format":false,"excerpt":"El jefe comunal de Pilar, Humberto Z\u00faccaro, se reuni\u00f3 en la Casa de Gobierno con An\u00edbal Fern\u00e1ndez y \"Wado\" de Pedro para confirmar su regreso a las filas del kirchnerismo. El intendente de Pilar, Humberto Z\u00faccaro, se reuni\u00f3 en la Casa de Gobierno con el jefe de Gabinete, An\u00edbal Fern\u00e1ndez,\u2026","rel":"","context":"En \u00abElecciones 2015\u00bb","block_context":{"text":"Elecciones 2015","link":"http:\/\/www.24baires.com\/?cat=74"},"img":{"alt_text":"","src":"https:\/\/i0.wp.com\/www.24baires.com\/wp-content\/uploads\/2015\/05\/intend-pilar.jpg?resize=350%2C200","width":350,"height":200,"srcset":"https:\/\/i0.wp.com\/www.24baires.com\/wp-content\/uploads\/2015\/05\/intend-pilar.jpg?resize=350%2C200 1x, https:\/\/i0.wp.com\/www.24baires.com\/wp-content\/uploads\/2015\/05\/intend-pilar.jpg?resize=525%2C300 1.5x"},"classes":[]},{"id":70939,"url":"http:\/\/www.24baires.com\/?p=70939","url_meta":{"origin":69962,"position":4},"title":"\u201cQue nunca m\u00e1s la variable de ajuste tengan que ser los trabajadores\u201d","author":"AF","date":"21\/08\/2015","format":false,"excerpt":"El gobernador bonaerense y candidato presidencial por el Frente para la Victoria, Daniel Scioli, llam\u00f3 hoy al ejercicio de la \u201cresponsabilidad social\" al postular que \u201cnunca m\u00e1s las variables de ajuste tengan que ser los trabajadores\u201d. \u201cMiren al futuro con mucha esperanza, que todo este esfuerzo que estamos haciendo todos\u2026","rel":"","context":"En \u00abSociedad\u00bb","block_context":{"text":"Sociedad","link":"http:\/\/www.24baires.com\/?cat=1"},"img":{"alt_text":"scioli","src":"https:\/\/i0.wp.com\/www.24baires.com\/wp-content\/uploads\/2015\/07\/scioli1.jpg?resize=350%2C200","width":350,"height":200,"srcset":"https:\/\/i0.wp.com\/www.24baires.com\/wp-content\/uploads\/2015\/07\/scioli1.jpg?resize=350%2C200 1x, https:\/\/i0.wp.com\/www.24baires.com\/wp-content\/uploads\/2015\/07\/scioli1.jpg?resize=525%2C300 1.5x"},"classes":[]},{"id":70751,"url":"http:\/\/www.24baires.com\/?p=70751","url_meta":{"origin":69962,"position":5},"title":"Scioli inst\u00f3 a la polic\u00eda a \u00abhacer lo mejor posible su trabajo\u00bb","author":"AF","date":"18\/08\/2015","format":false,"excerpt":"El candidato presidencial del Frente para la Victoria, Daniel Scioli, inst\u00f3 a una nueva camada de polic\u00edas egresados a \"hacer lo mejor posible su trabajo para cumplir con las expectativas de la sociedad\", al encabezar un acto en Malvinas Argentinas junto a su compa\u00f1ero de f\u00f3rmula, Carlos Zannini, y el\u2026","rel":"","context":"En \u00abPol\u00edtica\u00bb","block_context":{"text":"Pol\u00edtica","link":"http:\/\/www.24baires.com\/?cat=51"},"img":{"alt_text":"scioli cierre campa\u00f1a","src":"https:\/\/i0.wp.com\/www.24baires.com\/wp-content\/uploads\/2015\/08\/scioli-cierre-campa%C3%B1a.jpg?resize=350%2C200","width":350,"height":200,"srcset":"https:\/\/i0.wp.com\/www.24baires.com\/wp-content\/uploads\/2015\/08\/scioli-cierre-campa%C3%B1a.jpg?resize=350%2C200 1x, https:\/\/i0.wp.com\/www.24baires.com\/wp-content\/uploads\/2015\/08\/scioli-cierre-campa%C3%B1a.jpg?resize=525%2C300 1.5x"},"classes":[]}],"jetpack_sharing_enabled":true,"jetpack_likes_enabled":true,"jetpack_featured_media_url":"","_links":{"self":[{"href":"http:\/\/www.24baires.com\/index.php?rest_route=\/wp\/v2\/posts\/69962","targetHints":{"allow":["GET"]}}],"collection":[{"href":"http:\/\/www.24baires.com\/index.php?rest_route=\/wp\/v2\/posts"}],"about":[{"href":"http:\/\/www.24baires.com\/index.php?rest_route=\/wp\/v2\/types\/post"}],"author":[{"embeddable":true,"href":"http:\/\/www.24baires.com\/index.php?rest_route=\/wp\/v2\/users\/4"}],"replies":[{"embeddable":true,"href":"http:\/\/www.24baires.com\/index.php?rest_route=%2Fwp%2Fv2%2Fcomments&post=69962"}],"version-history":[{"count":1,"href":"http:\/\/www.24baires.com\/index.php?rest_route=\/wp\/v2\/posts\/69962\/revisions"}],"predecessor-version":[{"id":69963,"href":"http:\/\/www.24baires.com\/index.php?rest_route=\/wp\/v2\/posts\/69962\/revisions\/69963"}],"wp:attachment":[{"href":"http:\/\/www.24baires.com\/index.php?rest_route=%2Fwp%2Fv2%2Fmedia&parent=69962"}],"wp:term":[{"taxonomy":"category","embeddable":true,"href":"http:\/\/www.24baires.com\/index.php?rest_route=%2Fwp%2Fv2%2Fcategories&post=69962"},{"taxonomy":"post_tag","embeddable":true,"href":"http:\/\/www.24baires.com\/index.php?rest_route=%2Fwp%2Fv2%2Ftags&post=69962"}],"curies":[{"name":"wp","href":"https:\/\/api.w.org\/{rel}","templated":true}]}}