{"id":69949,"date":"2015-08-03T15:00:41","date_gmt":"2015-08-03T18:00:41","guid":{"rendered":"http:\/\/www.24baires.com\/?p=69949"},"modified":"2015-08-04T10:51:12","modified_gmt":"2015-08-04T13:51:12","slug":"scioli-si-piden-devaluacion-para-ser-mas-competitivos-estamos-jodidos","status":"publish","type":"post","link":"http:\/\/www.24baires.com\/?p=69949","title":{"rendered":"Scioli: \u00abSi piden devaluaci\u00f3n para ser m\u00e1s competitivos, estamos jodidos\u00bb"},"content":{"rendered":"<p><img data-recalc-dims=\"1\" loading=\"lazy\" decoding=\"async\" class=\"aligncenter  wp-image-68427\" src=\"https:\/\/i0.wp.com\/www.24baires.com\/wp-content\/uploads\/2015\/07\/scioli.jpg?resize=560%2C314\" alt=\"scioli\" width=\"560\" height=\"314\" srcset=\"https:\/\/i0.wp.com\/www.24baires.com\/wp-content\/uploads\/2015\/07\/scioli.jpg?w=510 510w, https:\/\/i0.wp.com\/www.24baires.com\/wp-content\/uploads\/2015\/07\/scioli.jpg?resize=300%2C168 300w\" sizes=\"auto, (max-width: 560px) 100vw, 560px\" \/>El precandidato presidencial por el FpV y gobernador de Buenos Aires, Daniel Scioli, subray\u00f3 en la ciudad de C\u00f3rdoba que \u201ces ajuste para los trabajadores, es pan para hoy y hambre para ma\u00f1ana\u201d.<!--more--><\/p>\n<p>Scioli consider\u00f3 que \u201csi los empresarios piden la devaluaci\u00f3n para ser m\u00e1s competitivos estamos jodidos\u201d.<\/p>\n<p>Los resultados de recurrir a la devaluaci\u00f3n \u201cya lo vivimos en el pasado, es ajuste para los trabajadores, es pan para hoy y hambre para ma\u00f1ana\u201d, manifest\u00f3 Scioli.<\/p>\n<p>En ese sentido, a\u00f1adi\u00f3 que la \u201cArgentina no necesita de un cambio dr\u00e1stico como la devaluaci\u00f3n, lo que hay que buscar es la competitividad por el lado de los incentivos fiscales, de los costos de log\u00edsticas, los financieros y de los recursos humanos\u201d.<\/p>\n<p>El precandidato presidencial arrib\u00f3 esta ma\u00f1ana a la ciudad de C\u00f3rdoba para mantener una agenda de campa\u00f1a y, en declaraciones formuladas a la emisora local LV3, dijo que hay que \u201cir avanzando sobre algunos temas sin afectar los cimientos fundamentales del progreso del pa\u00eds\u201d.<\/p>\n<p>\u00abArgentina viene con constantes cambios desde el 2003, como el desendeudamiento, la reestatizaci\u00f3n, la inclusi\u00f3n social, el empleo y lo que nosotros vamos a hacer es ir mejorando, es decir no tirar los esfuerzos logrados porque Argentina no necesita de esa marcha atr\u00e1s. La gente quiere tranquilidad no sobresaltos\u201d, resalt\u00f3.<\/p>\n<p>Agreg\u00f3 que \u201csiempre tuve una vocaci\u00f3n desarrollista pero no tirando todo por la borda. Lo que vamos a hacer es poner todo el esfuerzo en una agenda del desarrollo, llegando con el federalismo al coraz\u00f3n de los pueblos, al coraz\u00f3n de las familias, priorizando los gobiernos locales\u201d.<\/p>\n<p>Dijo tambi\u00e9n que en su proyecto de gesti\u00f3n tiene previsto promover la implementaci\u00f3n de los polic\u00edas locales \u00aba cargo de efectivos que cuiden en los mismos barrios que viven\u00bb porque \u00abes la forma de avanzar sobre los delitos\u201d, explic\u00f3.<\/p>\n<p>Tambi\u00e9n se manifest\u00f3 por la continuidad del F\u00fatbol para Todos por el \u201cgran impacto social y en los valores del deporte\u201d, por lo tanto consider\u00f3 que \u201chay que consolidarlo e institucionalizarlo\u201d.<\/p>\n<p>Finalmente, respecto del campo, Scioli dej\u00f3 claro que \u201ces un pilar fundamental en la actividad econ\u00f3mica y social\u201d, por lo tanto dijo que se van a \u201cencontrar los caminos para solucionar los problemas. Si hoy tenemos el potencial para producir alimentos para una poblaci\u00f3n mundial de 400 millones de habitantes, con competitividad podemos hacerlo para 600 millones\u201d.<\/p>\n<p>El mandatario bonaerense, durante su estad\u00eda en la capital cordobesa, tambi\u00e9n particip\u00f3 de una disertaci\u00f3n en la Universidad Nacional de C\u00f3rdoba (UNC), acompa\u00f1ado por el rector de la instituci\u00f3n acad\u00e9mica, Francisco Tamarit.<\/p>\n","protected":false},"excerpt":{"rendered":"<p>El precandidato presidencial por el FpV y gobernador de Buenos Aires, Daniel Scioli, subray\u00f3 en la ciudad de C\u00f3rdoba que \u201ces ajuste para los trabajadores, es pan para hoy y hambre para ma\u00f1ana\u201d.<\/p>\n","protected":false},"author":4,"featured_media":0,"comment_status":"open","ping_status":"open","sticky":false,"template":"","format":"standard","meta":{"_jetpack_newsletter_access":"","_jetpack_dont_email_post_to_subs":false,"_jetpack_newsletter_tier_id":0,"_jetpack_memberships_contains_paywalled_content":false,"_jetpack_memberships_contains_paid_content":false,"footnotes":""},"categories":[51],"tags":[],"class_list":["post-69949","post","type-post","status-publish","format-standard","hentry","category-politica"],"jetpack_shortlink":"https:\/\/wp.me\/p2JWE0-icd","jetpack-related-posts":[{"id":120181,"url":"http:\/\/www.24baires.com\/?p=120181","url_meta":{"origin":69949,"position":0},"title":"El Frente de Todos pasa a llamarse \u00abUni\u00f3n por la Patria\u00bb","author":"AF","date":"14\/06\/2023","format":false,"excerpt":"Los distintos sectores que componen el frente oficialista mantienen reuniones para definir, entre otras cosas, la constituci\u00f3n de su junta partidaria y el reglamento electoral que fijar\u00e1 pisos y porcentajes para la integraci\u00f3n de listas. El Frente de Todos (FdT) se llamar\u00e1 Uni\u00f3n por la Patria (UxP) en las pr\u00f3ximas\u2026","rel":"","context":"En \u00abPol\u00edtica\u00bb","block_context":{"text":"Pol\u00edtica","link":"http:\/\/www.24baires.com\/?cat=51"},"img":{"alt_text":"","src":"https:\/\/i0.wp.com\/www.24baires.com\/wp-content\/uploads\/2023\/06\/cfk-25-5.png?resize=350%2C200","width":350,"height":200,"srcset":"https:\/\/i0.wp.com\/www.24baires.com\/wp-content\/uploads\/2023\/06\/cfk-25-5.png?resize=350%2C200 1x, https:\/\/i0.wp.com\/www.24baires.com\/wp-content\/uploads\/2023\/06\/cfk-25-5.png?resize=525%2C300 1.5x, https:\/\/i0.wp.com\/www.24baires.com\/wp-content\/uploads\/2023\/06\/cfk-25-5.png?resize=700%2C400 2x, https:\/\/i0.wp.com\/www.24baires.com\/wp-content\/uploads\/2023\/06\/cfk-25-5.png?resize=1050%2C600 3x"},"classes":[]},{"id":108351,"url":"http:\/\/www.24baires.com\/?p=108351","url_meta":{"origin":69949,"position":1},"title":"Ahora Lavagna dice que no rompi\u00f3 con Alternativa Federal","author":"AF","date":"23\/05\/2019","format":false,"excerpt":"El ex ministro de Econom\u00eda y precandidato presidencial por Consenso 19, Roberto Lavagna, asegur\u00f3 hoy que \"el di\u00e1logo es posible\" con Alternativa Federal y que \"no hubo ruptura\" con esa fuerza pol\u00edtica sino \"fijaci\u00f3n de diferencias\". \"El dialogo es posible, no hubo ruptura sino fijaci\u00f3n de diferencias\", dijo Lavagna esta\u2026","rel":"","context":"En \u00abPol\u00edtica\u00bb","block_context":{"text":"Pol\u00edtica","link":"http:\/\/www.24baires.com\/?cat=51"},"img":{"alt_text":"","src":"https:\/\/i0.wp.com\/www.24baires.com\/wp-content\/uploads\/2013\/12\/lavagna-solo.jpg?resize=350%2C200","width":350,"height":200,"srcset":"https:\/\/i0.wp.com\/www.24baires.com\/wp-content\/uploads\/2013\/12\/lavagna-solo.jpg?resize=350%2C200 1x, https:\/\/i0.wp.com\/www.24baires.com\/wp-content\/uploads\/2013\/12\/lavagna-solo.jpg?resize=525%2C300 1.5x"},"classes":[]},{"id":73902,"url":"http:\/\/www.24baires.com\/?p=73902","url_meta":{"origin":69949,"position":2},"title":"Scioli asegur\u00f3 que mantendr\u00e1 los subsidios para quienes \u00ablo necesitan\u00bb","author":"GB","date":"21\/10\/2015","format":false,"excerpt":"El candidato presidencial del FpV no descart\u00f3 modificar las escalas del Impuesto a las Ganancias, al definirse \"abierto a repensar todo lo que hace a darle cada vez m\u00e1s competitividad a la econom\u00eda\". El candidato presidencial por el Frente para la Victoria, Daniel Scioli, advirti\u00f3 que, en caso de imponerse\u2026","rel":"","context":"En \u00abPol\u00edtica\u00bb","block_context":{"text":"Pol\u00edtica","link":"http:\/\/www.24baires.com\/?cat=51"},"img":{"alt_text":"scioli","src":"https:\/\/i0.wp.com\/www.24baires.com\/wp-content\/uploads\/2015\/09\/scioli1.jpg?resize=350%2C200","width":350,"height":200,"srcset":"https:\/\/i0.wp.com\/www.24baires.com\/wp-content\/uploads\/2015\/09\/scioli1.jpg?resize=350%2C200 1x, https:\/\/i0.wp.com\/www.24baires.com\/wp-content\/uploads\/2015\/09\/scioli1.jpg?resize=525%2C300 1.5x"},"classes":[]},{"id":74525,"url":"http:\/\/www.24baires.com\/?p=74525","url_meta":{"origin":69949,"position":3},"title":"Scioli: \u201cSi hay un espacio pol\u00edtico que cambi\u00f3 la Argentina, es precisamente el nuestro\u201d","author":"AF","date":"03\/11\/2015","format":false,"excerpt":"El candidato a presidente del Frente Para la Victoria, Daniel Scioli, afirm\u00f3 hoy que desde Cambiemos \"se incomodan cuando empieza a desenmascararse qu\u00e9 hay detr\u00e1s de la palabra cambio\". \"Si hay un espacio pol\u00edtico que cambi\u00f3 la Argentina, es precisamente el nuestro, que transform\u00f3 el pa\u00eds con conquistas. Los que\u2026","rel":"","context":"En \u00abElecciones 2015\u00bb","block_context":{"text":"Elecciones 2015","link":"http:\/\/www.24baires.com\/?cat=74"},"img":{"alt_text":"scioli rabolini","src":"https:\/\/i0.wp.com\/www.24baires.com\/wp-content\/uploads\/2015\/10\/scioli-rabolini.jpg?resize=350%2C200","width":350,"height":200,"srcset":"https:\/\/i0.wp.com\/www.24baires.com\/wp-content\/uploads\/2015\/10\/scioli-rabolini.jpg?resize=350%2C200 1x, https:\/\/i0.wp.com\/www.24baires.com\/wp-content\/uploads\/2015\/10\/scioli-rabolini.jpg?resize=525%2C300 1.5x"},"classes":[]},{"id":75154,"url":"http:\/\/www.24baires.com\/?p=75154","url_meta":{"origin":69949,"position":4},"title":"\u00abA medida que Cambiemos define medidas econ\u00f3micas, la gente se aleja m\u00e1s de ellos\u00bb","author":"AF","date":"17\/11\/2015","format":false,"excerpt":"El candidato presidencial del Frente para la Victoria, Daniel Scioli, sostuvo hoy que esa es la raz\u00f3n por la que los economistas de Cambiemos dejaron de hacer declaraciones p\u00fablicas sobre econom\u00eda como estrategia de campa\u00f1a. El gobernador bonaerense remarc\u00f3 que el espacio que encabeza su oponente Mauricio Macri \"dice que\u2026","rel":"","context":"En \u00abElecciones 2015\u00bb","block_context":{"text":"Elecciones 2015","link":"http:\/\/www.24baires.com\/?cat=74"},"img":{"alt_text":"scioli la matanza1","src":"https:\/\/i0.wp.com\/www.24baires.com\/wp-content\/uploads\/2015\/11\/scioli-la-matanza1.jpg?resize=350%2C200","width":350,"height":200,"srcset":"https:\/\/i0.wp.com\/www.24baires.com\/wp-content\/uploads\/2015\/11\/scioli-la-matanza1.jpg?resize=350%2C200 1x, https:\/\/i0.wp.com\/www.24baires.com\/wp-content\/uploads\/2015\/11\/scioli-la-matanza1.jpg?resize=525%2C300 1.5x"},"classes":[]},{"id":102437,"url":"http:\/\/www.24baires.com\/?p=102437","url_meta":{"origin":69949,"position":5},"title":"Por la devaluaci\u00f3n, Provincia deber\u00e1 pagar 9 mil millones de pesos m\u00e1s de deuda este a\u00f1o","author":"GB","date":"30\/05\/2018","format":false,"excerpt":"Por la fuerte devaluaci\u00f3n registrada en lo que va de 2018, el Gobierno bonaerense tendr\u00e1 desembolsar casi $ 9.000 millones m\u00e1s por los servicios de deuda que debe afrontar este a\u00f1o. Se trata de un 33,5% m\u00e1s que lo previsto a principios de a\u00f1o, cuando el d\u00f3lar mayorista estaba en\u2026","rel":"","context":"En \u00abProvincia\u00bb","block_context":{"text":"Provincia","link":"http:\/\/www.24baires.com\/?cat=40"},"img":{"alt_text":"","src":"https:\/\/i0.wp.com\/www.24baires.com\/wp-content\/uploads\/2018\/03\/lacunza.jpg?resize=350%2C200","width":350,"height":200,"srcset":"https:\/\/i0.wp.com\/www.24baires.com\/wp-content\/uploads\/2018\/03\/lacunza.jpg?resize=350%2C200 1x, https:\/\/i0.wp.com\/www.24baires.com\/wp-content\/uploads\/2018\/03\/lacunza.jpg?resize=525%2C300 1.5x"},"classes":[]}],"jetpack_sharing_enabled":true,"jetpack_likes_enabled":true,"jetpack_featured_media_url":"","_links":{"self":[{"href":"http:\/\/www.24baires.com\/index.php?rest_route=\/wp\/v2\/posts\/69949","targetHints":{"allow":["GET"]}}],"collection":[{"href":"http:\/\/www.24baires.com\/index.php?rest_route=\/wp\/v2\/posts"}],"about":[{"href":"http:\/\/www.24baires.com\/index.php?rest_route=\/wp\/v2\/types\/post"}],"author":[{"embeddable":true,"href":"http:\/\/www.24baires.com\/index.php?rest_route=\/wp\/v2\/users\/4"}],"replies":[{"embeddable":true,"href":"http:\/\/www.24baires.com\/index.php?rest_route=%2Fwp%2Fv2%2Fcomments&post=69949"}],"version-history":[{"count":1,"href":"http:\/\/www.24baires.com\/index.php?rest_route=\/wp\/v2\/posts\/69949\/revisions"}],"predecessor-version":[{"id":69950,"href":"http:\/\/www.24baires.com\/index.php?rest_route=\/wp\/v2\/posts\/69949\/revisions\/69950"}],"wp:attachment":[{"href":"http:\/\/www.24baires.com\/index.php?rest_route=%2Fwp%2Fv2%2Fmedia&parent=69949"}],"wp:term":[{"taxonomy":"category","embeddable":true,"href":"http:\/\/www.24baires.com\/index.php?rest_route=%2Fwp%2Fv2%2Fcategories&post=69949"},{"taxonomy":"post_tag","embeddable":true,"href":"http:\/\/www.24baires.com\/index.php?rest_route=%2Fwp%2Fv2%2Ftags&post=69949"}],"curies":[{"name":"wp","href":"https:\/\/api.w.org\/{rel}","templated":true}]}}