{"id":69932,"date":"2015-08-03T12:30:41","date_gmt":"2015-08-03T15:30:41","guid":{"rendered":"http:\/\/www.24baires.com\/?p=69932"},"modified":"2015-08-03T11:44:25","modified_gmt":"2015-08-03T14:44:25","slug":"dominguez-apoyo-a-fernandez-de-lanata-no-me-sorprenden-este-tipo-de-operaciones-mediaticas","status":"publish","type":"post","link":"http:\/\/www.24baires.com\/?p=69932","title":{"rendered":"Dom\u00ednguez apoy\u00f3 a Fern\u00e1ndez: \u201cDe Lanata no me sorprenden este tipo de operaciones medi\u00e1ticas\u201d"},"content":{"rendered":"<p><img data-recalc-dims=\"1\" loading=\"lazy\" decoding=\"async\" class=\"aligncenter  wp-image-15448\" src=\"https:\/\/i0.wp.com\/www.24baires.com\/wp-content\/uploads\/2013\/02\/dominguez-iran-e1421102251753.jpg?resize=560%2C373\" alt=\"dominguez iran\" width=\"560\" height=\"373\" \/>El precandidato a gobernador bonaerense Juli\u00e1n Dom\u00ednguez respald\u00f3 y expres\u00f3 su solidaridad al jefe de Gabinete tras el programa Periodismo Para Todos referido a An\u00edbal Fern\u00e1ndez y la relacion\u00f3 con la cercan\u00eda a las PASO. \u00abEsta denuncia es lamentable y disparatada\u201d. enfatiz\u00f3.<!--more--><\/p>\n<p>\u201cResulta sospechoso que el programa Periodismo Para Todos saque \u00e9ste informe en \u00e9ste momento, a una semana de las PASO\u201d, destac\u00f3 Juli\u00e1n Dom\u00ednguez, y a\u00f1adi\u00f3: \u201cDe Lanata no me sorprenden este tipo de operaciones medi\u00e1ticas\u201d.<\/p>\n<p>Por \u00faltimo, el titular de la C\u00e1mara de Diputados de la Naci\u00f3n expres\u00f3: \u201cMe solidarizo con nuestro jefe de Gabinete\u201d.<\/p>\n","protected":false},"excerpt":{"rendered":"<p>El precandidato a gobernador bonaerense Juli\u00e1n Dom\u00ednguez respald\u00f3 y expres\u00f3 su solidaridad al jefe de Gabinete tras el programa Periodismo Para Todos referido a An\u00edbal Fern\u00e1ndez y la relacion\u00f3 con la cercan\u00eda a las PASO. \u00abEsta denuncia es lamentable y disparatada\u201d. enfatiz\u00f3.<\/p>\n","protected":false},"author":4,"featured_media":0,"comment_status":"open","ping_status":"open","sticky":false,"template":"","format":"standard","meta":{"_jetpack_newsletter_access":"","_jetpack_dont_email_post_to_subs":false,"_jetpack_newsletter_tier_id":0,"_jetpack_memberships_contains_paywalled_content":false,"_jetpack_memberships_contains_paid_content":false,"footnotes":""},"categories":[51],"tags":[],"class_list":["post-69932","post","type-post","status-publish","format-standard","hentry","category-politica"],"jetpack_shortlink":"https:\/\/wp.me\/p2JWE0-ibW","jetpack-related-posts":[{"id":69986,"url":"http:\/\/www.24baires.com\/?p=69986","url_meta":{"origin":69932,"position":0},"title":"Carri\u00f3 admiti\u00f3 que la entrevista a Salerno se hizo en su casa","author":"AF","date":"04\/08\/2015","format":false,"excerpt":"La precandidata presidencial de la Coalici\u00f3n C\u00edvica en el frente Cambiemos, Elisa Carri\u00f3, admiti\u00f3 que la entrevista que realiz\u00f3 el programa \"Periodismo para Todos\" a Jos\u00e9 Luis Salerno, quien vincul\u00f3 al jefe de Gabinete, An\u00edbal Fern\u00e1ndez, con el triple crimen de General Rodr\u00edguez, se hizo en su casa y ante\u2026","rel":"","context":"En \u00abPol\u00edtica\u00bb","block_context":{"text":"Pol\u00edtica","link":"http:\/\/www.24baires.com\/?cat=51"},"img":{"alt_text":"carrio","src":"https:\/\/i0.wp.com\/www.24baires.com\/wp-content\/uploads\/2012\/10\/carrio.jpg?resize=350%2C200","width":350,"height":200,"srcset":"https:\/\/i0.wp.com\/www.24baires.com\/wp-content\/uploads\/2012\/10\/carrio.jpg?resize=350%2C200 1x, https:\/\/i0.wp.com\/www.24baires.com\/wp-content\/uploads\/2012\/10\/carrio.jpg?resize=525%2C300 1.5x"},"classes":[]},{"id":118081,"url":"http:\/\/www.24baires.com\/?p=118081","url_meta":{"origin":69932,"position":1},"title":"Fern\u00e1ndez: \u00abEstamos dando un paso para ponerle fin a una disputa de a\u00f1os\u00bb","author":"AF","date":"30\/09\/2021","format":false,"excerpt":"El Presidente encabez\u00f3 la presentaci\u00f3n del proyecto agroindustrial en Casa Rosada junto a la vicepresidenta, Cristina Fern\u00e1ndez de Kirchner; el jefe de Gabinete, Juan Manzur, y el ministro de Agricultura, Juli\u00e1n Dom\u00ednguez. El presidente Alberto Fern\u00e1ndez asegur\u00f3 hoy que se est\u00e1 dando \"un paso para ponerle fin a una disputa\u2026","rel":"","context":"En \u00abPol\u00edtica\u00bb","block_context":{"text":"Pol\u00edtica","link":"http:\/\/www.24baires.com\/?cat=51"},"img":{"alt_text":"","src":"https:\/\/i0.wp.com\/www.24baires.com\/wp-content\/uploads\/2021\/09\/alberto-fernandez-cristina-kirchner-1jpg.jpg?resize=350%2C200","width":350,"height":200,"srcset":"https:\/\/i0.wp.com\/www.24baires.com\/wp-content\/uploads\/2021\/09\/alberto-fernandez-cristina-kirchner-1jpg.jpg?resize=350%2C200 1x, https:\/\/i0.wp.com\/www.24baires.com\/wp-content\/uploads\/2021\/09\/alberto-fernandez-cristina-kirchner-1jpg.jpg?resize=525%2C300 1.5x"},"classes":[]},{"id":82834,"url":"http:\/\/www.24baires.com\/?p=82834","url_meta":{"origin":69932,"position":2},"title":"An\u00edbal Fern\u00e1ndez: \u00abJuli\u00e1n Dom\u00ednguez aparte de un traidor, es un idiota\u201d","author":"AF","date":"18\/05\/2016","format":false,"excerpt":"Anoche, el programa de televisi\u00f3n Demasiado Humo, que se emite por la se\u00f1al bonaerense QM, el ex precandidato a gobernador y ex presidente de la C\u00e1mara de Diputados de la Naci\u00f3n, Juli\u00e1n Dom\u00ednguez, dijo que \u201chubo una mano negra\u201d en las \u00faltimas PASO y que \u00e9l le gan\u00f3 al ex\u2026","rel":"","context":"En \u00abPol\u00edtica\u00bb","block_context":{"text":"Pol\u00edtica","link":"http:\/\/www.24baires.com\/?cat=51"},"img":{"alt_text":"an\u00edbal fern\u00e1ndezz","src":"https:\/\/i0.wp.com\/www.24baires.com\/wp-content\/uploads\/2015\/11\/an%C3%ADbal-fern%C3%A1ndezz.jpg?resize=350%2C200","width":350,"height":200,"srcset":"https:\/\/i0.wp.com\/www.24baires.com\/wp-content\/uploads\/2015\/11\/an%C3%ADbal-fern%C3%A1ndezz.jpg?resize=350%2C200 1x, https:\/\/i0.wp.com\/www.24baires.com\/wp-content\/uploads\/2015\/11\/an%C3%ADbal-fern%C3%A1ndezz.jpg?resize=525%2C300 1.5x"},"classes":[]},{"id":118018,"url":"http:\/\/www.24baires.com\/?p=118018","url_meta":{"origin":69932,"position":3},"title":"Asumen los nuevos ministros del Gabinete nacional","author":"GB","date":"20\/09\/2021","format":false,"excerpt":"Con el cambio de Gabinete, el presidente Alberto Fern\u00e1ndez relanzar\u00e1 su gesti\u00f3n de cara a las elecciones legislativas de noviembre. Este lunes, a las 16 en Casa Rosada, jurar\u00e1n los nuevos ministros designados por el presidente Alberto Fern\u00e1ndez. De esta forma, asumir\u00e1n formalmente sus cargos An\u00edbal Fern\u00e1ndez, al frente del\u2026","rel":"","context":"En \u00abLocales\u00bb","block_context":{"text":"Locales","link":"http:\/\/www.24baires.com\/?cat=38"},"img":{"alt_text":"","src":"https:\/\/i0.wp.com\/www.24baires.com\/wp-content\/uploads\/2017\/02\/casa-rosada.jpg?resize=350%2C200","width":350,"height":200,"srcset":"https:\/\/i0.wp.com\/www.24baires.com\/wp-content\/uploads\/2017\/02\/casa-rosada.jpg?resize=350%2C200 1x, https:\/\/i0.wp.com\/www.24baires.com\/wp-content\/uploads\/2017\/02\/casa-rosada.jpg?resize=525%2C300 1.5x"},"classes":[]},{"id":64291,"url":"http:\/\/www.24baires.com\/?p=64291","url_meta":{"origin":69932,"position":4},"title":"Magal\u00ed Mora: \u00abLanata me pidi\u00f3 sexo a cambio de trabajo\u00bb","author":"GB","date":"15\/04\/2015","format":false,"excerpt":"La medi\u00e1tica habl\u00f3 en C5N sobre el periodista y detall\u00f3 que el a\u00f1o pasado intent\u00f3 seducirla y le propuso tener relaciones sexuales. El a\u00f1o pasado Magal\u00ed Mora mostr\u00f3 mensajes de texto que le enviaba Jorge Lanata intentando seducirla. Este mi\u00e9rcoles a la madrugada en El \u00c1ngel de la medianoche, el\u2026","rel":"","context":"En \u00abEspectaculos\u00bb","block_context":{"text":"Espectaculos","link":"http:\/\/www.24baires.com\/?cat=41"},"img":{"alt_text":"","src":"https:\/\/i0.wp.com\/www.24baires.com\/wp-content\/uploads\/2015\/04\/magali-mora-lanata.jpg?resize=350%2C200","width":350,"height":200,"srcset":"https:\/\/i0.wp.com\/www.24baires.com\/wp-content\/uploads\/2015\/04\/magali-mora-lanata.jpg?resize=350%2C200 1x, https:\/\/i0.wp.com\/www.24baires.com\/wp-content\/uploads\/2015\/04\/magali-mora-lanata.jpg?resize=525%2C300 1.5x"},"classes":[]},{"id":118020,"url":"http:\/\/www.24baires.com\/?p=118020","url_meta":{"origin":69932,"position":5},"title":"\u00abNo somos parte del pa\u00eds que quiere flexibilizar derechos de los que trabajan\u00bb","author":"AF","date":"20\/09\/2021","format":false,"excerpt":"\"Cuando la gente no nos vota nos enojamos con nosotros y no con la gente\", a la vez que destac\u00f3 que en la coalici\u00f3n de gobierno los debates se dan \"de cara a la gente\", argument\u00f3 tambi\u00e9n el Presidente al encabezar el acto de jura de los nuevos ministros. El\u2026","rel":"","context":"En \u00abPol\u00edtica\u00bb","block_context":{"text":"Pol\u00edtica","link":"http:\/\/www.24baires.com\/?cat=51"},"img":{"alt_text":"","src":"https:\/\/i0.wp.com\/www.24baires.com\/wp-content\/uploads\/2021\/09\/6148f1d0c6765_1004x564.jpg?resize=350%2C200","width":350,"height":200,"srcset":"https:\/\/i0.wp.com\/www.24baires.com\/wp-content\/uploads\/2021\/09\/6148f1d0c6765_1004x564.jpg?resize=350%2C200 1x, https:\/\/i0.wp.com\/www.24baires.com\/wp-content\/uploads\/2021\/09\/6148f1d0c6765_1004x564.jpg?resize=525%2C300 1.5x"},"classes":[]}],"jetpack_sharing_enabled":true,"jetpack_likes_enabled":true,"jetpack_featured_media_url":"","_links":{"self":[{"href":"http:\/\/www.24baires.com\/index.php?rest_route=\/wp\/v2\/posts\/69932","targetHints":{"allow":["GET"]}}],"collection":[{"href":"http:\/\/www.24baires.com\/index.php?rest_route=\/wp\/v2\/posts"}],"about":[{"href":"http:\/\/www.24baires.com\/index.php?rest_route=\/wp\/v2\/types\/post"}],"author":[{"embeddable":true,"href":"http:\/\/www.24baires.com\/index.php?rest_route=\/wp\/v2\/users\/4"}],"replies":[{"embeddable":true,"href":"http:\/\/www.24baires.com\/index.php?rest_route=%2Fwp%2Fv2%2Fcomments&post=69932"}],"version-history":[{"count":1,"href":"http:\/\/www.24baires.com\/index.php?rest_route=\/wp\/v2\/posts\/69932\/revisions"}],"predecessor-version":[{"id":69933,"href":"http:\/\/www.24baires.com\/index.php?rest_route=\/wp\/v2\/posts\/69932\/revisions\/69933"}],"wp:attachment":[{"href":"http:\/\/www.24baires.com\/index.php?rest_route=%2Fwp%2Fv2%2Fmedia&parent=69932"}],"wp:term":[{"taxonomy":"category","embeddable":true,"href":"http:\/\/www.24baires.com\/index.php?rest_route=%2Fwp%2Fv2%2Fcategories&post=69932"},{"taxonomy":"post_tag","embeddable":true,"href":"http:\/\/www.24baires.com\/index.php?rest_route=%2Fwp%2Fv2%2Ftags&post=69932"}],"curies":[{"name":"wp","href":"https:\/\/api.w.org\/{rel}","templated":true}]}}