{"id":69904,"date":"2015-08-02T17:00:06","date_gmt":"2015-08-02T20:00:06","guid":{"rendered":"http:\/\/www.24baires.com\/?p=69904"},"modified":"2015-08-03T10:06:20","modified_gmt":"2015-08-03T13:06:20","slug":"scioli-el-nuevo-codigo-civil-y-comercial-es-un-simbolo-de-soberania","status":"publish","type":"post","link":"http:\/\/www.24baires.com\/?p=69904","title":{"rendered":"Scioli: \u00abEl nuevo C\u00f3digo Civil y Comercial es un s\u00edmbolo de soberan\u00eda\u00bb"},"content":{"rendered":"<p><img data-recalc-dims=\"1\" loading=\"lazy\" decoding=\"async\" class=\"aligncenter  wp-image-68427\" src=\"https:\/\/i0.wp.com\/www.24baires.com\/wp-content\/uploads\/2015\/07\/scioli.jpg?resize=560%2C314\" alt=\"scioli\" width=\"560\" height=\"314\" srcset=\"https:\/\/i0.wp.com\/www.24baires.com\/wp-content\/uploads\/2015\/07\/scioli.jpg?w=510 510w, https:\/\/i0.wp.com\/www.24baires.com\/wp-content\/uploads\/2015\/07\/scioli.jpg?resize=300%2C168 300w\" sizes=\"auto, (max-width: 560px) 100vw, 560px\" \/>\u00abEs una de las m\u00e1ximas expresiones de la voluntad de nuestra Presidenta\u00bb, dijo el gobernador bonaerenese durante un acto en Entre R\u00edos. Y agreg\u00f3: \u00abEste C\u00f3digo consolida derechos, respeta nuestra doctrina humanista y se adecua a estos nuevos tiempos\u00bb.<!--more--><\/p>\n<p>El candidato a presidente por el Frente para la Victoria, Daniel Scioli, asegur\u00f3 hoy que el nuevo C\u00f3digo Civil y Comercial que entra a regir a partir hoy \u00abes un s\u00edmbolo de soberan\u00eda\u00bb. \u00abEs una de las m\u00e1ximas expresiones de la voluntad de nuestra Presidenta Cristina Fern\u00e1ndez de Kirchner\u00bb, dijo Scioli durante un acto que encabez\u00f3 hoy en el Cors\u00f3dromo de Gualeguaych\u00fa.<br \/>\n\u00abHoy se pone en marcha una de las m\u00e1ximas expresiones de la voluntad de nuestra Presidenta Cristina Fern\u00e1ndez de Kirchner a trav\u00e9s de la vigencia del nuevo C\u00f3digo Civil\u00bb, afirm\u00f3 Scioli. Este nuevo C\u00f3digo \u00abconsolida los derechos, respeta nuestra doctrina profundamente humanista, y se adecua a estos nuevos tiempos\u00bb.<br \/>\nTambi\u00e9n Scioli resalt\u00f3 que de esta manera \u00abqueda atr\u00e1s un c\u00f3digo que hab\u00eda sido inspirado en el extranjero, y este nuevo C\u00f3digo es un s\u00edmbolo de soberan\u00eda, como tambi\u00e9n lo es el desendeudamiento, el haber recuperado ypf y la soberan\u00eda energ\u00e9tica\u00bb.<br \/>\n\u00abHoy estamos para comprometernos en base a lo que una vez dijo Urribarri: que hablen los hechos y la historia\u00bb, se\u00f1al\u00f3 el aspirante al sill\u00f3n de Rivadavia, y agreg\u00f3 que \u00abaqu\u00ed tenemos la fuerza de los hechos y la pasi\u00f3n por el futuro por lo que se viene\u00bb.<\/p>\n","protected":false},"excerpt":{"rendered":"<p>\u00abEs una de las m\u00e1ximas expresiones de la voluntad de nuestra Presidenta\u00bb, dijo el gobernador bonaerenese durante un acto en Entre R\u00edos. Y agreg\u00f3: \u00abEste C\u00f3digo consolida derechos, respeta nuestra doctrina humanista y se adecua a estos nuevos tiempos\u00bb.<\/p>\n","protected":false},"author":4,"featured_media":0,"comment_status":"open","ping_status":"open","sticky":false,"template":"","format":"standard","meta":{"_jetpack_newsletter_access":"","_jetpack_dont_email_post_to_subs":false,"_jetpack_newsletter_tier_id":0,"_jetpack_memberships_contains_paywalled_content":false,"_jetpack_memberships_contains_paid_content":false,"footnotes":""},"categories":[51],"tags":[],"class_list":["post-69904","post","type-post","status-publish","format-standard","hentry","category-politica"],"jetpack_shortlink":"https:\/\/wp.me\/p2JWE0-ibu","jetpack-related-posts":[{"id":120181,"url":"http:\/\/www.24baires.com\/?p=120181","url_meta":{"origin":69904,"position":0},"title":"El Frente de Todos pasa a llamarse \u00abUni\u00f3n por la Patria\u00bb","author":"AF","date":"14\/06\/2023","format":false,"excerpt":"Los distintos sectores que componen el frente oficialista mantienen reuniones para definir, entre otras cosas, la constituci\u00f3n de su junta partidaria y el reglamento electoral que fijar\u00e1 pisos y porcentajes para la integraci\u00f3n de listas. El Frente de Todos (FdT) se llamar\u00e1 Uni\u00f3n por la Patria (UxP) en las pr\u00f3ximas\u2026","rel":"","context":"En \u00abPol\u00edtica\u00bb","block_context":{"text":"Pol\u00edtica","link":"http:\/\/www.24baires.com\/?cat=51"},"img":{"alt_text":"","src":"https:\/\/i0.wp.com\/www.24baires.com\/wp-content\/uploads\/2023\/06\/cfk-25-5.png?resize=350%2C200","width":350,"height":200,"srcset":"https:\/\/i0.wp.com\/www.24baires.com\/wp-content\/uploads\/2023\/06\/cfk-25-5.png?resize=350%2C200 1x, https:\/\/i0.wp.com\/www.24baires.com\/wp-content\/uploads\/2023\/06\/cfk-25-5.png?resize=525%2C300 1.5x, https:\/\/i0.wp.com\/www.24baires.com\/wp-content\/uploads\/2023\/06\/cfk-25-5.png?resize=700%2C400 2x, https:\/\/i0.wp.com\/www.24baires.com\/wp-content\/uploads\/2023\/06\/cfk-25-5.png?resize=1050%2C600 3x"},"classes":[]},{"id":69893,"url":"http:\/\/www.24baires.com\/?p=69893","url_meta":{"origin":69904,"position":1},"title":"Cristina anunci\u00f3 la llegada de maquinaria para construir represas","author":"AF","date":"01\/08\/2015","format":false,"excerpt":"La presidenta Cristina Fern\u00e1ndez de Kirchner asegur\u00f3 que \"llegaron los sue\u00f1os de generaciones y generaciones de santacruce\u00f1os\" al anunciar por las redes sociales el desembarco de maquinaria pesada para la construcci\u00f3n de las represas N\u00e9stor Kirchner y Jorge Cepernic en Santa Cruz. La presidenta Cristina Fern\u00e1ndez de Kirchner destac\u00f3 hoy\u2026","rel":"","context":"En \u00abSociedad\u00bb","block_context":{"text":"Sociedad","link":"http:\/\/www.24baires.com\/?cat=1"},"img":{"alt_text":"","src":"https:\/\/i0.wp.com\/www.24baires.com\/wp-content\/uploads\/2015\/08\/2.jpg?resize=350%2C200","width":350,"height":200,"srcset":"https:\/\/i0.wp.com\/www.24baires.com\/wp-content\/uploads\/2015\/08\/2.jpg?resize=350%2C200 1x, https:\/\/i0.wp.com\/www.24baires.com\/wp-content\/uploads\/2015\/08\/2.jpg?resize=525%2C300 1.5x"},"classes":[]},{"id":55012,"url":"http:\/\/www.24baires.com\/?p=55012","url_meta":{"origin":69904,"position":2},"title":"\u00abLa reforma del C\u00f3digo Procesal Penal dar\u00e1 m\u00e1s agilidad y evitar\u00e1 la impunidad\u00bb","author":"AF","date":"08\/10\/2014","format":false,"excerpt":"El secretario de Justicia de la Naci\u00f3n, Juli\u00e1n \u00c1lvarez, asegur\u00f3 que \"en los pr\u00f3ximos d\u00edas\" el Poder Ejecutivo enviar\u00e1 al Congreso el proyecto de reforma del C\u00f3digo Procesal Penal que \"era una deuda pendiente\" y servir\u00e1 para continuar con el proceso de reformas que comenz\u00f3 con el nuevo C\u00f3digo Civil\u2026","rel":"","context":"En \u00abPol\u00edtica\u00bb","block_context":{"text":"Pol\u00edtica","link":"http:\/\/www.24baires.com\/?cat=51"},"img":{"alt_text":"Julian Alvarez","src":"https:\/\/i0.wp.com\/www.24baires.com\/wp-content\/uploads\/2014\/02\/Julian-Alvarez.jpg?resize=350%2C200","width":350,"height":200,"srcset":"https:\/\/i0.wp.com\/www.24baires.com\/wp-content\/uploads\/2014\/02\/Julian-Alvarez.jpg?resize=350%2C200 1x, https:\/\/i0.wp.com\/www.24baires.com\/wp-content\/uploads\/2014\/02\/Julian-Alvarez.jpg?resize=525%2C300 1.5x"},"classes":[]},{"id":73675,"url":"http:\/\/www.24baires.com\/?p=73675","url_meta":{"origin":69904,"position":3},"title":"\u00abEsta transformaci\u00f3n no va a parar porque Daniel Scioli va a ser presidente y va a seguir adelante\u00bb","author":"AF","date":"16\/10\/2015","format":false,"excerpt":"La Presidenta encabeza un acto en Caleta Olivia junto a la candidata a gobernadora Alicia Kirchner, el candidato a diputado M\u00e1ximo Kirchner, y a la f\u00f3rmula presidencial Scioli-Zannini. La presidenta Cristina Fern\u00e1ndez de Kirchner sostuvo hoy que Daniel Scioli \"va a ser el presidente de todos los argentinos\" y le\u2026","rel":"","context":"En \u00abSociedad\u00bb","block_context":{"text":"Sociedad","link":"http:\/\/www.24baires.com\/?cat=1"},"img":{"alt_text":"","src":"https:\/\/i0.wp.com\/www.24baires.com\/wp-content\/uploads\/2015\/10\/cfk-caleta.jpg?resize=350%2C200","width":350,"height":200,"srcset":"https:\/\/i0.wp.com\/www.24baires.com\/wp-content\/uploads\/2015\/10\/cfk-caleta.jpg?resize=350%2C200 1x, https:\/\/i0.wp.com\/www.24baires.com\/wp-content\/uploads\/2015\/10\/cfk-caleta.jpg?resize=525%2C300 1.5x"},"classes":[]},{"id":54972,"url":"http:\/\/www.24baires.com\/?p=54972","url_meta":{"origin":69904,"position":4},"title":"Cristina: \u00abEste C\u00f3digo nos representa y simplifica la vida de la gente\u00bb","author":"Grupo Sierra","date":"07\/10\/2014","format":false,"excerpt":"La Presidenta promulga las reformas aprobadas por el Congreso en el C\u00f3digo Civil y Comercial, en una ceremonia que se realiza en el Museo del Bicentenario. Durante el acto, Cristina Fern\u00e1ndez de Kirchner destac\u00f3: \"Ahora se incorporan los derechos colectivos como un nuevo instrumento de la sociedad para defender sus\u2026","rel":"","context":"En \u00abSociedad\u00bb","block_context":{"text":"Sociedad","link":"http:\/\/www.24baires.com\/?cat=1"},"img":{"alt_text":"","src":"https:\/\/i0.wp.com\/www.24baires.com\/wp-content\/uploads\/2014\/10\/cristina2.jpg?resize=350%2C200","width":350,"height":200,"srcset":"https:\/\/i0.wp.com\/www.24baires.com\/wp-content\/uploads\/2014\/10\/cristina2.jpg?resize=350%2C200 1x, https:\/\/i0.wp.com\/www.24baires.com\/wp-content\/uploads\/2014\/10\/cristina2.jpg?resize=525%2C300 1.5x"},"classes":[]},{"id":120226,"url":"http:\/\/www.24baires.com\/?p=120226","url_meta":{"origin":69904,"position":5},"title":"Cristina recibi\u00f3 a Scioli: \u201cA seguir trabajando, que es lo que hay que hacer\u201d","author":"AF","date":"28\/06\/2023","format":false,"excerpt":"\"Hablamos mucho, con sinceridad y con el respeto de siempre. Me transmiti\u00f3 que su vocaci\u00f3n es ayudar y colaborar como un compa\u00f1ero m\u00e1s\", asegur\u00f3 a trav\u00e9s de las redes sociales la Vicepresidenta sobre el encuentro. La Vicepresidenta Cristina Fern\u00e1ndez de Kirchner public\u00f3 en redes sociales una foto con el embajador\u2026","rel":"","context":"En \u00abPol\u00edtica\u00bb","block_context":{"text":"Pol\u00edtica","link":"http:\/\/www.24baires.com\/?cat=51"},"img":{"alt_text":"","src":"https:\/\/i0.wp.com\/www.24baires.com\/wp-content\/uploads\/2023\/06\/WhatsApp-Image-2023-06-28-at-23.30.42.jpeg?resize=350%2C200","width":350,"height":200,"srcset":"https:\/\/i0.wp.com\/www.24baires.com\/wp-content\/uploads\/2023\/06\/WhatsApp-Image-2023-06-28-at-23.30.42.jpeg?resize=350%2C200 1x, https:\/\/i0.wp.com\/www.24baires.com\/wp-content\/uploads\/2023\/06\/WhatsApp-Image-2023-06-28-at-23.30.42.jpeg?resize=525%2C300 1.5x, https:\/\/i0.wp.com\/www.24baires.com\/wp-content\/uploads\/2023\/06\/WhatsApp-Image-2023-06-28-at-23.30.42.jpeg?resize=700%2C400 2x"},"classes":[]}],"jetpack_sharing_enabled":true,"jetpack_likes_enabled":true,"jetpack_featured_media_url":"","_links":{"self":[{"href":"http:\/\/www.24baires.com\/index.php?rest_route=\/wp\/v2\/posts\/69904","targetHints":{"allow":["GET"]}}],"collection":[{"href":"http:\/\/www.24baires.com\/index.php?rest_route=\/wp\/v2\/posts"}],"about":[{"href":"http:\/\/www.24baires.com\/index.php?rest_route=\/wp\/v2\/types\/post"}],"author":[{"embeddable":true,"href":"http:\/\/www.24baires.com\/index.php?rest_route=\/wp\/v2\/users\/4"}],"replies":[{"embeddable":true,"href":"http:\/\/www.24baires.com\/index.php?rest_route=%2Fwp%2Fv2%2Fcomments&post=69904"}],"version-history":[{"count":1,"href":"http:\/\/www.24baires.com\/index.php?rest_route=\/wp\/v2\/posts\/69904\/revisions"}],"predecessor-version":[{"id":69905,"href":"http:\/\/www.24baires.com\/index.php?rest_route=\/wp\/v2\/posts\/69904\/revisions\/69905"}],"wp:attachment":[{"href":"http:\/\/www.24baires.com\/index.php?rest_route=%2Fwp%2Fv2%2Fmedia&parent=69904"}],"wp:term":[{"taxonomy":"category","embeddable":true,"href":"http:\/\/www.24baires.com\/index.php?rest_route=%2Fwp%2Fv2%2Fcategories&post=69904"},{"taxonomy":"post_tag","embeddable":true,"href":"http:\/\/www.24baires.com\/index.php?rest_route=%2Fwp%2Fv2%2Ftags&post=69904"}],"curies":[{"name":"wp","href":"https:\/\/api.w.org\/{rel}","templated":true}]}}