{"id":69902,"date":"2015-08-02T15:00:23","date_gmt":"2015-08-02T18:00:23","guid":{"rendered":"http:\/\/www.24baires.com\/?p=69902"},"modified":"2015-08-02T10:36:45","modified_gmt":"2015-08-02T13:36:45","slug":"anibal-fernandez-propone-un-ministerio-agrario-que-dialogue-con-chacareros","status":"publish","type":"post","link":"http:\/\/www.24baires.com\/?p=69902","title":{"rendered":"An\u00edbal Fern\u00e1ndez propone un Ministerio Agrario que \u00abdialogue con chacareros\u00bb"},"content":{"rendered":"<p><img data-recalc-dims=\"1\" loading=\"lazy\" decoding=\"async\" class=\"aligncenter size-full wp-image-5267\" src=\"https:\/\/i0.wp.com\/www.24baires.com\/wp-content\/uploads\/2012\/11\/fern%C3%A1ndez-an%C3%ADbal2.jpg?resize=560%2C361\" alt=\"fern\u00e1ndez an\u00edbal2\" width=\"560\" height=\"361\" srcset=\"https:\/\/i0.wp.com\/www.24baires.com\/wp-content\/uploads\/2012\/11\/fern%C3%A1ndez-an%C3%ADbal2.jpg?w=560 560w, https:\/\/i0.wp.com\/www.24baires.com\/wp-content\/uploads\/2012\/11\/fern%C3%A1ndez-an%C3%ADbal2.jpg?resize=300%2C193 300w\" sizes=\"auto, (max-width: 560px) 100vw, 560px\" \/>El jefe de Gabinete y precandidato a gobernador bonaerense por el FPV reiter\u00f3 su propuesta de que el ministerio de Asuntos Agrarios \u201cdialogue con los intendentes y chacareros de cada regi\u00f3n de la Provincia, para discutir la pol\u00edtica de comercializaci\u00f3n\u201d.<!--more--><\/p>\n<p>El jefe de Gabinete y precandidato a gobernador bonaerense por el Frente para la Victoria, An\u00edbal Fern\u00e1ndez, reiter\u00f3 hoy su propuesta de que el ministerio de Asuntos Agrarios \u201cdialogue con los intendentes y chacareros de cada regi\u00f3n de la Provincia, para discutir la pol\u00edtica de comercializaci\u00f3n\u201d, tras participar de una recorrida por las ciudades de Balcarce y Mar del Plata junto a su compa\u00f1ero de f\u00f3rmula Mart\u00edn Sabbatella.<\/p>\n<p>En el \u00faltimo fin de semana de campa\u00f1a previo a las elecciones internas abiertas en la Provincia, An\u00edbal Fern\u00e1ndez afirm\u00f3: \u201cEstoy seguro que voy a ser el gobernador de la provincia de Buenos Aires y Daniel Scioli el presidente de la Naci\u00f3n\u201d.<\/p>\n<p>Tras compartir un acto de la sede del PJ en Balcarce con el intendente de ese distrito Jos\u00e9 Echeverr\u00eda, Fern\u00e1ndez y Sabbatella visitaron la ciudad balnearia de Mar del Plata, donde brindaron una conferencia de prensa en el Hotel Provincial.<\/p>\n<p>Acompa\u00f1ado por el intendente de General Pueyrred\u00f3n, Gustavo Pulti, Fern\u00e1ndez reiter\u00f3 que \u201cno hacemos evaluaciones\u201d sobre la actual gesti\u00f3n de la Provincia porque \u201cqueremos la provincia de Buenos Aires as\u00ed como est\u00e1\u201d.<\/p>\n<p>Adem\u00e1s, expuso que la propuesta de la f\u00f3rmula Fern\u00e1ndez-Sabatella est\u00e1 basada en cinco ejes: \u201cSeguridad, que es lo que m\u00e1s preocupa a la sociedad, producci\u00f3n agropecuaria, industrial, salud y educaci\u00f3n\u201d.<\/p>\n<p>Sobre Mar del Plata, el precandidato a gobernador dijo que \u201cen esta localidad, una de las m\u00e1s importantes de la provincia, hay potenciar el desarrollo de su capacidad industrial, pesquera y tur\u00edstica\u201d.<\/p>\n","protected":false},"excerpt":{"rendered":"<p>El jefe de Gabinete y precandidato a gobernador bonaerense por el FPV reiter\u00f3 su propuesta de que el ministerio de Asuntos Agrarios \u201cdialogue con los intendentes y chacareros de cada regi\u00f3n de la Provincia, para discutir la pol\u00edtica de comercializaci\u00f3n\u201d.<\/p>\n","protected":false},"author":4,"featured_media":0,"comment_status":"open","ping_status":"open","sticky":false,"template":"","format":"standard","meta":{"_jetpack_newsletter_access":"","_jetpack_dont_email_post_to_subs":false,"_jetpack_newsletter_tier_id":0,"_jetpack_memberships_contains_paywalled_content":false,"_jetpack_memberships_contains_paid_content":false,"footnotes":""},"categories":[51],"tags":[],"class_list":["post-69902","post","type-post","status-publish","format-standard","hentry","category-politica"],"jetpack_shortlink":"https:\/\/wp.me\/p2JWE0-ibs","jetpack-related-posts":[{"id":67228,"url":"http:\/\/www.24baires.com\/?p=67228","url_meta":{"origin":69902,"position":0},"title":"An\u00edbal F. promete pol\u00edticas claras hacia al campo si es elegido Gobernador","author":"GB","date":"08\/06\/2015","format":false,"excerpt":"El jefe de Gabinete nacional y precandidato a gobernador bonaerense por el FpV, An\u00edbal Fern\u00e1ndez, afirm\u00f3 que si es elegido para reemplazar a Daniel Scioli el sector agropecuario tendr\u00e1 un ministerio de Asuntos Agrarios \"como no lo han visto nunca\u201d con \u201cpol\u00edticas muy claras para los chacareros\u201d. Fern\u00e1ndez asegur\u00f3 que\u2026","rel":"","context":"En \u00abElecciones 2015\u00bb","block_context":{"text":"Elecciones 2015","link":"http:\/\/www.24baires.com\/?cat=74"},"img":{"alt_text":"anibal","src":"https:\/\/i0.wp.com\/www.24baires.com\/wp-content\/uploads\/2015\/01\/anibal.jpg?resize=350%2C200","width":350,"height":200,"srcset":"https:\/\/i0.wp.com\/www.24baires.com\/wp-content\/uploads\/2015\/01\/anibal.jpg?resize=350%2C200 1x, https:\/\/i0.wp.com\/www.24baires.com\/wp-content\/uploads\/2015\/01\/anibal.jpg?resize=525%2C300 1.5x"},"classes":[]},{"id":66793,"url":"http:\/\/www.24baires.com\/?p=66793","url_meta":{"origin":69902,"position":1},"title":"\u00abHay intendentes peronistas que alguna vez fueron de vacaciones al FR y volvieron\u00bb","author":"AF","date":"30\/05\/2015","format":false,"excerpt":"El jefe de gabinete nacional y precandidato a gobernador bonaerense, An\u00edbal Fern\u00e1ndez, afirm\u00f3 hoy que los intendentes del massismo que est\u00e1n retornando al Frente para la Victoria, \"son peronistas de toda la vida\" que \"se fueron de vacaciones\" al Frente Renovador de Sergio Massa, pero ahora \"volvieron\". \"Hay intendentes peronistas\u2026","rel":"","context":"En \u00abElecciones 2015\u00bb","block_context":{"text":"Elecciones 2015","link":"http:\/\/www.24baires.com\/?cat=74"},"img":{"alt_text":"","src":"","width":0,"height":0},"classes":[]},{"id":73065,"url":"http:\/\/www.24baires.com\/?p=73065","url_meta":{"origin":69902,"position":2},"title":"\u00abQuiero el crecimiento de nuestros productores y nuestros habitantes\u00bb","author":"AF","date":"03\/10\/2015","format":false,"excerpt":"El jefe de Gabinete y candidato a gobernador para la Provincia de Buenos Aires por el Frente para la Victoria (FpV), An\u00edbal Fern\u00e1ndez, expuso aspectos de su programa agropecuario y se\u00f1al\u00f3 que la meta es \u201cel crecimiento\" de los \"productores\" y los \"habitantes\u201d, al recorrer las localidades de Daireaux y\u2026","rel":"","context":"En \u00abElecciones 2015\u00bb","block_context":{"text":"Elecciones 2015","link":"http:\/\/www.24baires.com\/?cat=74"},"img":{"alt_text":"","src":"https:\/\/i0.wp.com\/www.24baires.com\/wp-content\/uploads\/2015\/10\/an%C3%ADbal-fern%C3%A1ndez-calle.jpg?resize=350%2C200","width":350,"height":200},"classes":[]},{"id":73747,"url":"http:\/\/www.24baires.com\/?p=73747","url_meta":{"origin":69902,"position":3},"title":"An\u00edbal Fern\u00e1ndez anticip\u00f3 \u00abun gabinete con los mejores\u00bb","author":"GB","date":"18\/10\/2015","format":false,"excerpt":"El jefe de Gabinete y candidato a gobernador bonaerense An\u00edbal Fern\u00e1ndez resalt\u00f3 la idoneidad de D\u00e9bora Giorgi y de Roberto Domenech, quienes ocupar\u00e1n los ministerios de Industria y de Asuntos Agrarios si el candidato del FpV se impone en las elecciones del pr\u00f3ximo domingo, al mismo tiempo que asegur\u00f3 que\u2026","rel":"","context":"En \u00abPol\u00edtica\u00bb","block_context":{"text":"Pol\u00edtica","link":"http:\/\/www.24baires.com\/?cat=51"},"img":{"alt_text":"an\u00edbal cierre","src":"https:\/\/i0.wp.com\/www.24baires.com\/wp-content\/uploads\/2015\/08\/an%C3%ADbal-cierre.jpg?resize=350%2C200","width":350,"height":200,"srcset":"https:\/\/i0.wp.com\/www.24baires.com\/wp-content\/uploads\/2015\/08\/an%C3%ADbal-cierre.jpg?resize=350%2C200 1x, https:\/\/i0.wp.com\/www.24baires.com\/wp-content\/uploads\/2015\/08\/an%C3%ADbal-cierre.jpg?resize=525%2C300 1.5x"},"classes":[]},{"id":115696,"url":"http:\/\/www.24baires.com\/?p=115696","url_meta":{"origin":69902,"position":4},"title":"Kicillof convoc\u00f3 a las entidades del campo para hablar de seguridad rural","author":"GB","date":"21\/07\/2020","format":false,"excerpt":"El gobernador encabez\u00f3 esta ma\u00f1ana un encuentro con representantes de entidades del sector agropecuario para trabajar en medidas coordinadas para la prevenci\u00f3n del delito rural. El gobernador bonaerense, Axel Kicillof, puso en marcha una mesa de trabajo junto al ministro de Desarrollo Agrario, Javier Rodr\u00edguez, y su par de Seguridad,\u2026","rel":"","context":"En \u00abProvincia\u00bb","block_context":{"text":"Provincia","link":"http:\/\/www.24baires.com\/?cat=40"},"img":{"alt_text":"","src":"https:\/\/i0.wp.com\/www.24baires.com\/wp-content\/uploads\/2020\/07\/kici-seguridad.jpg?resize=350%2C200","width":350,"height":200,"srcset":"https:\/\/i0.wp.com\/www.24baires.com\/wp-content\/uploads\/2020\/07\/kici-seguridad.jpg?resize=350%2C200 1x, https:\/\/i0.wp.com\/www.24baires.com\/wp-content\/uploads\/2020\/07\/kici-seguridad.jpg?resize=525%2C300 1.5x"},"classes":[]},{"id":111228,"url":"http:\/\/www.24baires.com\/?p=111228","url_meta":{"origin":69902,"position":5},"title":"\u00abLos intendentes no juegan con la tijera, porque eso es jugar con la gente\u00bb","author":"AF","date":"17\/07\/2019","format":false,"excerpt":"Tras la reuni\u00f3n con los jefes comunales en la que se definieron los ejes de la campa\u00f1a, el precandidato presidencial recibi\u00f3 el respaldo a la \"boleta completa\" del Frente de Todos. El encuentro se produjo en el sal\u00f3n Garage Argentino, en San Telmo. All\u00ed Alberto Fernandez se reuni\u00f3 casi tres\u2026","rel":"","context":"En \u00abPol\u00edtica\u00bb","block_context":{"text":"Pol\u00edtica","link":"http:\/\/www.24baires.com\/?cat=51"},"img":{"alt_text":"","src":"https:\/\/i0.wp.com\/www.24baires.com\/wp-content\/uploads\/2019\/07\/fern%C3%A1ndez-intendentes.jpg?resize=350%2C200","width":350,"height":200,"srcset":"https:\/\/i0.wp.com\/www.24baires.com\/wp-content\/uploads\/2019\/07\/fern%C3%A1ndez-intendentes.jpg?resize=350%2C200 1x, https:\/\/i0.wp.com\/www.24baires.com\/wp-content\/uploads\/2019\/07\/fern%C3%A1ndez-intendentes.jpg?resize=525%2C300 1.5x"},"classes":[]}],"jetpack_sharing_enabled":true,"jetpack_likes_enabled":true,"jetpack_featured_media_url":"","_links":{"self":[{"href":"http:\/\/www.24baires.com\/index.php?rest_route=\/wp\/v2\/posts\/69902","targetHints":{"allow":["GET"]}}],"collection":[{"href":"http:\/\/www.24baires.com\/index.php?rest_route=\/wp\/v2\/posts"}],"about":[{"href":"http:\/\/www.24baires.com\/index.php?rest_route=\/wp\/v2\/types\/post"}],"author":[{"embeddable":true,"href":"http:\/\/www.24baires.com\/index.php?rest_route=\/wp\/v2\/users\/4"}],"replies":[{"embeddable":true,"href":"http:\/\/www.24baires.com\/index.php?rest_route=%2Fwp%2Fv2%2Fcomments&post=69902"}],"version-history":[{"count":1,"href":"http:\/\/www.24baires.com\/index.php?rest_route=\/wp\/v2\/posts\/69902\/revisions"}],"predecessor-version":[{"id":69903,"href":"http:\/\/www.24baires.com\/index.php?rest_route=\/wp\/v2\/posts\/69902\/revisions\/69903"}],"wp:attachment":[{"href":"http:\/\/www.24baires.com\/index.php?rest_route=%2Fwp%2Fv2%2Fmedia&parent=69902"}],"wp:term":[{"taxonomy":"category","embeddable":true,"href":"http:\/\/www.24baires.com\/index.php?rest_route=%2Fwp%2Fv2%2Fcategories&post=69902"},{"taxonomy":"post_tag","embeddable":true,"href":"http:\/\/www.24baires.com\/index.php?rest_route=%2Fwp%2Fv2%2Ftags&post=69902"}],"curies":[{"name":"wp","href":"https:\/\/api.w.org\/{rel}","templated":true}]}}