{"id":69854,"date":"2015-07-31T19:00:33","date_gmt":"2015-07-31T22:00:33","guid":{"rendered":"http:\/\/www.24baires.com\/?p=69854"},"modified":"2015-08-01T11:21:43","modified_gmt":"2015-08-01T14:21:43","slug":"maximo-la-logica-del-conflicto-y-la-promesa-vana-nos-ha-llevado-a-frustraciones","status":"publish","type":"post","link":"http:\/\/www.24baires.com\/?p=69854","title":{"rendered":"M\u00e1ximo: \u00abLa l\u00f3gica del conflicto y la promesa vana nos ha llevado a frustraciones\u00bb"},"content":{"rendered":"<p><img data-recalc-dims=\"1\" loading=\"lazy\" decoding=\"async\" src=\"https:\/\/i0.wp.com\/www.24baires.com\/wp-content\/uploads\/2015\/07\/m%C3%A1ximo-kirchner.jpg?resize=560%2C314\" alt=\"m\u00e1ximo kirchner\" width=\"560\" height=\"314\" class=\"aligncenter size-full wp-image-69855\" srcset=\"https:\/\/i0.wp.com\/www.24baires.com\/wp-content\/uploads\/2015\/07\/m%C3%A1ximo-kirchner.jpg?w=560 560w, https:\/\/i0.wp.com\/www.24baires.com\/wp-content\/uploads\/2015\/07\/m%C3%A1ximo-kirchner.jpg?resize=300%2C168 300w\" sizes=\"auto, (max-width: 560px) 100vw, 560px\" \/>El candidato a diputado nacional por Santa Cruz, M\u00e1ximo Kirchner, recorri\u00f3 la ciudad de Caleta Olivia en el marco de la campa\u00f1a electoral. All\u00ed llam\u00f3 a la participaci\u00f3n social y cuestion\u00f3 a la oposici\u00f3n en la provincia.<!--more--><\/p>\n<p>El candidato a diputado nacional por Santa Cruz, M\u00e1ximo Kirchner, pidi\u00f3 a los sancruce\u00f1os que \u201cvuelvan a involucrarse en la pol\u00edtica\u201d porque \u201ccuando una sociedad deja de participar comienzan los grandes problemas\u201d, al tiempo que cuestion\u00f3 a la oposici\u00f3n local al afirmar que \u201cla l\u00f3gica del conflicto o de la promesa vana, nos ha llevado a grandes frustraciones como sociedad\u201d.<\/p>\n<p>En una recorrida por Caleta Olivia, el hijo de la Presidenta record\u00f3 que durante la construcci\u00f3n del Puerto de Caleta Paula \u201clos mismos que ahora dicen que van a cambiar todo o lo van a hacer mejor, dec\u00edan que iba a ser una gran pileta. Y ah\u00ed est\u00e1 el puerto funcionando, y ah\u00ed estuvo Cristina para agrandarlo y para generar m\u00e1s trabajo en Caleta Olivia para la familia santacruce\u00f1a\u201d, sentenci\u00f3.<\/p>\n<p>A su vez, aclar\u00f3 que \u00e9l no viene a decir que van a generar 20.000 puestos de trabajo, sino que \u201cesas represas ya generaron 500 y si hay un proyecto pol\u00edtico en el pa\u00eds que las contin\u00fae, y en la provincia tambi\u00e9n, seguramente van a llegar a generar 5.000 puestos de trabajo\u201d.<\/p>\n<p>\u201cYo no vengo a prometerles nada, ni tampoco vengo a ponerme detr\u00e1s de ning\u00fan conflicto para promocionarlo, o para ver si sacamos un poco de votos m\u00e1s\u201d, resalt\u00f3.<\/p>\n<p>Y agreg\u00f3: \u201cEsa l\u00f3gica en los \u00faltimos a\u00f1os de Santa Cruz, del conflicto o de la promesa vana, nos ha llevado a grandes frustraciones como sociedad\u201d.<\/p>\n<p>En este sentido, llam\u00f3 a recordar los conflictos de 2007 y 2011 ocurridos en la provincia, que incluy\u00f3 bloqueos a los campos petroleros, impidiendo el acceso a los trabajadores y generando el \u00faltimo de ellos un d\u00e9ficit de m\u00e1s de 400 millones de pesos.<\/p>\n<p>Por otro lado, M\u00e1ximo se refiri\u00f3 al empresario Eduardo Costa, diputado nacional y candidato a gobernador por el radicalismo, al remarcar que \u201caquellos que se\u00f1alan con el dedo y poco han hecho por la provincia lo que tendr\u00edan que hacer es comenzar a conocer a su gente y a trabajar, porque cuando uno recorre cada pueblo de Santa Cruz ve c\u00f3mo ha crecido\u201d.<\/p>\n<p>\u201cHay algunos que creen que cuando la gente no lo vota a uno no es inteligente y lo hacen por el chorip\u00e1n y por el vino. Realmente la sociedad vota, y cuando vota, lo que se tiene que hacer es respetarla\u00bb subray\u00f3.<\/p>\n<p>Igualmente, el candidato a diputado nacional se refiri\u00f3 a las notas period\u00edsticas que distorsionaban el objetivo del Programa Ayudas Urgentes del Ministerio de Desarrollo de la Naci\u00f3n que lleg\u00f3 a Caleta Olivia, y que fueran usadas por los diputados provinciales del empresario Costa para apariciones medi\u00e1ticas.<\/p>\n<p>\u00abPara ellos se es capaz de cambiar un voto por un colch\u00f3n o una lavadora, la verdad que reducir a la gente a eso no est\u00e1 bien; porque entonces qu\u00e9 cabe para un empresario que puede recibir un pr\u00e9stamo del Banco Santa Cruz a tasa preferencial de lo que eran los fondos extrapresupuestarios para levantar una f\u00e1brica de ladrillos y despu\u00e9s querer vender los ladrillos m\u00e1s caros a toda la sociedad? Creo que hay mucho clasismo de esos sectores sobre los m\u00e1s humildes\u00bb, concluy\u00f3 M\u00e1ximo.<\/p>\n","protected":false},"excerpt":{"rendered":"<p>El candidato a diputado nacional por Santa Cruz, M\u00e1ximo Kirchner, recorri\u00f3 la ciudad de Caleta Olivia en el marco de la campa\u00f1a electoral. All\u00ed llam\u00f3 a la participaci\u00f3n social y cuestion\u00f3 a la oposici\u00f3n en la provincia.<\/p>\n","protected":false},"author":4,"featured_media":0,"comment_status":"open","ping_status":"open","sticky":false,"template":"","format":"standard","meta":{"_jetpack_newsletter_access":"","_jetpack_dont_email_post_to_subs":false,"_jetpack_newsletter_tier_id":0,"_jetpack_memberships_contains_paywalled_content":false,"_jetpack_memberships_contains_paid_content":false,"footnotes":""},"categories":[51],"tags":[],"class_list":["post-69854","post","type-post","status-publish","format-standard","hentry","category-politica"],"jetpack_shortlink":"https:\/\/wp.me\/p2JWE0-iaG","jetpack-related-posts":[{"id":73675,"url":"http:\/\/www.24baires.com\/?p=73675","url_meta":{"origin":69854,"position":0},"title":"\u00abEsta transformaci\u00f3n no va a parar porque Daniel Scioli va a ser presidente y va a seguir adelante\u00bb","author":"AF","date":"16\/10\/2015","format":false,"excerpt":"La Presidenta encabeza un acto en Caleta Olivia junto a la candidata a gobernadora Alicia Kirchner, el candidato a diputado M\u00e1ximo Kirchner, y a la f\u00f3rmula presidencial Scioli-Zannini. La presidenta Cristina Fern\u00e1ndez de Kirchner sostuvo hoy que Daniel Scioli \"va a ser el presidente de todos los argentinos\" y le\u2026","rel":"","context":"En \u00abSociedad\u00bb","block_context":{"text":"Sociedad","link":"http:\/\/www.24baires.com\/?cat=1"},"img":{"alt_text":"","src":"https:\/\/i0.wp.com\/www.24baires.com\/wp-content\/uploads\/2015\/10\/cfk-caleta.jpg?resize=350%2C200","width":350,"height":200,"srcset":"https:\/\/i0.wp.com\/www.24baires.com\/wp-content\/uploads\/2015\/10\/cfk-caleta.jpg?resize=350%2C200 1x, https:\/\/i0.wp.com\/www.24baires.com\/wp-content\/uploads\/2015\/10\/cfk-caleta.jpg?resize=525%2C300 1.5x"},"classes":[]},{"id":69462,"url":"http:\/\/www.24baires.com\/?p=69462","url_meta":{"origin":69854,"position":1},"title":"Cristina en Santa Cruz: \u00abHoy hasta la oposici\u00f3n nos da la raz\u00f3n\u201d","author":"Grupo Sierra","date":"23\/07\/2015","format":false,"excerpt":"La Presidenta asegur\u00f3 hoy que \u201cen estos 12 a\u00f1os se lograron cosas impensadas\u201d y recalc\u00f3 que ello fue posible porque este es un gobierno que cree profundamente en lo que hace. \u201cNunca nos habr\u00e1n escuchado decir cosas por conveniencia electoral y hoy hasta la oposici\u00f3n nos da la raz\u00f3n\u201d, enfatiz\u00f3.\u2026","rel":"","context":"En \u00abPol\u00edtica\u00bb","block_context":{"text":"Pol\u00edtica","link":"http:\/\/www.24baires.com\/?cat=51"},"img":{"alt_text":"","src":"https:\/\/i0.wp.com\/www.24baires.com\/wp-content\/uploads\/2015\/07\/cristina-santa-cruz.jpg?resize=350%2C200","width":350,"height":200,"srcset":"https:\/\/i0.wp.com\/www.24baires.com\/wp-content\/uploads\/2015\/07\/cristina-santa-cruz.jpg?resize=350%2C200 1x, https:\/\/i0.wp.com\/www.24baires.com\/wp-content\/uploads\/2015\/07\/cristina-santa-cruz.jpg?resize=525%2C300 1.5x"},"classes":[]},{"id":13240,"url":"http:\/\/www.24baires.com\/?p=13240","url_meta":{"origin":69854,"position":2},"title":"Municipios podr\u00e1n pedir fondos a Naci\u00f3n, sin recurrir a las provincias","author":"AF","date":"23\/01\/2013","format":false,"excerpt":"El Gobierno reglament\u00f3 este mi\u00e9rcoles un mecanismo para que los municipios puedan presentarse a pedir fondos al Ejecutivo nacional sin recurrir a los provinciales. El \"Procedimiento para Solicitudes de Ayuda Financiera\" fue reglamentado a trav\u00e9s de la Resoluci\u00f3n 13\/2003 de la Jefatura de Gabinete, en base al decreto 2609\/12, seg\u00fan\u2026","rel":"","context":"En \u00abEconom\u00eda\u00bb","block_context":{"text":"Econom\u00eda","link":"http:\/\/www.24baires.com\/?cat=45"},"img":{"alt_text":"scioli intendentes","src":"https:\/\/i0.wp.com\/www.24baires.com\/wp-content\/uploads\/2013\/01\/scioli-intendentes.png?resize=350%2C200","width":350,"height":200},"classes":[]},{"id":105136,"url":"http:\/\/www.24baires.com\/?p=105136","url_meta":{"origin":69854,"position":3},"title":"En el aniversario de la muerte de Kirchner, M\u00e1ximo pidi\u00f3 \u00abreflexionar muy bien\u00bb a la hora de votar","author":"AF","date":"27\/10\/2018","format":false,"excerpt":"El diputado y l\u00edder de La C\u00e1mpora encabez\u00f3 un acto, rodeado de militantes y dirigentes, en Villa Palito en La Matanza. A ocho a\u00f1os de la muerte del ex presidente N\u00e9stor Kirchner, el l\u00edder de La C\u00e1mpora, M\u00e1ximo Kirchner, encabez\u00f3 un acto en Villa Palito en La Matanza y les\u2026","rel":"","context":"En \u00abPol\u00edtica\u00bb","block_context":{"text":"Pol\u00edtica","link":"http:\/\/www.24baires.com\/?cat=51"},"img":{"alt_text":"","src":"https:\/\/i0.wp.com\/www.24baires.com\/wp-content\/uploads\/2018\/10\/m%C3%A1ximo-kirchner.jpg?resize=350%2C200","width":350,"height":200,"srcset":"https:\/\/i0.wp.com\/www.24baires.com\/wp-content\/uploads\/2018\/10\/m%C3%A1ximo-kirchner.jpg?resize=350%2C200 1x, https:\/\/i0.wp.com\/www.24baires.com\/wp-content\/uploads\/2018\/10\/m%C3%A1ximo-kirchner.jpg?resize=525%2C300 1.5x"},"classes":[]},{"id":105513,"url":"http:\/\/www.24baires.com\/?p=105513","url_meta":{"origin":69854,"position":4},"title":"ARA San Juan: la jueza deslig\u00f3 de responsabilidades penales a Macri","author":"GB","date":"20\/11\/2018","format":false,"excerpt":"La jueza federal de Caleta Olivia, Marta Y\u00e1\u00f1ez, sostuvo hoy que el presidente Mauricio Macri \"estar\u00eda muy lejano en la cadena de responsabilidades\" de los acontecimientos que desencadenaron en el hundimiento del submarino ARA San Juan y sus 44 tripulantes. \"Estamos hablando de las decisiones que se toman en el\u2026","rel":"","context":"En \u00abPol\u00edtica\u00bb","block_context":{"text":"Pol\u00edtica","link":"http:\/\/www.24baires.com\/?cat=51"},"img":{"alt_text":"","src":"https:\/\/i0.wp.com\/www.24baires.com\/wp-content\/uploads\/2018\/11\/ara-san-juan-macri-300x200.jpg?resize=350%2C200","width":350,"height":200},"classes":[]},{"id":90614,"url":"http:\/\/www.24baires.com\/?p=90614","url_meta":{"origin":69854,"position":5},"title":"M\u00e1ximo no descart\u00f3 que Cristina sea candidata en 2017","author":"GB","date":"07\/12\/2016","format":false,"excerpt":"\"Se ver\u00e1 el a\u00f1o que viene\", respondi\u00f3 al ser consultado sobre una eventual postulaci\u00f3n de la ex Presidenta. Destac\u00f3 que tiene \"buenos niveles de aceptaci\u00f3n pese a ser atacada permanentemente\". El diputado nacional M\u00e1ximo Kirchner no descart\u00f3 que la ex presidenta Cristina Fern\u00e1ndez de Kirchner sea candidata a legisladora en\u2026","rel":"","context":"En \u00abPol\u00edtica\u00bb","block_context":{"text":"Pol\u00edtica","link":"http:\/\/www.24baires.com\/?cat=51"},"img":{"alt_text":"m\u00e1ximo kirchner","src":"https:\/\/i0.wp.com\/www.24baires.com\/wp-content\/uploads\/2015\/07\/m%C3%A1ximo-kirchner.jpg?resize=350%2C200","width":350,"height":200,"srcset":"https:\/\/i0.wp.com\/www.24baires.com\/wp-content\/uploads\/2015\/07\/m%C3%A1ximo-kirchner.jpg?resize=350%2C200 1x, https:\/\/i0.wp.com\/www.24baires.com\/wp-content\/uploads\/2015\/07\/m%C3%A1ximo-kirchner.jpg?resize=525%2C300 1.5x"},"classes":[]}],"jetpack_sharing_enabled":true,"jetpack_likes_enabled":true,"jetpack_featured_media_url":"","_links":{"self":[{"href":"http:\/\/www.24baires.com\/index.php?rest_route=\/wp\/v2\/posts\/69854","targetHints":{"allow":["GET"]}}],"collection":[{"href":"http:\/\/www.24baires.com\/index.php?rest_route=\/wp\/v2\/posts"}],"about":[{"href":"http:\/\/www.24baires.com\/index.php?rest_route=\/wp\/v2\/types\/post"}],"author":[{"embeddable":true,"href":"http:\/\/www.24baires.com\/index.php?rest_route=\/wp\/v2\/users\/4"}],"replies":[{"embeddable":true,"href":"http:\/\/www.24baires.com\/index.php?rest_route=%2Fwp%2Fv2%2Fcomments&post=69854"}],"version-history":[{"count":3,"href":"http:\/\/www.24baires.com\/index.php?rest_route=\/wp\/v2\/posts\/69854\/revisions"}],"predecessor-version":[{"id":69872,"href":"http:\/\/www.24baires.com\/index.php?rest_route=\/wp\/v2\/posts\/69854\/revisions\/69872"}],"wp:attachment":[{"href":"http:\/\/www.24baires.com\/index.php?rest_route=%2Fwp%2Fv2%2Fmedia&parent=69854"}],"wp:term":[{"taxonomy":"category","embeddable":true,"href":"http:\/\/www.24baires.com\/index.php?rest_route=%2Fwp%2Fv2%2Fcategories&post=69854"},{"taxonomy":"post_tag","embeddable":true,"href":"http:\/\/www.24baires.com\/index.php?rest_route=%2Fwp%2Fv2%2Ftags&post=69854"}],"curies":[{"name":"wp","href":"https:\/\/api.w.org\/{rel}","templated":true}]}}