{"id":69784,"date":"2015-07-30T18:30:27","date_gmt":"2015-07-30T21:30:27","guid":{"rendered":"http:\/\/www.24baires.com\/?p=69784"},"modified":"2015-07-31T10:53:41","modified_gmt":"2015-07-31T13:53:41","slug":"scioli-se-comprometio-a-cuidar-el-poder-adquisitivo-del-salario","status":"publish","type":"post","link":"http:\/\/www.24baires.com\/?p=69784","title":{"rendered":"Scioli se comprometi\u00f3 a \u201ccuidar el poder adquisitivo del salario\u201d"},"content":{"rendered":"<p><img data-recalc-dims=\"1\" loading=\"lazy\" decoding=\"async\" class=\"aligncenter size-full wp-image-69500\" src=\"https:\/\/i0.wp.com\/www.24baires.com\/wp-content\/uploads\/2015\/07\/scioli-zannini1.jpg?resize=560%2C314\" alt=\"scioli zannini\" width=\"560\" height=\"314\" srcset=\"https:\/\/i0.wp.com\/www.24baires.com\/wp-content\/uploads\/2015\/07\/scioli-zannini1.jpg?w=560 560w, https:\/\/i0.wp.com\/www.24baires.com\/wp-content\/uploads\/2015\/07\/scioli-zannini1.jpg?resize=300%2C168 300w\" sizes=\"auto, (max-width: 560px) 100vw, 560px\" \/>El candidato presidencial del Frente para la Victoria, Daniel Scioli, recibi\u00f3 esta tarde el \u201crotundo\u201d apoyo a su postulaci\u00f3n de un centenar de gremios en un acto en Costa Salguero.<!--more--><\/p>\n<p>Durante el encuentro organizado por la \u201cMesa Sindical Scioli Presidente\u201d, en el que m\u00e1s de un centenar gremios ratificaron su apoyo a la f\u00f3rmula Scioli-Zannini, el gobernador bonaerense asegur\u00f3 que los trabajadores \u201cson y ser\u00e1n la columna vertebral de este movimiento, de este proyecto y los protagonistas de las grandes transformaciones\u201d.<\/p>\n<p>\u201cMi compromiso es cuidar el poder adquisitivo del salario en la mesa de los argentinos\u201d, asegur\u00f3 esta tarde Scioli frente a m\u00e1s de 3.000 sindicalistas, ante quienes tambi\u00e9n expres\u00f3 su respaldo al modelo de asociaciones sindicales por actividad.<\/p>\n<p>Scioli record\u00f3 que durante los \u00faltimos a\u00f1os \u201cse sancionaron 50 leyes a favor de los trabajadores\u00bb y asegur\u00f3 que \u201ccon la lucha de cada uno de ustedes llegamos con orgullo al salario m\u00ednimo vital y m\u00f3vil m\u00e1s alto de Latinoam\u00e9rica. Ese es el logro de estas pol\u00edticas\u201d.<\/p>\n<p>\u201cTenemos el desaf\u00edo de construir sobre estos s\u00f3lidos cimientos. Estamos aqu\u00ed para convocar a los 9 millones de trabajadores que representan ustedes en la organizaciones gremiales para juntos avanzar a lo que falta\u201d, a\u00f1adi\u00f3.<\/p>\n<p>El acto fue convocado por los dirigentes que integran la \u201cMesa Sindical Scioli Presidente\u201d, entre ellos el titular de la CGT, Antonio Cal\u00f3 (UOM), y los secretarios generales Gerardo Mart\u00ednez (UOCRA), Omar Viviani (Taxistas), Norberto Di Prospero (APL), Andr\u00e9s Rodr\u00edguez (UPCN), Ricardo Pignanelli (SMATA), Jos\u00e9 Luis Lingeri (Obras Sanitarias) y V\u00edctor Santa Mar\u00eda (Suterh).<\/p>\n<p>En el encuentro tambi\u00e9n particip\u00f3 una nutrida delegaci\u00f3n de dirigentes pertenecientes a la central obrera disidente que conduce Hugo Moyano, como el municipal porte\u00f1o Amadeo Genta, el canillita Omar Plaini, el titular del gremio de la Alimentaci\u00f3n Rodolfo Daer, el secretario general del sindicato del Gas Oscar Mangone, el dirigente de los publicitarios Miguel \u00c1ngel Paniagua y la titular de la Uni\u00f3n de Trabajadores de Moda e Imagen Publicitaria, No\u00e9 Ru\u00edz.<\/p>\n<p>Antes que Daniel Scioli, ya hab\u00edan tomado la palabra su compa\u00f1ero de f\u00f3rmula y secretario Legal y T\u00e9cnico de la Presidencia de la Naci\u00f3n, Carlos Zannini, y el titular de la Confederaci\u00f3n General del Trabajo, Antonio Cal\u00f3, quienes destacaron \u201clas conquistas\u201d en materia laboral durante la \u00faltima d\u00e9cada.<\/p>\n","protected":false},"excerpt":{"rendered":"<p>El candidato presidencial del Frente para la Victoria, Daniel Scioli, recibi\u00f3 esta tarde el \u201crotundo\u201d apoyo a su postulaci\u00f3n de un centenar de gremios en un acto en Costa Salguero.<\/p>\n","protected":false},"author":4,"featured_media":0,"comment_status":"open","ping_status":"open","sticky":false,"template":"","format":"standard","meta":{"_jetpack_newsletter_access":"","_jetpack_dont_email_post_to_subs":false,"_jetpack_newsletter_tier_id":0,"_jetpack_memberships_contains_paywalled_content":false,"_jetpack_memberships_contains_paid_content":false,"footnotes":""},"categories":[51],"tags":[],"class_list":["post-69784","post","type-post","status-publish","format-standard","hentry","category-politica"],"jetpack_shortlink":"https:\/\/wp.me\/p2JWE0-i9y","jetpack-related-posts":[{"id":101122,"url":"http:\/\/www.24baires.com\/?p=101122","url_meta":{"origin":69784,"position":0},"title":"Indagar\u00e1n a Scioli por irregularidades en la construcci\u00f3n de las UPA 24","author":"AF","date":"17\/03\/2018","format":false,"excerpt":"El ex gobernador Daniel Scioli y quien fuera su ministro de Salud, Alejandro Collia, fueron imputados y citados a prestar declaraci\u00f3n indagatoria en el marco de una causa que investiga presuntas irregularidades en la adjudicaci\u00f3n de ocho Unidades de Pronta Atenci\u00f3n (UPA 24) para las que se destinaron m\u00e1s de\u2026","rel":"","context":"En \u00abJUDICIALES\u00bb","block_context":{"text":"JUDICIALES","link":"http:\/\/www.24baires.com\/?cat=68"},"img":{"alt_text":"","src":"https:\/\/i0.wp.com\/www.24baires.com\/wp-content\/uploads\/2014\/05\/Daniel-Scioli.jpg?resize=350%2C200","width":350,"height":200,"srcset":"https:\/\/i0.wp.com\/www.24baires.com\/wp-content\/uploads\/2014\/05\/Daniel-Scioli.jpg?resize=350%2C200 1x, https:\/\/i0.wp.com\/www.24baires.com\/wp-content\/uploads\/2014\/05\/Daniel-Scioli.jpg?resize=525%2C300 1.5x"},"classes":[]},{"id":120226,"url":"http:\/\/www.24baires.com\/?p=120226","url_meta":{"origin":69784,"position":1},"title":"Cristina recibi\u00f3 a Scioli: \u201cA seguir trabajando, que es lo que hay que hacer\u201d","author":"AF","date":"28\/06\/2023","format":false,"excerpt":"\"Hablamos mucho, con sinceridad y con el respeto de siempre. Me transmiti\u00f3 que su vocaci\u00f3n es ayudar y colaborar como un compa\u00f1ero m\u00e1s\", asegur\u00f3 a trav\u00e9s de las redes sociales la Vicepresidenta sobre el encuentro. La Vicepresidenta Cristina Fern\u00e1ndez de Kirchner public\u00f3 en redes sociales una foto con el embajador\u2026","rel":"","context":"En \u00abPol\u00edtica\u00bb","block_context":{"text":"Pol\u00edtica","link":"http:\/\/www.24baires.com\/?cat=51"},"img":{"alt_text":"","src":"https:\/\/i0.wp.com\/www.24baires.com\/wp-content\/uploads\/2023\/06\/WhatsApp-Image-2023-06-28-at-23.30.42.jpeg?resize=350%2C200","width":350,"height":200,"srcset":"https:\/\/i0.wp.com\/www.24baires.com\/wp-content\/uploads\/2023\/06\/WhatsApp-Image-2023-06-28-at-23.30.42.jpeg?resize=350%2C200 1x, https:\/\/i0.wp.com\/www.24baires.com\/wp-content\/uploads\/2023\/06\/WhatsApp-Image-2023-06-28-at-23.30.42.jpeg?resize=525%2C300 1.5x, https:\/\/i0.wp.com\/www.24baires.com\/wp-content\/uploads\/2023\/06\/WhatsApp-Image-2023-06-28-at-23.30.42.jpeg?resize=700%2C400 2x"},"classes":[]},{"id":108387,"url":"http:\/\/www.24baires.com\/?p=108387","url_meta":{"origin":69784,"position":2},"title":"Scioli ratific\u00f3 su candidatura presidencial","author":"GB","date":"25\/05\/2019","format":false,"excerpt":"El exgobernador de la Provincia de Buenos Aires particip\u00f3 del Congreso Educativo de Ajedrez que se realiz\u00f3 en la ciudad balnearia y manifest\u00f3 sus deseos de ser el primer mandatario del pa\u00eds despu\u00e9s del 10 de diciembre, sin embargo aclar\u00f3: \u201cVer\u00e9 como peronista en qu\u00e9 lugar puedo hacer mi mayor\u2026","rel":"","context":"En \u00abPol\u00edtica\u00bb","block_context":{"text":"Pol\u00edtica","link":"http:\/\/www.24baires.com\/?cat=51"},"img":{"alt_text":"","src":"https:\/\/i0.wp.com\/www.24baires.com\/wp-content\/uploads\/2019\/05\/scioli-mar-del.jpg?resize=350%2C200","width":350,"height":200,"srcset":"https:\/\/i0.wp.com\/www.24baires.com\/wp-content\/uploads\/2019\/05\/scioli-mar-del.jpg?resize=350%2C200 1x, https:\/\/i0.wp.com\/www.24baires.com\/wp-content\/uploads\/2019\/05\/scioli-mar-del.jpg?resize=525%2C300 1.5x"},"classes":[]},{"id":100804,"url":"http:\/\/www.24baires.com\/?p=100804","url_meta":{"origin":69784,"position":3},"title":"Vidal abre las sesiones ordinarias con el conflicto docente en puerta","author":"GB","date":"01\/03\/2018","format":false,"excerpt":"Una vez m\u00e1s, la mandataria vuelve al Congreso en una disputa con los gremios docentes. En su discurso del a\u00f1o pasado puso como eje central a la educaci\u00f3n La gobernadora de la provincia de Buenos Aires, Mar\u00eda Eugenia Vidal, abrir\u00e1 las sesiones legislativas ordinarias de este a\u00f1o y brindar\u00e1 el\u2026","rel":"","context":"En \u00abProvincia\u00bb","block_context":{"text":"Provincia","link":"http:\/\/www.24baires.com\/?cat=40"},"img":{"alt_text":"","src":"https:\/\/i0.wp.com\/www.24baires.com\/wp-content\/uploads\/2018\/01\/vidal-anuncios.jpg?resize=350%2C200","width":350,"height":200,"srcset":"https:\/\/i0.wp.com\/www.24baires.com\/wp-content\/uploads\/2018\/01\/vidal-anuncios.jpg?resize=350%2C200 1x, https:\/\/i0.wp.com\/www.24baires.com\/wp-content\/uploads\/2018\/01\/vidal-anuncios.jpg?resize=525%2C300 1.5x"},"classes":[]},{"id":119056,"url":"http:\/\/www.24baires.com\/?p=119056","url_meta":{"origin":69784,"position":4},"title":"\u00abSeguramente habr\u00e1 algunas modificaciones\u00bb en las revisiones del acuerdo con el FMI","author":"AF","date":"05\/07\/2022","format":false,"excerpt":"La flamante ministra de Econom\u00eda afirm\u00f3 que se debe \"trabajar de manera conjunta\" para cumplir con el acuerdo. \"Viendo las metas de cada revisi\u00f3n, seguramente habr\u00e1 algunas modificaciones\", remarc\u00f3. La flamante ministra de Econom\u00eda, Silvina Batakis, que \"seguramente habr\u00e1 algunas modificaciones\" en las pr\u00f3ximas revisiones del acuerdo con el Fondo\u2026","rel":"","context":"En \u00abEconom\u00eda\u00bb","block_context":{"text":"Econom\u00eda","link":"http:\/\/www.24baires.com\/?cat=45"},"img":{"alt_text":"","src":"https:\/\/i0.wp.com\/www.24baires.com\/wp-content\/uploads\/2022\/07\/62c35d28a345d_900.jpg?resize=350%2C200","width":350,"height":200,"srcset":"https:\/\/i0.wp.com\/www.24baires.com\/wp-content\/uploads\/2022\/07\/62c35d28a345d_900.jpg?resize=350%2C200 1x, https:\/\/i0.wp.com\/www.24baires.com\/wp-content\/uploads\/2022\/07\/62c35d28a345d_900.jpg?resize=525%2C300 1.5x, https:\/\/i0.wp.com\/www.24baires.com\/wp-content\/uploads\/2022\/07\/62c35d28a345d_900.jpg?resize=700%2C400 2x"},"classes":[]},{"id":119053,"url":"http:\/\/www.24baires.com\/?p=119053","url_meta":{"origin":69784,"position":5},"title":"Los tres ejes que se propone Batakis para su gesti\u00f3n","author":"AF","date":"04\/07\/2022","format":false,"excerpt":"A los pocos minutos de jurar en su cargo, Batakis dijo que \"vamos a seguir el programa econ\u00f3mico del Presidente\". Tambi\u00e9n se\u00f1al\u00f3 que \"queremos una mirada federal, que incluya a todos y todas los argentinos y argentinas\". Los tres puntos principales que estableci\u00f3 para su gesti\u00f3n al frente de Econom\u00eda.\u2026","rel":"","context":"En \u00abEconom\u00eda\u00bb","block_context":{"text":"Econom\u00eda","link":"http:\/\/www.24baires.com\/?cat=45"},"img":{"alt_text":"","src":"https:\/\/i0.wp.com\/www.24baires.com\/wp-content\/uploads\/2022\/07\/Batakis-1.jpg?resize=350%2C200","width":350,"height":200,"srcset":"https:\/\/i0.wp.com\/www.24baires.com\/wp-content\/uploads\/2022\/07\/Batakis-1.jpg?resize=350%2C200 1x, https:\/\/i0.wp.com\/www.24baires.com\/wp-content\/uploads\/2022\/07\/Batakis-1.jpg?resize=525%2C300 1.5x, https:\/\/i0.wp.com\/www.24baires.com\/wp-content\/uploads\/2022\/07\/Batakis-1.jpg?resize=700%2C400 2x"},"classes":[]}],"jetpack_sharing_enabled":true,"jetpack_likes_enabled":true,"jetpack_featured_media_url":"","_links":{"self":[{"href":"http:\/\/www.24baires.com\/index.php?rest_route=\/wp\/v2\/posts\/69784","targetHints":{"allow":["GET"]}}],"collection":[{"href":"http:\/\/www.24baires.com\/index.php?rest_route=\/wp\/v2\/posts"}],"about":[{"href":"http:\/\/www.24baires.com\/index.php?rest_route=\/wp\/v2\/types\/post"}],"author":[{"embeddable":true,"href":"http:\/\/www.24baires.com\/index.php?rest_route=\/wp\/v2\/users\/4"}],"replies":[{"embeddable":true,"href":"http:\/\/www.24baires.com\/index.php?rest_route=%2Fwp%2Fv2%2Fcomments&post=69784"}],"version-history":[{"count":1,"href":"http:\/\/www.24baires.com\/index.php?rest_route=\/wp\/v2\/posts\/69784\/revisions"}],"predecessor-version":[{"id":69788,"href":"http:\/\/www.24baires.com\/index.php?rest_route=\/wp\/v2\/posts\/69784\/revisions\/69788"}],"wp:attachment":[{"href":"http:\/\/www.24baires.com\/index.php?rest_route=%2Fwp%2Fv2%2Fmedia&parent=69784"}],"wp:term":[{"taxonomy":"category","embeddable":true,"href":"http:\/\/www.24baires.com\/index.php?rest_route=%2Fwp%2Fv2%2Fcategories&post=69784"},{"taxonomy":"post_tag","embeddable":true,"href":"http:\/\/www.24baires.com\/index.php?rest_route=%2Fwp%2Fv2%2Ftags&post=69784"}],"curies":[{"name":"wp","href":"https:\/\/api.w.org\/{rel}","templated":true}]}}