{"id":69726,"date":"2015-07-29T18:00:32","date_gmt":"2015-07-29T21:00:32","guid":{"rendered":"http:\/\/www.24baires.com\/?p=69726"},"modified":"2015-07-29T18:08:07","modified_gmt":"2015-07-29T21:08:07","slug":"di-tullio-dura-con-sturzenegger-el-pro-es-el-partido-de-la-mentira","status":"publish","type":"post","link":"http:\/\/www.24baires.com\/?p=69726","title":{"rendered":"Di Tullio, dura con Sturzenegger: \u00abEl PRO es el partido de la mentira\u00bb"},"content":{"rendered":"<p><img data-recalc-dims=\"1\" loading=\"lazy\" decoding=\"async\" class=\"aligncenter size-full wp-image-23121\" src=\"https:\/\/i0.wp.com\/www.24baires.com\/wp-content\/uploads\/2013\/05\/Di-Tullio.jpg?resize=560%2C391\" alt=\"Di Tullio\" width=\"560\" height=\"391\" srcset=\"https:\/\/i0.wp.com\/www.24baires.com\/wp-content\/uploads\/2013\/05\/Di-Tullio.jpg?w=560 560w, https:\/\/i0.wp.com\/www.24baires.com\/wp-content\/uploads\/2013\/05\/Di-Tullio.jpg?resize=300%2C209 300w\" sizes=\"auto, (max-width: 560px) 100vw, 560px\" \/>Legisladores del FpV criticaron las declaraciones del legislador, quien manifest\u00f3 que el asesor Jaime Dur\u00e1n Barba le recomend\u00f3 no decir en p\u00fablico lo que piensa hacer esa fuerza pol\u00edtica si llega al Gobierno.<!--more--><\/p>\n<p>En ese sentido, la presidenta del bloque de diputados del Frente para la Victoria, Juliana di Tullio, manifest\u00f3 que \u00abel PRO es el partido de la mentira\u00bb y consider\u00f3 que \u00abson la expresi\u00f3n de la antipol\u00edtica, hablan desde el mayor de los cinismos, sin ning\u00fan tipo de verg\u00fcenza y con total impunidad\u00bb.<br \/>\n\u00abEl PRO es el partido de la mentira y el pueblo debe tener mucho cuidado con ellos, porque son grandes simuladores, nunca dicen lo que realmente piensan y repiten el gui\u00f3n que les dicta Dur\u00e1n Barba\u00bb, apunt\u00f3 la diputada y agreg\u00f3 que \u00aba los \u00fanicos que realmente les dicen la verdad son a quienes componen el llamado &#8216;C\u00edrculo Rojo&#8217;, pero la Argentina va mucho m\u00e1s all\u00e1 de ese C\u00edrculo Rojo\u00bb.<\/p>\n<p>Por su parte Eric Calcagno expres\u00f3 que las declaraciones del diputado Sturzenegger \u00abrevelan el infinito desprecio por la palabra p\u00fablica que caracteriza al PRO, como sostienen que los problemas econ\u00f3micos y sociales tienen soluciones t\u00e9cnicas (que s\u00f3lo ellos conocen), escapan a la reflexi\u00f3n y al debate pol\u00edticos para asentarse en la an\u00e9cdota\u00bb.<\/p>\n<p>\u00abDe este modo intentan esconder lo que pretenden: defensa de las corporaciones financieras y medi\u00e1ticas, sumisi\u00f3n a los fondos buitre, reendeudamiento sin l\u00edmites\u00bb, explic\u00f3 y se\u00f1al\u00f3 que \u00abquedan expuestas as\u00ed las intenciones reprivatizadoras de las empresas p\u00fablicas, la desjubilaci\u00f3n de los adultos mayores, el fin de la asignaci\u00f3n universal, de las paritarias, para realizar el ajuste perpetuo\u00bb.<\/p>\n<p>Por otro lado, el diputado de Alianza, Nuevo Encuentro Carlos Heller advirti\u00f3 que \u201cDur\u00e1n Barba es un especialista en decir lo que la gente quiere escuchar, es menemismo puro\u00bb y destac\u00f3 que \u00abSturzenegger reconoce en esa declaraci\u00f3n que Dur\u00e1n Barba le dice: &#8216;Hay que decir lo que la gente quiere escuchar, despu\u00e9s si ganas hace lo que quieras&#8217;, lo cual es el peor escenario imaginable de la pol\u00edtica, que es disociar el discurso y el compromiso con lo que se va hacer\u00bb.<\/p>\n<p>Asimismo advirti\u00f3 que el \u00absupuesto cambio de discurso no es tal y es otra tetra marketinera, lo cual qued\u00f3 muy al descubierto cuando apareci\u00f3 la conferencia de los economistas del PRO explicando los ejes del proyecto econ\u00f3mico y pol\u00edtico de su fuerza, donde aparece todo lo contrario de lo que ha dicho Macri\u00bb, y finaliz\u00f3:\u201cSturzenegger fue parte del equipo de Cavallo, es coherente con todo ese pensamiento\u201d.<\/p>\n","protected":false},"excerpt":{"rendered":"<p>Legisladores del FpV criticaron las declaraciones del legislador, quien manifest\u00f3 que el asesor Jaime Dur\u00e1n Barba le recomend\u00f3 no decir en p\u00fablico lo que piensa hacer esa fuerza pol\u00edtica si llega al Gobierno.<\/p>\n","protected":false},"author":4,"featured_media":0,"comment_status":"open","ping_status":"open","sticky":false,"template":"","format":"standard","meta":{"_jetpack_newsletter_access":"","_jetpack_dont_email_post_to_subs":false,"_jetpack_newsletter_tier_id":0,"_jetpack_memberships_contains_paywalled_content":false,"_jetpack_memberships_contains_paid_content":false,"footnotes":""},"categories":[51],"tags":[],"class_list":["post-69726","post","type-post","status-publish","format-standard","hentry","category-politica"],"jetpack_shortlink":"https:\/\/wp.me\/p2JWE0-i8C","jetpack-related-posts":[{"id":119274,"url":"http:\/\/www.24baires.com\/?p=119274","url_meta":{"origin":69726,"position":0},"title":"Repudian el accionar policial y adviertien que JxC \u00abpone en riesgo la democracia\u00bb","author":"AF","date":"29\/08\/2022","format":false,"excerpt":"Funcionarios y dirigentes del oficialismo criticaron el vallado y el cierre de accesos que dispuso la Polic\u00eda de la Ciudad en torno de la casa de Cristina Fern\u00e1ndez de Kirchner en Recoleta. Funcionarios, dirigentes y referentes del Frente de Todos (FdT) renovaron este lunes sus cr\u00edticas al accionar de la\u2026","rel":"","context":"En \u00abPol\u00edtica\u00bb","block_context":{"text":"Pol\u00edtica","link":"http:\/\/www.24baires.com\/?cat=51"},"img":{"alt_text":"","src":"https:\/\/i0.wp.com\/www.24baires.com\/wp-content\/uploads\/2022\/08\/casa-cfk.jpg?resize=350%2C200","width":350,"height":200,"srcset":"https:\/\/i0.wp.com\/www.24baires.com\/wp-content\/uploads\/2022\/08\/casa-cfk.jpg?resize=350%2C200 1x, https:\/\/i0.wp.com\/www.24baires.com\/wp-content\/uploads\/2022\/08\/casa-cfk.jpg?resize=525%2C300 1.5x, https:\/\/i0.wp.com\/www.24baires.com\/wp-content\/uploads\/2022\/08\/casa-cfk.jpg?resize=700%2C400 2x"},"classes":[]},{"id":51575,"url":"http:\/\/www.24baires.com\/?p=51575","url_meta":{"origin":69726,"position":1},"title":"El FPV propone debatir sobre la despenalizaci\u00f3n del consumo de drogas","author":"AF","date":"11\/08\/2014","format":false,"excerpt":"As\u00ed lo reclam\u00f3 la presidenta del bloque en Diputados, Juliana Di Tullio, que aclar\u00f3 que \u201ca\u00fan no existe\u201d un proyecto del Ejecutivo al respecto. \u201cDebe darse una discusi\u00f3n sobre la cuesti\u00f3n\u201d, consider\u00f3 la legisladora que indic\u00f3 que \u201chay iniciativas y propuestas de varios compa\u00f1eros en ese sentido, pero nada m\u00e1s\u201d.\u2026","rel":"","context":"En \u00abSociedad\u00bb","block_context":{"text":"Sociedad","link":"http:\/\/www.24baires.com\/?cat=1"},"img":{"alt_text":"Di Tullio","src":"https:\/\/i0.wp.com\/www.24baires.com\/wp-content\/uploads\/2013\/05\/Di-Tullio.jpg?resize=350%2C200","width":350,"height":200,"srcset":"https:\/\/i0.wp.com\/www.24baires.com\/wp-content\/uploads\/2013\/05\/Di-Tullio.jpg?resize=350%2C200 1x, https:\/\/i0.wp.com\/www.24baires.com\/wp-content\/uploads\/2013\/05\/Di-Tullio.jpg?resize=525%2C300 1.5x"},"classes":[]},{"id":57168,"url":"http:\/\/www.24baires.com\/?p=57168","url_meta":{"origin":69726,"position":2},"title":"\u00abLa oposici\u00f3n no va al recinto y cuando va, los obligan a sentarse para decir que no\u00bb","author":"AF","date":"15\/11\/2014","format":false,"excerpt":"La presidenta del bloque de diputados nacionales del Frente para la Victoria, Juliana Di Tullio, destac\u00f3 que en t\u00e9rminos legislativos \"fue un a\u00f1o muy intenso y productivo\" y se refiri\u00f3 a los bloques opositores que \"no van al recinto y cuando los obligan a sentarse, son los poderes econ\u00f3micos, y\u2026","rel":"","context":"En \u00abPol\u00edtica\u00bb","block_context":{"text":"Pol\u00edtica","link":"http:\/\/www.24baires.com\/?cat=51"},"img":{"alt_text":"Di Tullio","src":"https:\/\/i0.wp.com\/www.24baires.com\/wp-content\/uploads\/2013\/05\/Di-Tullio.jpg?resize=350%2C200","width":350,"height":200,"srcset":"https:\/\/i0.wp.com\/www.24baires.com\/wp-content\/uploads\/2013\/05\/Di-Tullio.jpg?resize=350%2C200 1x, https:\/\/i0.wp.com\/www.24baires.com\/wp-content\/uploads\/2013\/05\/Di-Tullio.jpg?resize=525%2C300 1.5x"},"classes":[]},{"id":24856,"url":"http:\/\/www.24baires.com\/?p=24856","url_meta":{"origin":69726,"position":3},"title":"\u00abNuestro bloque est\u00e1 compuesto por militantes del proyecto\u00bb, asegur\u00f3 Di Tullio","author":"AF","date":"01\/06\/2013","format":false,"excerpt":"La vicepresidenta y pr\u00f3xima titular del bloque de diputados nacionales del Frente para la Victoria afirm\u00f3 que todos los miembros de su bloque tienen \"la m\u00edstica y el compromiso con el proyecto pol\u00edtico\" iniciado hace una d\u00e9cada por N\u00e9stor Kirchner. \"Est\u00e1 claro que nuestro bloque est\u00e1 compuesto por hombres y\u2026","rel":"","context":"En \u00abPol\u00edtica\u00bb","block_context":{"text":"Pol\u00edtica","link":"http:\/\/www.24baires.com\/?cat=51"},"img":{"alt_text":"Di Tullio","src":"https:\/\/i0.wp.com\/www.24baires.com\/wp-content\/uploads\/2013\/05\/Di-Tullio.jpg?resize=350%2C200","width":350,"height":200,"srcset":"https:\/\/i0.wp.com\/www.24baires.com\/wp-content\/uploads\/2013\/05\/Di-Tullio.jpg?resize=350%2C200 1x, https:\/\/i0.wp.com\/www.24baires.com\/wp-content\/uploads\/2013\/05\/Di-Tullio.jpg?resize=525%2C300 1.5x"},"classes":[]},{"id":30449,"url":"http:\/\/www.24baires.com\/?p=30449","url_meta":{"origin":69726,"position":4},"title":"\u00abLa oposici\u00f3n busca un golpe institucional\u00bb afirm\u00f3 Juliana Di Tullio","author":"Grupo Sierra","date":"19\/08\/2013","format":false,"excerpt":"As\u00ed lo asegur\u00f3 la candidata a diputada nacional del Frente para la Victoria Juliana Di Tullio, quien remarc\u00f3 que hay sectores que \"no quieren seguir mejorando la vida de la gente\". \"La oposici\u00f3n busca un golpe institucional\" La titular del bloque de diputados nacionales del Frente para la Victoria, Juliana\u2026","rel":"","context":"En \u00abPol\u00edtica\u00bb","block_context":{"text":"Pol\u00edtica","link":"http:\/\/www.24baires.com\/?cat=51"},"img":{"alt_text":"di tullio juliana","src":"https:\/\/i0.wp.com\/www.24baires.com\/wp-content\/uploads\/2013\/07\/di-tullio-juliana.jpg?resize=350%2C200","width":350,"height":200,"srcset":"https:\/\/i0.wp.com\/www.24baires.com\/wp-content\/uploads\/2013\/07\/di-tullio-juliana.jpg?resize=350%2C200 1x, https:\/\/i0.wp.com\/www.24baires.com\/wp-content\/uploads\/2013\/07\/di-tullio-juliana.jpg?resize=525%2C300 1.5x"},"classes":[]},{"id":42436,"url":"http:\/\/www.24baires.com\/?p=42436","url_meta":{"origin":69726,"position":5},"title":"Di Tullio: \u00abLo de Massa es una brutalidad pol\u00edtica\u00bb","author":"Grupo Sierra","date":"19\/03\/2014","format":false,"excerpt":"La titular del bloque de diputados del Frente para la Victoria, Juliana Di Tullio, asegur\u00f3 hoy que la reforma del C\u00f3digo Penal \"est\u00e1 en proceso de revisi\u00f3n\" en el Poder Ejecutivo y dijo que se trata de \"un borrador que no tiene a\u00fan estado parlamentario\", al calificar como \"una brutalidad\u2026","rel":"","context":"En \u00abPol\u00edtica\u00bb","block_context":{"text":"Pol\u00edtica","link":"http:\/\/www.24baires.com\/?cat=51"},"img":{"alt_text":"Di Tullio","src":"https:\/\/i0.wp.com\/www.24baires.com\/wp-content\/uploads\/2013\/05\/Di-Tullio.jpg?resize=350%2C200","width":350,"height":200,"srcset":"https:\/\/i0.wp.com\/www.24baires.com\/wp-content\/uploads\/2013\/05\/Di-Tullio.jpg?resize=350%2C200 1x, https:\/\/i0.wp.com\/www.24baires.com\/wp-content\/uploads\/2013\/05\/Di-Tullio.jpg?resize=525%2C300 1.5x"},"classes":[]}],"jetpack_sharing_enabled":true,"jetpack_likes_enabled":true,"jetpack_featured_media_url":"","_links":{"self":[{"href":"http:\/\/www.24baires.com\/index.php?rest_route=\/wp\/v2\/posts\/69726","targetHints":{"allow":["GET"]}}],"collection":[{"href":"http:\/\/www.24baires.com\/index.php?rest_route=\/wp\/v2\/posts"}],"about":[{"href":"http:\/\/www.24baires.com\/index.php?rest_route=\/wp\/v2\/types\/post"}],"author":[{"embeddable":true,"href":"http:\/\/www.24baires.com\/index.php?rest_route=\/wp\/v2\/users\/4"}],"replies":[{"embeddable":true,"href":"http:\/\/www.24baires.com\/index.php?rest_route=%2Fwp%2Fv2%2Fcomments&post=69726"}],"version-history":[{"count":1,"href":"http:\/\/www.24baires.com\/index.php?rest_route=\/wp\/v2\/posts\/69726\/revisions"}],"predecessor-version":[{"id":69727,"href":"http:\/\/www.24baires.com\/index.php?rest_route=\/wp\/v2\/posts\/69726\/revisions\/69727"}],"wp:attachment":[{"href":"http:\/\/www.24baires.com\/index.php?rest_route=%2Fwp%2Fv2%2Fmedia&parent=69726"}],"wp:term":[{"taxonomy":"category","embeddable":true,"href":"http:\/\/www.24baires.com\/index.php?rest_route=%2Fwp%2Fv2%2Fcategories&post=69726"},{"taxonomy":"post_tag","embeddable":true,"href":"http:\/\/www.24baires.com\/index.php?rest_route=%2Fwp%2Fv2%2Ftags&post=69726"}],"curies":[{"name":"wp","href":"https:\/\/api.w.org\/{rel}","templated":true}]}}