{"id":69679,"date":"2015-07-28T20:30:14","date_gmt":"2015-07-28T23:30:14","guid":{"rendered":"http:\/\/www.24baires.com\/?p=69679"},"modified":"2015-07-28T19:03:45","modified_gmt":"2015-07-28T22:03:45","slug":"cuando-seas-gobierno-hace-lo-que-vos-creas-pero-no-lo-digas-ahora","status":"publish","type":"post","link":"http:\/\/www.24baires.com\/?p=69679","title":{"rendered":"\u00abCuando seas gobierno hac\u00e9 lo que vos creas, pero no lo digas ahora\u00bb"},"content":{"rendered":"<p><object width=\"560\" height=\"420\"><param name=\"movie\" value=\"http:\/\/www.youtube.com\/v\/WrypDqCHfBs?version=3&amp;hl=es_ES\" \/><param name=\"allowFullScreen\" value=\"true\" \/><param name=\"allowscriptaccess\" value=\"always\" \/><\/object><\/p>\n<p>Un video muestra al actual diputado por el PRO, Federico Sturzenegger, contando risue\u00f1amente los consejos que Dur\u00e1n Barba le dio en el marco de un debate. Honestidad brutal e ins\u00f3litas recomendaciones.<!--more--><\/p>\n<p>\u201cTen\u00eda que ir a un debate el a\u00f1o pasado (el video es de 2014) con otras dos personas. Y era uno de mis primeros debates, as\u00ed que tuve una reuni\u00f3n de coaching con nuestro asesor pol\u00edtico que es Jaime Dur\u00e1n Barba\u201d, as\u00ed comienza la exposicion del diputado Federico Sturzenegger que todo el tiempo habla en un fluido ingl\u00e9s y se despacha con an\u00e9cdotas jugosas sobre su vida como candidato.<\/p>\n<p>Lo que sigue es el relato de lo que el asesor le dijo que deb\u00eda hacer en el debate. Lo primero que le pide es que no haga cuatro cosas, de esas cuatro, las dos primeras son impatantes.<\/p>\n<p>\u201cLa primera es que no propongas nada\u201d, cuenta Sturzenegger que escuch\u00f3 de la boca de su gur\u00fa. \u201c \u00bfQu\u00e9 no proponga nada, que est\u00e1s diciendo? Me prepar\u00e9 35 a\u00f1os para ir al Congreso a proponer cosas.\u201d se lo escucha decir. \u201cNo, la gente no est\u00e1 particularmente preocupada por esas cosas. As\u00ed que no pierdas tu tiempo, eso no es relevante para la gente\u201d.<\/p>\n<p>Pero si esto es notable, m\u00e1s a\u00fan lo es la segunda propuesta.<\/p>\n<p>\u201cNo expliques nada\u201d, dice Sturzenegger que le dijo Dur\u00e1n Barba.<\/p>\n<p>Ah\u00ed el diputado macrista cuenta que en el debate uno de los temas era la inflaci\u00f3n y que \u00e9l ten\u00eda cosas para decir y explicar sobre el tema.<br \/>\nLa respuesta del asesor es lapidaria, y reveladora: \u201cSi vos explic\u00e1s qu\u00e9 es a inflaci\u00f3n, vas a tener que explicar que la emisi\u00f3n monetaria genera inflaci\u00f3n, que entonces deber\u00eda reducirse la emisi\u00f3n, y que si entonces haces eso tendr\u00edas que hacer un ajuste fiscal, y que si haces una ajuste fiscal entonces la gente va a perder su trabajo y eso es lo que no queremos que digas. Cuando seas gobierno hac\u00e9 lo que vos creas, pero no lo digas ahora en medio del debate\u201d.<\/p>\n<p>\u201c\u00bfQu\u00e9 digo entonces?\u201d, se pregunta el candidato. \u201cSolo di que est\u00e1n mintiendo con la inflaci\u00f3n. O dec\u00ed cualquier cosa, habl\u00e1 de tus hijos\u2026\u201d<\/p>\n","protected":false},"excerpt":{"rendered":"<p>Un video muestra al actual diputado por el PRO, Federico Sturzenegger, contando risue\u00f1amente los consejos que Dur\u00e1n Barba le dio en el marco de un debate. Honestidad brutal e ins\u00f3litas recomendaciones.<\/p>\n","protected":false},"author":4,"featured_media":0,"comment_status":"open","ping_status":"open","sticky":false,"template":"","format":"standard","meta":{"_jetpack_newsletter_access":"","_jetpack_dont_email_post_to_subs":false,"_jetpack_newsletter_tier_id":0,"_jetpack_memberships_contains_paywalled_content":false,"_jetpack_memberships_contains_paid_content":false,"footnotes":""},"categories":[51],"tags":[],"class_list":["post-69679","post","type-post","status-publish","format-standard","hentry","category-politica"],"jetpack_shortlink":"https:\/\/wp.me\/p2JWE0-i7R","jetpack-related-posts":[{"id":69726,"url":"http:\/\/www.24baires.com\/?p=69726","url_meta":{"origin":69679,"position":0},"title":"Di Tullio, dura con Sturzenegger: \u00abEl PRO es el partido de la mentira\u00bb","author":"AF","date":"29\/07\/2015","format":false,"excerpt":"Legisladores del FpV criticaron las declaraciones del legislador, quien manifest\u00f3 que el asesor Jaime Dur\u00e1n Barba le recomend\u00f3 no decir en p\u00fablico lo que piensa hacer esa fuerza pol\u00edtica si llega al Gobierno. En ese sentido, la presidenta del bloque de diputados del Frente para la Victoria, Juliana di Tullio,\u2026","rel":"","context":"En \u00abPol\u00edtica\u00bb","block_context":{"text":"Pol\u00edtica","link":"http:\/\/www.24baires.com\/?cat=51"},"img":{"alt_text":"Di Tullio","src":"https:\/\/i0.wp.com\/www.24baires.com\/wp-content\/uploads\/2013\/05\/Di-Tullio.jpg?resize=350%2C200","width":350,"height":200,"srcset":"https:\/\/i0.wp.com\/www.24baires.com\/wp-content\/uploads\/2013\/05\/Di-Tullio.jpg?resize=350%2C200 1x, https:\/\/i0.wp.com\/www.24baires.com\/wp-content\/uploads\/2013\/05\/Di-Tullio.jpg?resize=525%2C300 1.5x"},"classes":[]},{"id":25080,"url":"http:\/\/www.24baires.com\/?p=25080","url_meta":{"origin":69679,"position":1},"title":"Chino Navarro: \u00abSturzenegger indudablemente tiene un problema no resuelto con los nazis\u00bb","author":"Grupo Sierra","date":"04\/06\/2013","format":false,"excerpt":"El diputado provincial bonaerense Fernando \"Chino\" Navarro, asegur\u00f3 que el actual titular del Banco Ciudad, Federico Sturzenegger, es \"un hombre cercado por las miserias, m\u00e1s que un hombre con una mirada m\u00ednimamente comprensiva de esta realidad\". Navarro sali\u00f3 al cruce as\u00ed a las declaraciones matinales del referente del PRO capitalino.\u2026","rel":"","context":"En \u00abPol\u00edtica\u00bb","block_context":{"text":"Pol\u00edtica","link":"http:\/\/www.24baires.com\/?cat=51"},"img":{"alt_text":"","src":"","width":0,"height":0},"classes":[]},{"id":98908,"url":"http:\/\/www.24baires.com\/?p=98908","url_meta":{"origin":69679,"position":2},"title":"El Gobierno legaliz\u00f3 a los \u00abarbolitos\u00bb","author":"GB","date":"23\/11\/2017","format":false,"excerpt":"Mediante una resoluci\u00f3n de Federico Sturzenegger, el Banco Central blanque\u00f3 la oferta callejera de divisas. Mir\u00e1 lo que dice el mail con el que la entidad bancaria anunci\u00f3 la decisi\u00f3n. Federico Sturzenegger sigue sumando pol\u00e9micas al frente del Banco Central de la Rep\u00fablica Argentina (BCRA), a la negativa de bajar\u2026","rel":"","context":"En \u00abPol\u00edtica\u00bb","block_context":{"text":"Pol\u00edtica","link":"http:\/\/www.24baires.com\/?cat=51"},"img":{"alt_text":"","src":"https:\/\/i0.wp.com\/www.24baires.com\/wp-content\/uploads\/2014\/07\/d%C3%B3lares.jpg?resize=350%2C200","width":350,"height":200,"srcset":"https:\/\/i0.wp.com\/www.24baires.com\/wp-content\/uploads\/2014\/07\/d%C3%B3lares.jpg?resize=350%2C200 1x, https:\/\/i0.wp.com\/www.24baires.com\/wp-content\/uploads\/2014\/07\/d%C3%B3lares.jpg?resize=525%2C300 1.5x"},"classes":[]},{"id":69795,"url":"http:\/\/www.24baires.com\/?p=69795","url_meta":{"origin":69679,"position":3},"title":"La \u00fanica verdad","author":"AF","date":"30\/07\/2015","format":false,"excerpt":"\u201cNo es ideolog\u00eda, es capitalismo\u201d, dice Melconian en el video para justificar todo. Espert dice que las paritarias, una de las grandes reconquistas laborales en la etapa kirchnerista, son un instrumento fascista. \u201cLa historia es si hacemos el ajuste planeado o a los golpes\u201d, enfatiza Broda. Esta nota de opini\u00f3n\u2026","rel":"","context":"En \u00abOpini\u00f3n\u00bb","block_context":{"text":"Opini\u00f3n","link":"http:\/\/www.24baires.com\/?cat=64"},"img":{"alt_text":"","src":"https:\/\/i0.wp.com\/www.24baires.com\/wp-content\/uploads\/2015\/07\/i20671-espert-y-melconian-631.jpg?resize=350%2C200","width":350,"height":200,"srcset":"https:\/\/i0.wp.com\/www.24baires.com\/wp-content\/uploads\/2015\/07\/i20671-espert-y-melconian-631.jpg?resize=350%2C200 1x, https:\/\/i0.wp.com\/www.24baires.com\/wp-content\/uploads\/2015\/07\/i20671-espert-y-melconian-631.jpg?resize=525%2C300 1.5x"},"classes":[]},{"id":111997,"url":"http:\/\/www.24baires.com\/?p=111997","url_meta":{"origin":69679,"position":4},"title":"Sturzenegger fustig\u00f3 a Macri por la crisis econ\u00f3mica","author":"AF","date":"09\/09\/2019","format":false,"excerpt":"El ex presidente del Banco Central dijo que \"la culpa reside en las pol\u00edticas que se decidieron. El deterioro de la pol\u00edtica fiscal en primer lugar y, luego, la elecci\u00f3n de apostar por un crecimiento a corto plazo\". El ex presidente del Banco Central y pilar fundamental de dos de\u2026","rel":"","context":"En \u00abPol\u00edtica\u00bb","block_context":{"text":"Pol\u00edtica","link":"http:\/\/www.24baires.com\/?cat=51"},"img":{"alt_text":"","src":"https:\/\/i0.wp.com\/www.24baires.com\/wp-content\/uploads\/2019\/09\/sturzenegger-macri.jpg?resize=350%2C200","width":350,"height":200,"srcset":"https:\/\/i0.wp.com\/www.24baires.com\/wp-content\/uploads\/2019\/09\/sturzenegger-macri.jpg?resize=350%2C200 1x, https:\/\/i0.wp.com\/www.24baires.com\/wp-content\/uploads\/2019\/09\/sturzenegger-macri.jpg?resize=525%2C300 1.5x"},"classes":[]},{"id":102754,"url":"http:\/\/www.24baires.com\/?p=102754","url_meta":{"origin":69679,"position":5},"title":"Renunci\u00f3 Sturzenegger y Caputo pasa a ser el nuevo presidente del Banco Central","author":"AF","date":"14\/06\/2018","format":false,"excerpt":"El gobierno de Macri volvi\u00f3 a reunificar Hacienda y Finanzas en un solo ministerio. Aquella separaci\u00f3n, tras la salida de Alfonso Prat Gay, dur\u00f3 poco m\u00e1s de un a\u00f1o. El cambio de figuras se conoci\u00f3 mientras el presidente Mauricio Macri recib\u00eda en Olivos al ministro de Hacienda, Nicol\u00e1s Dujovne luego\u2026","rel":"","context":"En \u00abEconom\u00eda\u00bb","block_context":{"text":"Econom\u00eda","link":"http:\/\/www.24baires.com\/?cat=45"},"img":{"alt_text":"","src":"https:\/\/i0.wp.com\/www.24baires.com\/wp-content\/uploads\/2016\/09\/sturzenegger.jpg?resize=350%2C200","width":350,"height":200,"srcset":"https:\/\/i0.wp.com\/www.24baires.com\/wp-content\/uploads\/2016\/09\/sturzenegger.jpg?resize=350%2C200 1x, https:\/\/i0.wp.com\/www.24baires.com\/wp-content\/uploads\/2016\/09\/sturzenegger.jpg?resize=525%2C300 1.5x"},"classes":[]}],"jetpack_sharing_enabled":true,"jetpack_likes_enabled":true,"jetpack_featured_media_url":"","_links":{"self":[{"href":"http:\/\/www.24baires.com\/index.php?rest_route=\/wp\/v2\/posts\/69679","targetHints":{"allow":["GET"]}}],"collection":[{"href":"http:\/\/www.24baires.com\/index.php?rest_route=\/wp\/v2\/posts"}],"about":[{"href":"http:\/\/www.24baires.com\/index.php?rest_route=\/wp\/v2\/types\/post"}],"author":[{"embeddable":true,"href":"http:\/\/www.24baires.com\/index.php?rest_route=\/wp\/v2\/users\/4"}],"replies":[{"embeddable":true,"href":"http:\/\/www.24baires.com\/index.php?rest_route=%2Fwp%2Fv2%2Fcomments&post=69679"}],"version-history":[{"count":3,"href":"http:\/\/www.24baires.com\/index.php?rest_route=\/wp\/v2\/posts\/69679\/revisions"}],"predecessor-version":[{"id":69683,"href":"http:\/\/www.24baires.com\/index.php?rest_route=\/wp\/v2\/posts\/69679\/revisions\/69683"}],"wp:attachment":[{"href":"http:\/\/www.24baires.com\/index.php?rest_route=%2Fwp%2Fv2%2Fmedia&parent=69679"}],"wp:term":[{"taxonomy":"category","embeddable":true,"href":"http:\/\/www.24baires.com\/index.php?rest_route=%2Fwp%2Fv2%2Fcategories&post=69679"},{"taxonomy":"post_tag","embeddable":true,"href":"http:\/\/www.24baires.com\/index.php?rest_route=%2Fwp%2Fv2%2Ftags&post=69679"}],"curies":[{"name":"wp","href":"https:\/\/api.w.org\/{rel}","templated":true}]}}