{"id":69662,"date":"2015-07-28T17:00:35","date_gmt":"2015-07-28T20:00:35","guid":{"rendered":"http:\/\/www.24baires.com\/?p=69662"},"modified":"2015-07-29T10:50:07","modified_gmt":"2015-07-29T13:50:07","slug":"scioli-destaco-la-agenda-de-integracion-del-frente-para-la-victoria","status":"publish","type":"post","link":"http:\/\/www.24baires.com\/?p=69662","title":{"rendered":"Scioli destac\u00f3 la \u00abagenda de integraci\u00f3n\u00bb del Frente para la Victoria"},"content":{"rendered":"<p><img data-recalc-dims=\"1\" loading=\"lazy\" decoding=\"async\" class=\"aligncenter size-full wp-image-69663\" src=\"https:\/\/i0.wp.com\/www.24baires.com\/wp-content\/uploads\/2015\/07\/scioli-en-mendoza.jpg?resize=560%2C354\" alt=\"scioli en mendoza\" width=\"560\" height=\"354\" srcset=\"https:\/\/i0.wp.com\/www.24baires.com\/wp-content\/uploads\/2015\/07\/scioli-en-mendoza.jpg?w=560 560w, https:\/\/i0.wp.com\/www.24baires.com\/wp-content\/uploads\/2015\/07\/scioli-en-mendoza.jpg?resize=300%2C190 300w\" sizes=\"auto, (max-width: 560px) 100vw, 560px\" \/>El candidato a presidente por el Frente para la Victoria, Daniel Scioli, junto al candidato a vicepresidente, Carlos Zannini, encabez\u00f3 el acto de cierre del encuentro regional de candidatos al Parlasur.<!--more--><\/p>\n<p>El candidato presidencial del Frente para la Victoria, Daniel Scioli, cerr\u00f3 en la capital provincial el encuentro de Parlamentarios del Mercosur donde defendi\u00f3 la integraci\u00f3n regional, y en su carrera hacia la presidencia de la Naci\u00f3n llam\u00f3 a \u201cavanzar a partir de lo que ya se ha hecho\u201d en las \u00faltimas gestiones de gobierno de N\u00e9stor y Cristina Kirchner.<br \/>\n\u201cSomos la solidez y la consolidaci\u00f3n de los nuevos derechos y conquistas logrados, y sobre la base de lo que ya se ha hecho tenemos que construir el futuro de lo que se viene\u201d, dijo Scioli en Mendoza, donde se reuni\u00f3 con referentes y autoridades del Frente para la Victoria de esta provincia.<\/p>\n<p>Junto a su compa\u00f1ero de f\u00f3rmula, Carlos Zannini, Scioil afirm\u00f3 que \u201cla presidenta Cristina Fern\u00e1ndez de Kirchner ha generado un pa\u00eds desendeudado, industrializado y con gran ampliaci\u00f3n de derechos\u201d.<\/p>\n<p>Ante la inminente votaci\u00f3n de las PASO nacionales, convoc\u00f3 \u201ca los independientes, a los indecisos y a los j\u00f3venes que votan por primera vez, que no son el futuro, sino el presente de la Argentina\u201d.<\/p>\n<p>Al electorado mendocino, les dijo que pondr\u00e1 \u201ctodo el \u00e9nfasis en la producci\u00f3n, la inversi\u00f3n y el trabajo argentino, adem\u00e1s de una apuesta fuerte a la ciencia y tecnolog\u00eda\u201d.<\/p>\n<p>\u201cNuestro espacio pol\u00edtico es la consolidaci\u00f3n de las conquistas\u201d, reafirm\u00f3.<\/p>\n<p>\u00abLa gente decidir\u00e1, pero somos el espacio pol\u00edtico que da m\u00e1s tranquilidad, m\u00e1s certidumbre y los que podemos avanzar en cumplir con las expectativas. Soy un convencido de que no hay que tirar todo este esfuerzo por la borda\u00bb, sostuvo.<\/p>\n<p>Scioli particip\u00f3 en el encuentro de candidatos al Parlasur que se realiz\u00f3 en el hotel Intercontinental, y asegur\u00f3 que la uni\u00f3n de pa\u00edses sudamericanos tiene que tener \u00abuna integraci\u00f3n m\u00e1s all\u00e1 de lo econ\u00f3mico\u00bb, y explic\u00f3 que eso traer\u00e1 beneficios significativos para el pa\u00eds y en especial para la provincia.<\/p>\n<p>Por su parte, Zannini defendi\u00f3 la formula que constituye junto a Scioli y afirm\u00f3 que es \u201cla unidad en la diversidad\u201d.<\/p>\n<p>\u201cNunca seremos iguales, pero podemos trabajar juntos, esto no es un desembarco como dicen algunos sino la mayor muestra de di\u00e1logo y comprensi\u00f3n\u201d, afirm\u00f3.<\/p>\n<p>En di\u00e1logo con los periodistas, Zannini reafirm\u00f3 que \u201cno hay pol\u00edtica en la Argentina que haya trabajado con m\u00e1s amplitud que N\u00e9stor Kirchner, ni apertura mental y pol\u00edtica en funci\u00f3n de gobierno que la de Cristina ya que ha aplicado pol\u00edticas que favorecen a todo el pueblo argentino\u201d, se\u00f1al\u00f3.<\/p>\n<p>En el encuentro tambi\u00e9n estuvo el primer candidato del FpV al Parlasur, Jorge Taiana; el gobernador mendocino Francisco P\u00e9rez, tambi\u00e9n postulante al parlamento regional; y los candidatos a legisladores nacionales por Mendoza, Anabel Fern\u00e1ndez Sagasti y Guillermo Carmona, entre otros, acompa\u00f1ados tambi\u00e9n por candidatos de otras provincias.<\/p>\n","protected":false},"excerpt":{"rendered":"<p>El candidato a presidente por el Frente para la Victoria, Daniel Scioli, junto al candidato a vicepresidente, Carlos Zannini, encabez\u00f3 el acto de cierre del encuentro regional de candidatos al Parlasur.<\/p>\n","protected":false},"author":4,"featured_media":0,"comment_status":"open","ping_status":"open","sticky":false,"template":"","format":"standard","meta":{"_jetpack_newsletter_access":"","_jetpack_dont_email_post_to_subs":false,"_jetpack_newsletter_tier_id":0,"_jetpack_memberships_contains_paywalled_content":false,"_jetpack_memberships_contains_paid_content":false,"footnotes":""},"categories":[51],"tags":[],"class_list":["post-69662","post","type-post","status-publish","format-standard","hentry","category-politica"],"jetpack_shortlink":"https:\/\/wp.me\/p2JWE0-i7A","jetpack-related-posts":[{"id":120181,"url":"http:\/\/www.24baires.com\/?p=120181","url_meta":{"origin":69662,"position":0},"title":"El Frente de Todos pasa a llamarse \u00abUni\u00f3n por la Patria\u00bb","author":"AF","date":"14\/06\/2023","format":false,"excerpt":"Los distintos sectores que componen el frente oficialista mantienen reuniones para definir, entre otras cosas, la constituci\u00f3n de su junta partidaria y el reglamento electoral que fijar\u00e1 pisos y porcentajes para la integraci\u00f3n de listas. El Frente de Todos (FdT) se llamar\u00e1 Uni\u00f3n por la Patria (UxP) en las pr\u00f3ximas\u2026","rel":"","context":"En \u00abPol\u00edtica\u00bb","block_context":{"text":"Pol\u00edtica","link":"http:\/\/www.24baires.com\/?cat=51"},"img":{"alt_text":"","src":"https:\/\/i0.wp.com\/www.24baires.com\/wp-content\/uploads\/2023\/06\/cfk-25-5.png?resize=350%2C200","width":350,"height":200,"srcset":"https:\/\/i0.wp.com\/www.24baires.com\/wp-content\/uploads\/2023\/06\/cfk-25-5.png?resize=350%2C200 1x, https:\/\/i0.wp.com\/www.24baires.com\/wp-content\/uploads\/2023\/06\/cfk-25-5.png?resize=525%2C300 1.5x, https:\/\/i0.wp.com\/www.24baires.com\/wp-content\/uploads\/2023\/06\/cfk-25-5.png?resize=700%2C400 2x, https:\/\/i0.wp.com\/www.24baires.com\/wp-content\/uploads\/2023\/06\/cfk-25-5.png?resize=1050%2C600 3x"},"classes":[]},{"id":69686,"url":"http:\/\/www.24baires.com\/?p=69686","url_meta":{"origin":69662,"position":1},"title":"Rossi: \u201cLa oposici\u00f3n busca frenar el proceso de integraci\u00f3n latinoamericana\u201d","author":"AF","date":"28\/07\/2015","format":false,"excerpt":"El ministro de Defensa y candidato nacional al Parlasur, Agust\u00edn Rossi, particip\u00f3 hoy del Encuentro Nacional de Candidatos al Parlasur por el Frente para la Victoria que cerraron el candidato a presidente Daniel Scioli y a vice, Carlos Zannini, en la provincia de Mendoza. \u201cLa oposici\u00f3n busca frenar el proceso\u2026","rel":"","context":"En \u00abPol\u00edtica\u00bb","block_context":{"text":"Pol\u00edtica","link":"http:\/\/www.24baires.com\/?cat=51"},"img":{"alt_text":"rossi","src":"https:\/\/i0.wp.com\/www.24baires.com\/wp-content\/uploads\/2015\/02\/rossi1.jpg?resize=350%2C200","width":350,"height":200,"srcset":"https:\/\/i0.wp.com\/www.24baires.com\/wp-content\/uploads\/2015\/02\/rossi1.jpg?resize=350%2C200 1x, https:\/\/i0.wp.com\/www.24baires.com\/wp-content\/uploads\/2015\/02\/rossi1.jpg?resize=525%2C300 1.5x"},"classes":[]},{"id":108349,"url":"http:\/\/www.24baires.com\/?p=108349","url_meta":{"origin":69662,"position":2},"title":"Camino a la unidad: el PJ recibe quince agrupaciones opositoras","author":"AF","date":"23\/05\/2019","format":false,"excerpt":"El presidente del PJ, Jos\u00e9 Luis Gioja, recibe a dirigentes y referentes de unas quince fuerzas pol\u00edticas que se sumar\u00e1n a la coalici\u00f3n, con el objetivo de apoyar la candidatura de Alberto Fern\u00e1ndez y Cristina Kirchner. Gioja intenta llegar a fin de mes con el frente electoral opositor ya delineado.\u2026","rel":"","context":"En \u00abPol\u00edtica\u00bb","block_context":{"text":"Pol\u00edtica","link":"http:\/\/www.24baires.com\/?cat=51"},"img":{"alt_text":"","src":"https:\/\/i0.wp.com\/www.24baires.com\/wp-content\/uploads\/2019\/05\/cumbre-pj.jpeg?resize=350%2C200","width":350,"height":200,"srcset":"https:\/\/i0.wp.com\/www.24baires.com\/wp-content\/uploads\/2019\/05\/cumbre-pj.jpeg?resize=350%2C200 1x, https:\/\/i0.wp.com\/www.24baires.com\/wp-content\/uploads\/2019\/05\/cumbre-pj.jpeg?resize=525%2C300 1.5x"},"classes":[]},{"id":74497,"url":"http:\/\/www.24baires.com\/?p=74497","url_meta":{"origin":69662,"position":3},"title":"El massismo de Chaco tambi\u00e9n oficializ\u00f3 su respaldo a la candidatura de Scioli","author":"GB","date":"02\/11\/2015","format":false,"excerpt":"Tras el apoyo a la f\u00f3rmula del FPV del ex candidato massista a gobernador de Entre R\u00edos, los referentes de ese espacio en Chaco se pronunciaron en el mismo sentido y cuestionaron a Macri por representar \"el centralismo porte\u00f1o\". Dirigentes del massismo en Chaco manifestaron este lunes, de cara al\u2026","rel":"","context":"En \u00abElecciones 2015\u00bb","block_context":{"text":"Elecciones 2015","link":"http:\/\/www.24baires.com\/?cat=74"},"img":{"alt_text":"scioli-massa1","src":"https:\/\/i0.wp.com\/www.24baires.com\/wp-content\/uploads\/2013\/08\/scioli-massa1.jpg?resize=350%2C200","width":350,"height":200,"srcset":"https:\/\/i0.wp.com\/www.24baires.com\/wp-content\/uploads\/2013\/08\/scioli-massa1.jpg?resize=350%2C200 1x, https:\/\/i0.wp.com\/www.24baires.com\/wp-content\/uploads\/2013\/08\/scioli-massa1.jpg?resize=525%2C300 1.5x"},"classes":[]},{"id":72286,"url":"http:\/\/www.24baires.com\/?p=72286","url_meta":{"origin":69662,"position":4},"title":"Evo sobre Scioli: \u201cDaniel es un revolucionario de la Patria Grande\u201d","author":"GB","date":"17\/09\/2015","format":false,"excerpt":"LA PLATA-El presidente de Bolivia fue recibido en La Plata por el candidato presidencial del Frente para la Victoria. Daniel Scioli, candidato presidencial por el Frente para la Victoria -FPV-, recibi\u00f3 este jueves a Evo Morales, presidente de Bolivia. Ambos encabezan un acto en la ciudad de La Plata, donde\u2026","rel":"","context":"En \u00abPol\u00edtica\u00bb","block_context":{"text":"Pol\u00edtica","link":"http:\/\/www.24baires.com\/?cat=51"},"img":{"alt_text":"","src":"https:\/\/i0.wp.com\/www.24baires.com\/wp-content\/uploads\/2015\/09\/evo-zannini-scioli.jpg?resize=350%2C200","width":350,"height":200,"srcset":"https:\/\/i0.wp.com\/www.24baires.com\/wp-content\/uploads\/2015\/09\/evo-zannini-scioli.jpg?resize=350%2C200 1x, https:\/\/i0.wp.com\/www.24baires.com\/wp-content\/uploads\/2015\/09\/evo-zannini-scioli.jpg?resize=525%2C300 1.5x"},"classes":[]},{"id":101122,"url":"http:\/\/www.24baires.com\/?p=101122","url_meta":{"origin":69662,"position":5},"title":"Indagar\u00e1n a Scioli por irregularidades en la construcci\u00f3n de las UPA 24","author":"AF","date":"17\/03\/2018","format":false,"excerpt":"El ex gobernador Daniel Scioli y quien fuera su ministro de Salud, Alejandro Collia, fueron imputados y citados a prestar declaraci\u00f3n indagatoria en el marco de una causa que investiga presuntas irregularidades en la adjudicaci\u00f3n de ocho Unidades de Pronta Atenci\u00f3n (UPA 24) para las que se destinaron m\u00e1s de\u2026","rel":"","context":"En \u00abJUDICIALES\u00bb","block_context":{"text":"JUDICIALES","link":"http:\/\/www.24baires.com\/?cat=68"},"img":{"alt_text":"","src":"https:\/\/i0.wp.com\/www.24baires.com\/wp-content\/uploads\/2014\/05\/Daniel-Scioli.jpg?resize=350%2C200","width":350,"height":200,"srcset":"https:\/\/i0.wp.com\/www.24baires.com\/wp-content\/uploads\/2014\/05\/Daniel-Scioli.jpg?resize=350%2C200 1x, https:\/\/i0.wp.com\/www.24baires.com\/wp-content\/uploads\/2014\/05\/Daniel-Scioli.jpg?resize=525%2C300 1.5x"},"classes":[]}],"jetpack_sharing_enabled":true,"jetpack_likes_enabled":true,"jetpack_featured_media_url":"","_links":{"self":[{"href":"http:\/\/www.24baires.com\/index.php?rest_route=\/wp\/v2\/posts\/69662","targetHints":{"allow":["GET"]}}],"collection":[{"href":"http:\/\/www.24baires.com\/index.php?rest_route=\/wp\/v2\/posts"}],"about":[{"href":"http:\/\/www.24baires.com\/index.php?rest_route=\/wp\/v2\/types\/post"}],"author":[{"embeddable":true,"href":"http:\/\/www.24baires.com\/index.php?rest_route=\/wp\/v2\/users\/4"}],"replies":[{"embeddable":true,"href":"http:\/\/www.24baires.com\/index.php?rest_route=%2Fwp%2Fv2%2Fcomments&post=69662"}],"version-history":[{"count":1,"href":"http:\/\/www.24baires.com\/index.php?rest_route=\/wp\/v2\/posts\/69662\/revisions"}],"predecessor-version":[{"id":69664,"href":"http:\/\/www.24baires.com\/index.php?rest_route=\/wp\/v2\/posts\/69662\/revisions\/69664"}],"wp:attachment":[{"href":"http:\/\/www.24baires.com\/index.php?rest_route=%2Fwp%2Fv2%2Fmedia&parent=69662"}],"wp:term":[{"taxonomy":"category","embeddable":true,"href":"http:\/\/www.24baires.com\/index.php?rest_route=%2Fwp%2Fv2%2Fcategories&post=69662"},{"taxonomy":"post_tag","embeddable":true,"href":"http:\/\/www.24baires.com\/index.php?rest_route=%2Fwp%2Fv2%2Ftags&post=69662"}],"curies":[{"name":"wp","href":"https:\/\/api.w.org\/{rel}","templated":true}]}}