{"id":69643,"date":"2015-07-28T12:00:44","date_gmt":"2015-07-28T15:00:44","guid":{"rendered":"http:\/\/www.24baires.com\/?p=69643"},"modified":"2015-07-28T12:00:03","modified_gmt":"2015-07-28T15:00:03","slug":"facundo-moyano-no-es-coherente-que-los-que-defenestraban-a-scioli-sean-hoy-sciolistas","status":"publish","type":"post","link":"http:\/\/www.24baires.com\/?p=69643","title":{"rendered":"Facundo Moyano: \u00abNo es coherente que los que defenestraban a Scioli sean hoy sciolistas\u00bb"},"content":{"rendered":"<p><img data-recalc-dims=\"1\" loading=\"lazy\" decoding=\"async\" src=\"https:\/\/i0.wp.com\/www.24baires.com\/wp-content\/uploads\/2014\/05\/facundo-moyano.jpg?resize=560%2C315\" alt=\"facundo moyano\" width=\"560\" height=\"315\" class=\"aligncenter size-full wp-image-46193\" srcset=\"https:\/\/i0.wp.com\/www.24baires.com\/wp-content\/uploads\/2014\/05\/facundo-moyano.jpg?w=560 560w, https:\/\/i0.wp.com\/www.24baires.com\/wp-content\/uploads\/2014\/05\/facundo-moyano.jpg?resize=300%2C168 300w\" sizes=\"auto, (max-width: 560px) 100vw, 560px\" \/>El precandidato a diputado nacional por el Frente Renovador, Facundo Moyano, consider\u00f3 hoy como una incoherencia que los militantes kirchneristas que \u00abdefenestraban\u00bb al gobernador de la provincia de Buenos Aires, Daniel Scioli, hoy apoyen su candidatura presidencial.<!--more--><\/p>\n<p>\u00abDebe hacerle mucho ruido al votante kirchnerista apoyar a alguien que surgi\u00f3 del menemismo y revindica a Menem\u00bb,<br \/>\nmanifest\u00f3 Moyano esta ma\u00f1ana en declaraciones a la prensa.<\/p>\n<p>\u00abEs coherente que Scioli le haya agradecido a Menem por haber sido su mentor, lo que no es coherentes es que muchos de los que defenestraban a Menem y a Scioli sean hoy sciolistas\u00bb, agreg\u00f3 el legislador.<\/p>\n","protected":false},"excerpt":{"rendered":"<p>El precandidato a diputado nacional por el Frente Renovador, Facundo Moyano, consider\u00f3 hoy como una incoherencia que los militantes kirchneristas que \u00abdefenestraban\u00bb al gobernador de la provincia de Buenos Aires, Daniel Scioli, hoy apoyen su candidatura presidencial.<\/p>\n","protected":false},"author":4,"featured_media":0,"comment_status":"open","ping_status":"open","sticky":false,"template":"","format":"standard","meta":{"_jetpack_newsletter_access":"","_jetpack_dont_email_post_to_subs":false,"_jetpack_newsletter_tier_id":0,"_jetpack_memberships_contains_paywalled_content":false,"_jetpack_memberships_contains_paid_content":false,"footnotes":""},"categories":[51],"tags":[],"class_list":["post-69643","post","type-post","status-publish","format-standard","hentry","category-politica"],"jetpack_shortlink":"https:\/\/wp.me\/p2JWE0-i7h","jetpack-related-posts":[{"id":102620,"url":"http:\/\/www.24baires.com\/?p=102620","url_meta":{"origin":69643,"position":0},"title":"Agust\u00edn Rossi critic\u00f3 el acuerdo con el FMI y dijo que fue \u00abun error de Macri\u00bb","author":"AF","date":"08\/06\/2018","format":false,"excerpt":"El diputado explic\u00f3 antes de ingresar Congreso Peron\u00edsta en Ferro : \"nos va a generar much\u00edsimo dolor al conjunto de los argentinos, ning\u00fan pa\u00eds del mundo celebra un acuerdo con el FMI\". El diputado Agust\u00edn Rossi critic\u00f3 el acuerdo con el FMI y dijo que fue \"un error\" de Macri:\u2026","rel":"","context":"En \u00abPol\u00edtica\u00bb","block_context":{"text":"Pol\u00edtica","link":"http:\/\/www.24baires.com\/?cat=51"},"img":{"alt_text":"","src":"https:\/\/i0.wp.com\/www.24baires.com\/wp-content\/uploads\/2015\/02\/rossi1.jpg?resize=350%2C200","width":350,"height":200,"srcset":"https:\/\/i0.wp.com\/www.24baires.com\/wp-content\/uploads\/2015\/02\/rossi1.jpg?resize=350%2C200 1x, https:\/\/i0.wp.com\/www.24baires.com\/wp-content\/uploads\/2015\/02\/rossi1.jpg?resize=525%2C300 1.5x"},"classes":[]},{"id":60767,"url":"http:\/\/www.24baires.com\/?p=60767","url_meta":{"origin":69643,"position":1},"title":"La pelea entre Facundo Moyano y Scioli por los carteles de ruta 2","author":"Grupo Sierra","date":"26\/01\/2015","format":false,"excerpt":"El camino amaneci\u00f3 naranja y era monopolio de Facundo Moyano para el atardecer. Una camioneta del concesionario Autov\u00eda del Mar y trabajadores de la firma levantaron toda la propaganda del Gobernador, adem\u00e1s de la de la candidata massista M\u00f3nica L\u00f3pez. El viernes por la tarde, cualquier turista que recorriera la\u2026","rel":"","context":"En \u00abPol\u00edtica\u00bb","block_context":{"text":"Pol\u00edtica","link":"http:\/\/www.24baires.com\/?cat=51"},"img":{"alt_text":"","src":"https:\/\/i0.wp.com\/www.24baires.com\/wp-content\/uploads\/2015\/01\/carteels-massa-scioli-moyano.jpg?resize=350%2C200","width":350,"height":200,"srcset":"https:\/\/i0.wp.com\/www.24baires.com\/wp-content\/uploads\/2015\/01\/carteels-massa-scioli-moyano.jpg?resize=350%2C200 1x, https:\/\/i0.wp.com\/www.24baires.com\/wp-content\/uploads\/2015\/01\/carteels-massa-scioli-moyano.jpg?resize=525%2C300 1.5x"},"classes":[]},{"id":37231,"url":"http:\/\/www.24baires.com\/?p=37231","url_meta":{"origin":69643,"position":2},"title":"Scioli-Moyano, una reuni\u00f3n llena de sospechas","author":"Grupo Sierra","date":"21\/12\/2013","format":false,"excerpt":"El Gobernador de la Provincia de Buenos Aires estuvo con el l\u00edder camionero, otro dirigente distanciado de la Casa Rosada. Gesti\u00f3n y pol\u00edtica, en la agenda. El gobernador Daniel Scioli concret\u00f3 en las \u00faltimas horas un nuevo gesto de independencia de la Casa Rosada, al compartir un encuentro con el\u2026","rel":"","context":"En \u00abPol\u00edtica\u00bb","block_context":{"text":"Pol\u00edtica","link":"http:\/\/www.24baires.com\/?cat=51"},"img":{"alt_text":"","src":"https:\/\/i0.wp.com\/www.24baires.com\/wp-content\/uploads\/2013\/12\/moyano_scioli.jpg?resize=350%2C200","width":350,"height":200,"srcset":"https:\/\/i0.wp.com\/www.24baires.com\/wp-content\/uploads\/2013\/12\/moyano_scioli.jpg?resize=350%2C200 1x, https:\/\/i0.wp.com\/www.24baires.com\/wp-content\/uploads\/2013\/12\/moyano_scioli.jpg?resize=525%2C300 1.5x"},"classes":[]},{"id":108387,"url":"http:\/\/www.24baires.com\/?p=108387","url_meta":{"origin":69643,"position":3},"title":"Scioli ratific\u00f3 su candidatura presidencial","author":"GB","date":"25\/05\/2019","format":false,"excerpt":"El exgobernador de la Provincia de Buenos Aires particip\u00f3 del Congreso Educativo de Ajedrez que se realiz\u00f3 en la ciudad balnearia y manifest\u00f3 sus deseos de ser el primer mandatario del pa\u00eds despu\u00e9s del 10 de diciembre, sin embargo aclar\u00f3: \u201cVer\u00e9 como peronista en qu\u00e9 lugar puedo hacer mi mayor\u2026","rel":"","context":"En \u00abPol\u00edtica\u00bb","block_context":{"text":"Pol\u00edtica","link":"http:\/\/www.24baires.com\/?cat=51"},"img":{"alt_text":"","src":"https:\/\/i0.wp.com\/www.24baires.com\/wp-content\/uploads\/2019\/05\/scioli-mar-del.jpg?resize=350%2C200","width":350,"height":200,"srcset":"https:\/\/i0.wp.com\/www.24baires.com\/wp-content\/uploads\/2019\/05\/scioli-mar-del.jpg?resize=350%2C200 1x, https:\/\/i0.wp.com\/www.24baires.com\/wp-content\/uploads\/2019\/05\/scioli-mar-del.jpg?resize=525%2C300 1.5x"},"classes":[]},{"id":120445,"url":"http:\/\/www.24baires.com\/?p=120445","url_meta":{"origin":69643,"position":4},"title":"Kicillof: \u00abTenemos que ponerlo a Sergio Massa como presidente en primera vuelta\u00bb","author":"AF","date":"07\/09\/2023","format":false,"excerpt":"De cara a las elecciones generales del 22 de octubre, el gobernador de la provincia de Buenos Aires, Axel Kicillof, llam\u00f3 a redoblar los esfuerzos para sumar m\u00e1s \"acompa\u00f1amiento\" a la candidatura de Sergio Massa. As\u00ed, inst\u00f3 a la militancia a trabajar para que el presidencialista de Uni\u00f3n por la\u2026","rel":"","context":"En \u00abPol\u00edtica\u00bb","block_context":{"text":"Pol\u00edtica","link":"http:\/\/www.24baires.com\/?cat=51"},"img":{"alt_text":"","src":"https:\/\/i0.wp.com\/www.24baires.com\/wp-content\/uploads\/2023\/09\/WhatsApp-Image-2023-09-07-at-23.27.57.jpeg?resize=350%2C200","width":350,"height":200,"srcset":"https:\/\/i0.wp.com\/www.24baires.com\/wp-content\/uploads\/2023\/09\/WhatsApp-Image-2023-09-07-at-23.27.57.jpeg?resize=350%2C200 1x, https:\/\/i0.wp.com\/www.24baires.com\/wp-content\/uploads\/2023\/09\/WhatsApp-Image-2023-09-07-at-23.27.57.jpeg?resize=525%2C300 1.5x, https:\/\/i0.wp.com\/www.24baires.com\/wp-content\/uploads\/2023\/09\/WhatsApp-Image-2023-09-07-at-23.27.57.jpeg?resize=700%2C400 2x"},"classes":[]},{"id":11018,"url":"http:\/\/www.24baires.com\/?p=11018","url_meta":{"origin":69643,"position":5},"title":"Scioli puede ser el pr\u00f3ximo presidente, seg\u00fan Menem","author":"Grupo Sierra","date":"02\/01\/2013","format":false,"excerpt":"LA RIOJA.- El ex presidente Carlos Menem opin\u00f3 que Cristina Fern\u00e1ndez, \"est\u00e1 haciendo un esfuerzo incre\u00edble para llevar adelante su gesti\u00f3n, pero por ah\u00ed se le van un poco de las manos las cosas\". Menem, de 82 a\u00f1os, renov\u00f3 sin embargo su respaldo a la mandataria peronista y dese\u00f3 que\u2026","rel":"","context":"En \u00abPol\u00edtica\u00bb","block_context":{"text":"Pol\u00edtica","link":"http:\/\/www.24baires.com\/?cat=51"},"img":{"alt_text":"","src":"","width":0,"height":0},"classes":[]}],"jetpack_sharing_enabled":true,"jetpack_likes_enabled":true,"jetpack_featured_media_url":"","_links":{"self":[{"href":"http:\/\/www.24baires.com\/index.php?rest_route=\/wp\/v2\/posts\/69643","targetHints":{"allow":["GET"]}}],"collection":[{"href":"http:\/\/www.24baires.com\/index.php?rest_route=\/wp\/v2\/posts"}],"about":[{"href":"http:\/\/www.24baires.com\/index.php?rest_route=\/wp\/v2\/types\/post"}],"author":[{"embeddable":true,"href":"http:\/\/www.24baires.com\/index.php?rest_route=\/wp\/v2\/users\/4"}],"replies":[{"embeddable":true,"href":"http:\/\/www.24baires.com\/index.php?rest_route=%2Fwp%2Fv2%2Fcomments&post=69643"}],"version-history":[{"count":1,"href":"http:\/\/www.24baires.com\/index.php?rest_route=\/wp\/v2\/posts\/69643\/revisions"}],"predecessor-version":[{"id":69644,"href":"http:\/\/www.24baires.com\/index.php?rest_route=\/wp\/v2\/posts\/69643\/revisions\/69644"}],"wp:attachment":[{"href":"http:\/\/www.24baires.com\/index.php?rest_route=%2Fwp%2Fv2%2Fmedia&parent=69643"}],"wp:term":[{"taxonomy":"category","embeddable":true,"href":"http:\/\/www.24baires.com\/index.php?rest_route=%2Fwp%2Fv2%2Fcategories&post=69643"},{"taxonomy":"post_tag","embeddable":true,"href":"http:\/\/www.24baires.com\/index.php?rest_route=%2Fwp%2Fv2%2Ftags&post=69643"}],"curies":[{"name":"wp","href":"https:\/\/api.w.org\/{rel}","templated":true}]}}