{"id":69634,"date":"2015-07-28T10:30:52","date_gmt":"2015-07-28T13:30:52","guid":{"rendered":"http:\/\/www.24baires.com\/?p=69634"},"modified":"2015-07-29T10:50:02","modified_gmt":"2015-07-29T13:50:02","slug":"anibal-los-economistas-del-pro-le-han-hecho-mucho-dano-a-la-gente","status":"publish","type":"post","link":"http:\/\/www.24baires.com\/?p=69634","title":{"rendered":"An\u00edbal: \u00abLos economistas del PRO le han hecho mucho da\u00f1o a la gente\u00bb"},"content":{"rendered":"<p><img data-recalc-dims=\"1\" loading=\"lazy\" decoding=\"async\" class=\"aligncenter size-full wp-image-63981\" src=\"https:\/\/i0.wp.com\/www.24baires.com\/wp-content\/uploads\/2015\/04\/anibal-conferencia.jpg?resize=560%2C379\" alt=\"anibal conferencia\" width=\"560\" height=\"379\" srcset=\"https:\/\/i0.wp.com\/www.24baires.com\/wp-content\/uploads\/2015\/04\/anibal-conferencia.jpg?w=560 560w, https:\/\/i0.wp.com\/www.24baires.com\/wp-content\/uploads\/2015\/04\/anibal-conferencia.jpg?resize=300%2C203 300w\" sizes=\"auto, (max-width: 560px) 100vw, 560px\" \/>El jefe de Gabinete, An\u00edbal Fern\u00e1ndez, volvi\u00f3 hoy a fustigar a Miguel Broda, Carlos Melconian y Jos\u00e9 Luis Espert, dijo que son \u00abpersonajes nefastos, neoliberales y conservadores que le han hecho mucho da\u00f1o a la Argentina\u00bb y agreg\u00f3 que \u00ables importa un carajo la gente que sufre en el pa\u00eds\u00bb.<!--more--><\/p>\n<p>El funcionario fue consultado una vez m\u00e1s sobre la aparici\u00f3n de los economistas Broda, Melconian y Espert en una exposici\u00f3n frente a grandes empresarios en la sede de un hotel porte\u00f1o y que fue difundido el domingo \u00faltimo en un informe especial del canal C5N.<\/p>\n<p>\u00abAh\u00ed hubo alguien que por suerte grab\u00f3 esa charla. No se c\u00f3mo llamarlo yo, pero por suerte se hizo p\u00fablico (los videos con las exposiciones); lo conocemos y conocemos lo que piensan estos personajes que han sido nefastos al hombre y la mujer de la Rep\u00fablica Argentina que a\u00fan hoy sufren y que a ellos les importan un carajo, lisa y llanamente\u00bb, critic\u00f3 Fern\u00e1ndez.<\/p>\n<p>Para el jefe de Gabinete, \u00abah\u00ed hubo empresarios importantes del pa\u00eds que le pidieron a (Mauricio) Macri que sus economistas Broda, Melconian y Espert vayan a explicar sobre los temas que m\u00e1s les importaba del pa\u00eds y de la econom\u00eda\u00bb.<\/p>\n<p>\u00abTocaron tres temas escencialmente: las paritarias, Espert dice en alg\u00fan momento que las paritarias es una decisi\u00f3n fascista dice \u00e9l, \u00bfy por qu\u00e9 raz\u00f3n? Y porque hoy el empleador se sienta a la misma mesa que el trabajador a discutir las formas del trabajo y cu\u00e1nto vale el trabajo, estando como articulador el Estado. Entonces, Espert nos dice que en la forma liberal es que el trabajador se siente con el empleador y si hay acuerdo hay acuerdo y si no, no\u00bb, sostuvo.<\/p>\n<p>Fern\u00e1ndez a\u00f1adi\u00f3: \u00ab\u00bfSaben como termina la cosa? En que el empleador no se sienta nunca con el trabajador, y si te gusta bien y si no tomatelas&#8230;y no cobr\u00e1s nunca un centavo m\u00e1s de aumento salarial. Eso es lo que ya pas\u00f3 en los a\u00f1os &#8217;90. El economista Espert en eso es especialista, en producir dolor al trabajador, por lo cual es una gr\u00e1fica muy contundente la que se ve en este pensamiento\u00bb.<\/p>\n<p>El funcionario coment\u00f3 adem\u00e1s que en el mismo encuentro de empresarios con los tres economistas \u00ablo otro que se habl\u00f3 fue de las paritarias, y lo que hace a las jubilaciones y que todos aquellos que han sido trabajadores en negro, sin aportes patronales, seg\u00fan el pensamiento de estos economistas no se iban a jubilar nunca\u00bb.<\/p>\n<p>\u00ab\u00bfC\u00f3mo lo solucion\u00f3 el Estado?. Con una moratoria que desde hace a\u00f1os ellos mismos pagan. Ellos (los economistas) sostienen que esas jubilaciones directamente hay que sacarlas; otros m\u00e1s a comer pasto y agua de la zanja, total&#8230;Total no importan, total son seres inanimados, no nos importan como terminan en la vida&#8230;\u00bb, dijo Fern\u00e1ndez al defender las pol\u00edticas sociales del Gobierno.<\/p>\n<p>\u00abY el \u00faltimo es el tema de las importaciones en donde ellos, como son liberales, como son de vocaci\u00f3n, de que las cosas se resuelvan por el mercado, todo lo resuelve el mercado, piden que no haya en la Argentina retenciones ni aranceles para las importaciones. Lo que significa y es igual a que hagan pelota la industria nacional y el trabajo argentino en muchos de los casos y que nosotros soportemos que otra vez despidan a nuestros padres, a nuestros hermanos y hermanas, a nuestros hijos y que se queden sin trabajo. Ergo, es preferible tener una Argentina muerta de hambre y financiada solamente para los que tienen mucho para que tengan m\u00e1s\u00bb, apunt\u00f3.<\/p>\n<p>Ante otra consulta, Fern\u00e1ndez remarc\u00f3 que en el encuentro de los \u00abeconomistas neoliberales hubo ah\u00ed una c\u00e1mara sorpresa o un fiel a toda la sociedad argentina que sabe muy bien que va a ser lesionada con la toma de decisiones de personajes como estos y que tom\u00f3 las im\u00e1genes para despu\u00e9s hacerlas conocer, algo que se trama en privado\u00bb.<\/p>\n<p>Por \u00faltimo, Fern\u00e1ndez expres\u00f3: \u00abme quiero solidarizar con el periodista Roberto Navarro, porque s\u00e9 que Miguel De Godoy, que es responsable de prensa de la Ciudad de Buenos Aires, llam\u00f3 a las autoridades del canal (C5N) pidiendo que lo sancionen por lo que estaba contando de esos economistas\u00bb.<\/p>\n","protected":false},"excerpt":{"rendered":"<p>El jefe de Gabinete, An\u00edbal Fern\u00e1ndez, volvi\u00f3 hoy a fustigar a Miguel Broda, Carlos Melconian y Jos\u00e9 Luis Espert, dijo que son \u00abpersonajes nefastos, neoliberales y conservadores que le han hecho mucho da\u00f1o a la Argentina\u00bb y agreg\u00f3 que \u00ables importa un carajo la gente que sufre en el pa\u00eds\u00bb.<\/p>\n","protected":false},"author":4,"featured_media":0,"comment_status":"open","ping_status":"open","sticky":false,"template":"","format":"standard","meta":{"_jetpack_newsletter_access":"","_jetpack_dont_email_post_to_subs":false,"_jetpack_newsletter_tier_id":0,"_jetpack_memberships_contains_paywalled_content":false,"_jetpack_memberships_contains_paid_content":false,"footnotes":""},"categories":[51],"tags":[],"class_list":["post-69634","post","type-post","status-publish","format-standard","hentry","category-politica"],"jetpack_shortlink":"https:\/\/wp.me\/p2JWE0-i78","jetpack-related-posts":[{"id":73934,"url":"http:\/\/www.24baires.com\/?p=73934","url_meta":{"origin":69634,"position":0},"title":"An\u00edbal Fern\u00e1ndez asegura que Macri \u00abno entiende nada de econom\u00eda\u00bb","author":"AF","date":"22\/10\/2015","format":false,"excerpt":"El Jefe de Gabinete y candidato a Gobernador bonaerense por el FpV, An\u00edbal Fern\u00e1ndez, sostuvo que el candidato a Presidente por Cambiemos, Mauricio Macri, no puede adelantar qui\u00e9n ser\u00eda el titular del Palacio de Haciendo en caso de resultar electo porque \"no entiende nada de econom\u00eda\" y s\u00f3lo \"publicita expresiones\u2026","rel":"","context":"En \u00abElecciones 2015\u00bb","block_context":{"text":"Elecciones 2015","link":"http:\/\/www.24baires.com\/?cat=74"},"img":{"alt_text":"fern\u00e1ndez an\u00edbal","src":"https:\/\/i0.wp.com\/www.24baires.com\/wp-content\/uploads\/2012\/12\/fern%C3%A1ndez-an%C3%ADbal.jpg?resize=350%2C200","width":350,"height":200,"srcset":"https:\/\/i0.wp.com\/www.24baires.com\/wp-content\/uploads\/2012\/12\/fern%C3%A1ndez-an%C3%ADbal.jpg?resize=350%2C200 1x, https:\/\/i0.wp.com\/www.24baires.com\/wp-content\/uploads\/2012\/12\/fern%C3%A1ndez-an%C3%ADbal.jpg?resize=525%2C300 1.5x"},"classes":[]},{"id":69621,"url":"http:\/\/www.24baires.com\/?p=69621","url_meta":{"origin":69634,"position":1},"title":"Condenan el \u00abajuste inexorable\u00bb que proponen los economistas de Macri","author":"Grupo Sierra","date":"27\/07\/2015","format":false,"excerpt":"Dirigentes del oficialismo condenaron el \"ajuste inexorable\" propuesto por los economistas del equipo del precandidato presidencial Mauricio Macri (PRO), Carlos Melconian, Jos\u00e9 Luis Espert y Miguel \u00c1ngel Broda, quienes sinceraron ante empresarios la necesidad de un \"Estado peque\u00f1o\" y la eliminaci\u00f3n \"del cepo y subsidios\", seg\u00fan consta en un video\u2026","rel":"","context":"En \u00abEconom\u00eda\u00bb","block_context":{"text":"Econom\u00eda","link":"http:\/\/www.24baires.com\/?cat=45"},"img":{"alt_text":"","src":"https:\/\/i0.wp.com\/www.24baires.com\/wp-content\/uploads\/2015\/07\/melconia-y-cia.jpg?resize=350%2C200","width":350,"height":200,"srcset":"https:\/\/i0.wp.com\/www.24baires.com\/wp-content\/uploads\/2015\/07\/melconia-y-cia.jpg?resize=350%2C200 1x, https:\/\/i0.wp.com\/www.24baires.com\/wp-content\/uploads\/2015\/07\/melconia-y-cia.jpg?resize=525%2C300 1.5x"},"classes":[]},{"id":69795,"url":"http:\/\/www.24baires.com\/?p=69795","url_meta":{"origin":69634,"position":2},"title":"La \u00fanica verdad","author":"AF","date":"30\/07\/2015","format":false,"excerpt":"\u201cNo es ideolog\u00eda, es capitalismo\u201d, dice Melconian en el video para justificar todo. Espert dice que las paritarias, una de las grandes reconquistas laborales en la etapa kirchnerista, son un instrumento fascista. \u201cLa historia es si hacemos el ajuste planeado o a los golpes\u201d, enfatiza Broda. Esta nota de opini\u00f3n\u2026","rel":"","context":"En \u00abOpini\u00f3n\u00bb","block_context":{"text":"Opini\u00f3n","link":"http:\/\/www.24baires.com\/?cat=64"},"img":{"alt_text":"","src":"https:\/\/i0.wp.com\/www.24baires.com\/wp-content\/uploads\/2015\/07\/i20671-espert-y-melconian-631.jpg?resize=350%2C200","width":350,"height":200,"srcset":"https:\/\/i0.wp.com\/www.24baires.com\/wp-content\/uploads\/2015\/07\/i20671-espert-y-melconian-631.jpg?resize=350%2C200 1x, https:\/\/i0.wp.com\/www.24baires.com\/wp-content\/uploads\/2015\/07\/i20671-espert-y-melconian-631.jpg?resize=525%2C300 1.5x"},"classes":[]},{"id":74842,"url":"http:\/\/www.24baires.com\/?p=74842","url_meta":{"origin":69634,"position":3},"title":"\u201cMacri no se parece a Scioli, porque Scioli representa a los trabajadores y pobres\u201d","author":"GB","date":"10\/11\/2015","format":false,"excerpt":"El jefe de Gabinete, An\u00edbal Fern\u00e1ndez, critic\u00f3 a los economistas asesores de la Alianza Cambiemos Carlos Melconian, Jos\u00e9 Luis Espert y Alfonso Prat-Gay al se\u00f1alar que \"representan al conservadurismo liberal\". Adem\u00e1s afirm\u00f3 que ese espacio opositor \"defiende al mercado como salvador de todo en contra de los intereses de los\u2026","rel":"","context":"En \u00abPol\u00edtica\u00bb","block_context":{"text":"Pol\u00edtica","link":"http:\/\/www.24baires.com\/?cat=51"},"img":{"alt_text":"anibal conferencia","src":"https:\/\/i0.wp.com\/www.24baires.com\/wp-content\/uploads\/2015\/04\/anibal-conferencia.jpg?resize=350%2C200","width":350,"height":200,"srcset":"https:\/\/i0.wp.com\/www.24baires.com\/wp-content\/uploads\/2015\/04\/anibal-conferencia.jpg?resize=350%2C200 1x, https:\/\/i0.wp.com\/www.24baires.com\/wp-content\/uploads\/2015\/04\/anibal-conferencia.jpg?resize=525%2C300 1.5x"},"classes":[]},{"id":75632,"url":"http:\/\/www.24baires.com\/?p=75632","url_meta":{"origin":69634,"position":4},"title":"Carlos Melconian ser\u00e1 el nuevo presidente del Banco Naci\u00f3n","author":"AF","date":"26\/11\/2015","format":false,"excerpt":"El economista anunci\u00f3 que estar\u00e1 al frente del Banco de la Naci\u00f3n Argentina a partir del pr\u00f3ximo 10 de diciembre, cuando asuma Mauricio Macri como presidente. \"Voy a estar al frente de una entidad que tiene una enorme capacidad de llegada y me he dado cuenta de eso con el\u2026","rel":"","context":"En \u00abPol\u00edtica\u00bb","block_context":{"text":"Pol\u00edtica","link":"http:\/\/www.24baires.com\/?cat=51"},"img":{"alt_text":"i20671-espert-y-melconian-631","src":"https:\/\/i0.wp.com\/www.24baires.com\/wp-content\/uploads\/2015\/07\/i20671-espert-y-melconian-631.jpg?resize=350%2C200","width":350,"height":200,"srcset":"https:\/\/i0.wp.com\/www.24baires.com\/wp-content\/uploads\/2015\/07\/i20671-espert-y-melconian-631.jpg?resize=350%2C200 1x, https:\/\/i0.wp.com\/www.24baires.com\/wp-content\/uploads\/2015\/07\/i20671-espert-y-melconian-631.jpg?resize=525%2C300 1.5x"},"classes":[]},{"id":74590,"url":"http:\/\/www.24baires.com\/?p=74590","url_meta":{"origin":69634,"position":5},"title":"An\u00edbal duro con Melconian por decir que \u00abno se podr\u00e1n subir salarios ni jubilaciones\u00bb","author":"AF","date":"04\/11\/2015","format":false,"excerpt":"El Jefe de Gabinete, An\u00edbal Fern\u00e1ndez, asegur\u00f3 hoy que el economista y asesor a candidato de Cambiemos, Carlos Melconian, \"vuelve a derrapara y decir lo que siempre le gust\u00f3 decir a \u00e9l y a Macri porque se les hace agua a la boca dicen que no van a subir sueldos\u2026","rel":"","context":"En \u00abElecciones 2015\u00bb","block_context":{"text":"Elecciones 2015","link":"http:\/\/www.24baires.com\/?cat=74"},"img":{"alt_text":"an\u00edbal cierre","src":"https:\/\/i0.wp.com\/www.24baires.com\/wp-content\/uploads\/2015\/08\/an%C3%ADbal-cierre.jpg?resize=350%2C200","width":350,"height":200,"srcset":"https:\/\/i0.wp.com\/www.24baires.com\/wp-content\/uploads\/2015\/08\/an%C3%ADbal-cierre.jpg?resize=350%2C200 1x, https:\/\/i0.wp.com\/www.24baires.com\/wp-content\/uploads\/2015\/08\/an%C3%ADbal-cierre.jpg?resize=525%2C300 1.5x"},"classes":[]}],"jetpack_sharing_enabled":true,"jetpack_likes_enabled":true,"jetpack_featured_media_url":"","_links":{"self":[{"href":"http:\/\/www.24baires.com\/index.php?rest_route=\/wp\/v2\/posts\/69634","targetHints":{"allow":["GET"]}}],"collection":[{"href":"http:\/\/www.24baires.com\/index.php?rest_route=\/wp\/v2\/posts"}],"about":[{"href":"http:\/\/www.24baires.com\/index.php?rest_route=\/wp\/v2\/types\/post"}],"author":[{"embeddable":true,"href":"http:\/\/www.24baires.com\/index.php?rest_route=\/wp\/v2\/users\/4"}],"replies":[{"embeddable":true,"href":"http:\/\/www.24baires.com\/index.php?rest_route=%2Fwp%2Fv2%2Fcomments&post=69634"}],"version-history":[{"count":1,"href":"http:\/\/www.24baires.com\/index.php?rest_route=\/wp\/v2\/posts\/69634\/revisions"}],"predecessor-version":[{"id":69635,"href":"http:\/\/www.24baires.com\/index.php?rest_route=\/wp\/v2\/posts\/69634\/revisions\/69635"}],"wp:attachment":[{"href":"http:\/\/www.24baires.com\/index.php?rest_route=%2Fwp%2Fv2%2Fmedia&parent=69634"}],"wp:term":[{"taxonomy":"category","embeddable":true,"href":"http:\/\/www.24baires.com\/index.php?rest_route=%2Fwp%2Fv2%2Fcategories&post=69634"},{"taxonomy":"post_tag","embeddable":true,"href":"http:\/\/www.24baires.com\/index.php?rest_route=%2Fwp%2Fv2%2Ftags&post=69634"}],"curies":[{"name":"wp","href":"https:\/\/api.w.org\/{rel}","templated":true}]}}