{"id":69625,"date":"2015-07-27T20:00:00","date_gmt":"2015-07-27T23:00:00","guid":{"rendered":"http:\/\/www.24baires.com\/?p=69625"},"modified":"2015-07-28T11:16:44","modified_gmt":"2015-07-28T14:16:44","slug":"nuevamente-cristina-por-twitter-tuvo-que-desmentir-a-clarin-y-la-nacion","status":"publish","type":"post","link":"http:\/\/www.24baires.com\/?p=69625","title":{"rendered":"Nuevamente Cristina por Twitter tuvo que desmentir a Clar\u00edn y La Naci\u00f3n"},"content":{"rendered":"<p><img data-recalc-dims=\"1\" loading=\"lazy\" decoding=\"async\" class=\"aligncenter size-full wp-image-69626\" src=\"https:\/\/i0.wp.com\/www.24baires.com\/wp-content\/uploads\/2015\/07\/cristina-laringitis.jpg?resize=560%2C340\" alt=\"cristina laringitis\" width=\"560\" height=\"340\" srcset=\"https:\/\/i0.wp.com\/www.24baires.com\/wp-content\/uploads\/2015\/07\/cristina-laringitis.jpg?w=560 560w, https:\/\/i0.wp.com\/www.24baires.com\/wp-content\/uploads\/2015\/07\/cristina-laringitis.jpg?resize=300%2C182 300w\" sizes=\"auto, (max-width: 560px) 100vw, 560px\" \/><\/p>\n<p>La Presidenta cuestion\u00f3 la informaci\u00f3n publicada en ambos medios sobre supuestas exigencias de la mandataria para participar en el acto de homenaje a la presencia galesa en el pa\u00eds. \u00abTiene cara y la picera de piedra\u00bb, dijo desde <a href=\"https:\/\/twitter.com\/cfkargentina\" target=\"_blank\">su cuenta de Twitter<\/a>.<!--more--><br \/>\nLa Presidenta de la Naci\u00f3n, Cristina Fern\u00e1ndez de Kirchner, cuestion\u00f3 en duros t\u00e9rminos la informaci\u00f3n que los diarios Clar\u00edn y La Naci\u00f3n publicaron sobre las supuestas exigencias que la mandataria habr\u00eda puesto para participar de la fiesta en la provincia de Chubut en homenaje a los 150 a\u00f1os de la presencia galesa en el pa\u00eds.<\/p>\n<blockquote class=\"twitter-tweet\" lang=\"es\">\n<p dir=\"ltr\" lang=\"es\">F\u00e1brica de mentiras y operaciones pol\u00edticas: Clar\u00edn &amp; La Naci\u00f3n Corp. Atienden las 24hs del d\u00eda, los 365 d\u00edas del a\u00f1o\u2026<\/p>\n<p>\u2014 Cristina Kirchner (@CFKArgentina) <a href=\"https:\/\/twitter.com\/CFKArgentina\/status\/625783573363224576\">julio 27, 2015<\/a><\/p><\/blockquote>\n<p><script src=\"\/\/platform.twitter.com\/widgets.js\" async=\"\" charset=\"utf-8\"><\/script><\/p>\n<p>En una larga secuencia de tuits, Cristina desminti\u00f3 todas las afirmaciones que all\u00ed se hac\u00edan sobre el supuesto adelantamiento del festejo, y sobre las exigencias de custodia y seguridad que presidencia habr\u00eda exigido para participar del festejo.<\/p>\n","protected":false},"excerpt":{"rendered":"<p>La Presidenta cuestion\u00f3 la informaci\u00f3n publicada en ambos medios sobre supuestas exigencias de la mandataria para participar en el acto de homenaje a la presencia galesa en el pa\u00eds. \u00abTiene cara y la picera de piedra\u00bb, dijo desde su cuenta de Twitter.<\/p>\n","protected":false},"author":11,"featured_media":0,"comment_status":"open","ping_status":"open","sticky":false,"template":"","format":"standard","meta":{"_jetpack_newsletter_access":"","_jetpack_dont_email_post_to_subs":false,"_jetpack_newsletter_tier_id":0,"_jetpack_memberships_contains_paywalled_content":false,"_jetpack_memberships_contains_paid_content":false,"footnotes":""},"categories":[51],"tags":[],"class_list":["post-69625","post","type-post","status-publish","format-standard","hentry","category-politica"],"jetpack_shortlink":"https:\/\/wp.me\/p2JWE0-i6Z","jetpack-related-posts":[{"id":121829,"url":"http:\/\/www.24baires.com\/?p=121829","url_meta":{"origin":69625,"position":0},"title":"Se conoce el fallo contra Cristina por la causa Vialidad","author":"GB","date":"13\/11\/2024","format":false,"excerpt":"La C\u00e1mara Federal de Casaci\u00f3n Penal dar\u00e1 a conocer este mi\u00e9rcoles a las 11.00 su veredicto en el marco del caso por el que la ex Presidenta fue condenada a seis a\u00f1os de prisi\u00f3n e inhabilitaci\u00f3n perpetua para ocupar cargos p\u00fablicos. La ex mandataria hizo su descargo contra jueces, dirigentes\u2026","rel":"","context":"En \u00abPol\u00edtica\u00bb","block_context":{"text":"Pol\u00edtica","link":"http:\/\/www.24baires.com\/?cat=51"},"img":{"alt_text":"","src":"https:\/\/i0.wp.com\/www.24baires.com\/wp-content\/uploads\/2024\/11\/cfk_1.jpg?resize=350%2C200","width":350,"height":200,"srcset":"https:\/\/i0.wp.com\/www.24baires.com\/wp-content\/uploads\/2024\/11\/cfk_1.jpg?resize=350%2C200 1x, https:\/\/i0.wp.com\/www.24baires.com\/wp-content\/uploads\/2024\/11\/cfk_1.jpg?resize=525%2C300 1.5x, https:\/\/i0.wp.com\/www.24baires.com\/wp-content\/uploads\/2024\/11\/cfk_1.jpg?resize=700%2C400 2x"},"classes":[]},{"id":119328,"url":"http:\/\/www.24baires.com\/?p=119328","url_meta":{"origin":69625,"position":1},"title":"Alberto: \u00abLos inculpados hablaban de que el pr\u00f3ximo soy yo\u00bb","author":"AF","date":"12\/09\/2022","format":false,"excerpt":"En una entrevista con el canal Telecinco Alberto Fern\u00e1ndez revel\u00f3 que los autores del ataque a la Vicepresidenta tambi\u00e9n lo ten\u00edan a \u00e9l como objetivo y agreg\u00f3 que \"es una banda de sinverg\u00fcenzas capaces de hacer semejante atrocidad\". El presidente Alberto Fern\u00e1ndez revel\u00f3 este lunes que los detenidos por el\u2026","rel":"","context":"En \u00abPol\u00edtica\u00bb","block_context":{"text":"Pol\u00edtica","link":"http:\/\/www.24baires.com\/?cat=51"},"img":{"alt_text":"","src":"https:\/\/i0.wp.com\/www.24baires.com\/wp-content\/uploads\/2022\/09\/alberto.jpg?resize=350%2C200","width":350,"height":200,"srcset":"https:\/\/i0.wp.com\/www.24baires.com\/wp-content\/uploads\/2022\/09\/alberto.jpg?resize=350%2C200 1x, https:\/\/i0.wp.com\/www.24baires.com\/wp-content\/uploads\/2022\/09\/alberto.jpg?resize=525%2C300 1.5x, https:\/\/i0.wp.com\/www.24baires.com\/wp-content\/uploads\/2022\/09\/alberto.jpg?resize=700%2C400 2x"},"classes":[]},{"id":119256,"url":"http:\/\/www.24baires.com\/?p=119256","url_meta":{"origin":69625,"position":2},"title":"Mandatarios latinoamericanos manifestaron su apoyo a Cristina","author":"AF","date":"24\/08\/2022","format":false,"excerpt":"El Presidente argentino junto a Luis Arce, Andr\u00e9s Manuel L\u00f3pez Obrador y Gustavo Petro publicaron un comunicado en el que manifestaron su apoyo a la vicepresidenta argentina. El presidente Alberto Fern\u00e1ndez comparti\u00f3 un comunicado que lleva las firmas de sus pares Luis Arce (Bolivia), Andr\u00e9s Manuel L\u00f3pez Obrador (M\u00e9xico) y\u2026","rel":"","context":"En \u00abPol\u00edtica\u00bb","block_context":{"text":"Pol\u00edtica","link":"http:\/\/www.24baires.com\/?cat=51"},"img":{"alt_text":"","src":"https:\/\/i0.wp.com\/www.24baires.com\/wp-content\/uploads\/2022\/08\/apoyoo-cfk.jpeg?resize=350%2C200","width":350,"height":200,"srcset":"https:\/\/i0.wp.com\/www.24baires.com\/wp-content\/uploads\/2022\/08\/apoyoo-cfk.jpeg?resize=350%2C200 1x, https:\/\/i0.wp.com\/www.24baires.com\/wp-content\/uploads\/2022\/08\/apoyoo-cfk.jpeg?resize=525%2C300 1.5x, https:\/\/i0.wp.com\/www.24baires.com\/wp-content\/uploads\/2022\/08\/apoyoo-cfk.jpeg?resize=700%2C400 2x"},"classes":[]},{"id":107773,"url":"http:\/\/www.24baires.com\/?p=107773","url_meta":{"origin":69625,"position":3},"title":"CFK presentar\u00e1 su libro \u00abSinceramente\u00bb","author":"AF","date":"23\/04\/2019","format":false,"excerpt":"La expresidenta lanzar\u00e1 el 26 de abril un texto que no es \"autobiogr\u00e1fico, ni tampoco una enumeraci\u00f3n de logros personales o pol\u00edticos\". \"Mauricio Macri es el caos y por eso creo firmemente que hay que volver a ordenar la Argentina\", se puede leer en un adelanto. La presentaci\u00f3n ser\u00e1 el\u2026","rel":"","context":"En \u00abPol\u00edtica\u00bb","block_context":{"text":"Pol\u00edtica","link":"http:\/\/www.24baires.com\/?cat=51"},"img":{"alt_text":"","src":"https:\/\/i0.wp.com\/www.24baires.com\/wp-content\/uploads\/2019\/04\/libro-cfk.jpg?resize=350%2C200","width":350,"height":200,"srcset":"https:\/\/i0.wp.com\/www.24baires.com\/wp-content\/uploads\/2019\/04\/libro-cfk.jpg?resize=350%2C200 1x, https:\/\/i0.wp.com\/www.24baires.com\/wp-content\/uploads\/2019\/04\/libro-cfk.jpg?resize=525%2C300 1.5x"},"classes":[]},{"id":106149,"url":"http:\/\/www.24baires.com\/?p=106149","url_meta":{"origin":69625,"position":4},"title":"Cristina cuestion\u00f3 el secuestro de sus cuadros ordenado por Bonadio","author":"AF","date":"28\/12\/2018","format":false,"excerpt":"La expresidenta de la Naci\u00f3n, Cristina Fern\u00e1ndez, cuestion\u00f3 hoy el operativo realizado en una de sus propiedades, donde la Polic\u00eda Federal retir\u00f3 una treintena de cuadros por orden del juez federal Claudio Bonadio en el marco de la causa denominada \"Cuadernos de la corrupci\u00f3n\". En su cuenta de Twitter, la\u2026","rel":"","context":"En \u00abJUDICIALES\u00bb","block_context":{"text":"JUDICIALES","link":"http:\/\/www.24baires.com\/?cat=68"},"img":{"alt_text":"","src":"https:\/\/i0.wp.com\/www.24baires.com\/wp-content\/uploads\/2018\/12\/pfa.jpg?resize=350%2C200","width":350,"height":200,"srcset":"https:\/\/i0.wp.com\/www.24baires.com\/wp-content\/uploads\/2018\/12\/pfa.jpg?resize=350%2C200 1x, https:\/\/i0.wp.com\/www.24baires.com\/wp-content\/uploads\/2018\/12\/pfa.jpg?resize=525%2C300 1.5x"},"classes":[]},{"id":119618,"url":"http:\/\/www.24baires.com\/?p=119618","url_meta":{"origin":69625,"position":5},"title":"Cristina denunci\u00f3 las \u00abpr\u00e1cticas mafiosas\u00bb que los medios ejercen hacia sus familiares","author":"AF","date":"10\/12\/2022","format":false,"excerpt":"La vicepresidenta se refiri\u00f3 a una nota publicada por diario La Naci\u00f3n. \"Una vez m\u00e1s vuelve a amenazar con meter presa a Florencia, mi hija. Parece que no les bast\u00f3 a los medios hegem\u00f3nicos con enfermarla\", se\u00f1al\u00f3. La vicepresidenta Cristina Fern\u00e1ndez de Kirchner denunci\u00f3 las \"pr\u00e1cticas mafiosas\" en las que\u2026","rel":"","context":"En \u00abSociedad\u00bb","block_context":{"text":"Sociedad","link":"http:\/\/www.24baires.com\/?cat=1"},"img":{"alt_text":"","src":"https:\/\/i0.wp.com\/www.24baires.com\/wp-content\/uploads\/2021\/10\/cristina.jpg?resize=350%2C200","width":350,"height":200,"srcset":"https:\/\/i0.wp.com\/www.24baires.com\/wp-content\/uploads\/2021\/10\/cristina.jpg?resize=350%2C200 1x, https:\/\/i0.wp.com\/www.24baires.com\/wp-content\/uploads\/2021\/10\/cristina.jpg?resize=525%2C300 1.5x, https:\/\/i0.wp.com\/www.24baires.com\/wp-content\/uploads\/2021\/10\/cristina.jpg?resize=700%2C400 2x"},"classes":[]}],"jetpack_sharing_enabled":true,"jetpack_likes_enabled":true,"jetpack_featured_media_url":"","_links":{"self":[{"href":"http:\/\/www.24baires.com\/index.php?rest_route=\/wp\/v2\/posts\/69625","targetHints":{"allow":["GET"]}}],"collection":[{"href":"http:\/\/www.24baires.com\/index.php?rest_route=\/wp\/v2\/posts"}],"about":[{"href":"http:\/\/www.24baires.com\/index.php?rest_route=\/wp\/v2\/types\/post"}],"author":[{"embeddable":true,"href":"http:\/\/www.24baires.com\/index.php?rest_route=\/wp\/v2\/users\/11"}],"replies":[{"embeddable":true,"href":"http:\/\/www.24baires.com\/index.php?rest_route=%2Fwp%2Fv2%2Fcomments&post=69625"}],"version-history":[{"count":2,"href":"http:\/\/www.24baires.com\/index.php?rest_route=\/wp\/v2\/posts\/69625\/revisions"}],"predecessor-version":[{"id":69628,"href":"http:\/\/www.24baires.com\/index.php?rest_route=\/wp\/v2\/posts\/69625\/revisions\/69628"}],"wp:attachment":[{"href":"http:\/\/www.24baires.com\/index.php?rest_route=%2Fwp%2Fv2%2Fmedia&parent=69625"}],"wp:term":[{"taxonomy":"category","embeddable":true,"href":"http:\/\/www.24baires.com\/index.php?rest_route=%2Fwp%2Fv2%2Fcategories&post=69625"},{"taxonomy":"post_tag","embeddable":true,"href":"http:\/\/www.24baires.com\/index.php?rest_route=%2Fwp%2Fv2%2Ftags&post=69625"}],"curies":[{"name":"wp","href":"https:\/\/api.w.org\/{rel}","templated":true}]}}