{"id":69570,"date":"2015-07-26T17:00:29","date_gmt":"2015-07-26T20:00:29","guid":{"rendered":"http:\/\/www.24baires.com\/?p=69570"},"modified":"2015-07-26T13:19:57","modified_gmt":"2015-07-26T16:19:57","slug":"macri-me-mando-a-la-patota-pero-me-fue-mejor-que-a-los-del-borda-ironizo-maximo","status":"publish","type":"post","link":"http:\/\/www.24baires.com\/?p=69570","title":{"rendered":"\u201cMacri me mand\u00f3 a la patota, pero me fue mejor que a los del Borda\u201d ironiz\u00f3 M\u00e1ximo"},"content":{"rendered":"<p><img data-recalc-dims=\"1\" loading=\"lazy\" decoding=\"async\" class=\"aligncenter size-full wp-image-41462\" src=\"https:\/\/i0.wp.com\/www.24baires.com\/wp-content\/uploads\/2014\/03\/maximo-kirchner.jpg?resize=560%2C285\" alt=\"maximo-kirchner\" width=\"560\" height=\"285\" srcset=\"https:\/\/i0.wp.com\/www.24baires.com\/wp-content\/uploads\/2014\/03\/maximo-kirchner.jpg?w=560 560w, https:\/\/i0.wp.com\/www.24baires.com\/wp-content\/uploads\/2014\/03\/maximo-kirchner.jpg?resize=300%2C152 300w\" sizes=\"auto, (max-width: 560px) 100vw, 560px\" \/><\/p>\n<p>M\u00e1ximo Kirchner, precandidato a diputado nacional por la provincia de Santa Cruz, volvi\u00f3 a escena y, esta vez, sali\u00f3 con los tapones de punta contra Mauricio Macri.<!--more--><\/p>\n<p>Tras el giro discursivo del l\u00edder del PRO, el hijo de la presidenta dijo que \u201chace un a\u00f1o y medio dec\u00edan que nada serv\u00eda y quer\u00edan derogar todo, incluso barajaban la posibilidad de que Cristina no terminara el mandato. Es llamativo un cambio de opini\u00f3n a 20 d\u00edas de una elecci\u00f3n\u201d.<\/p>\n<p>\u201cBien puesto est\u00e1 el nombre de Cambiemos a ese frente, porque vienen cambiando de opini\u00f3n\u201d, ironiz\u00f3 en referencia a los anuncios que hizo Macri de mantener a Aerol\u00edneas Argentinas y a YPF en manos del Estado en caso de llegar a ser presidente.<\/p>\n<p>Por \u00faltimo, se manifest\u00f3 acerca del operativo realizado por la Polic\u00eda Metropolitana en sus oficinas, en torno a la Causa Hotesur. \u201cMacri mand\u00f3 la patota. Me fue mejor a m\u00ed que a los empleados del Borda\u201d, brome\u00f3 M\u00e1ximo y dispar\u00f3 contra la justicia: \u201cuna cosa es que investigue y otra es que persiga\u201d.<\/p>\n<p>&nbsp;<\/p>\n<p>&nbsp;<\/p>\n<p>&nbsp;<\/p>\n","protected":false},"excerpt":{"rendered":"<p>M\u00e1ximo Kirchner, precandidato a diputado nacional por la provincia de Santa Cruz, volvi\u00f3 a escena y, esta vez, sali\u00f3 con los tapones de punta contra Mauricio Macri.<\/p>\n","protected":false},"author":11,"featured_media":0,"comment_status":"open","ping_status":"open","sticky":false,"template":"","format":"standard","meta":{"_jetpack_newsletter_access":"","_jetpack_dont_email_post_to_subs":false,"_jetpack_newsletter_tier_id":0,"_jetpack_memberships_contains_paywalled_content":false,"_jetpack_memberships_contains_paid_content":false,"footnotes":""},"categories":[51],"tags":[],"class_list":["post-69570","post","type-post","status-publish","format-standard","hentry","category-politica"],"jetpack_shortlink":"https:\/\/wp.me\/p2JWE0-i66","jetpack-related-posts":[{"id":77965,"url":"http:\/\/www.24baires.com\/?p=77965","url_meta":{"origin":69570,"position":0},"title":"Scioli: \u00abMacri quiere elegir al presidente del PJ con un DNU\u00bb","author":"AF","date":"22\/01\/2016","format":false,"excerpt":"Scioli ironiz\u00f3 sobre el pedido del Presidente del pa\u00eds, que quiere que Massa sea el titular del peronismo. Desde el Foro de Davos en Suiza, el Presidente Mauricio Macri levant\u00f3 una fuerte pol\u00e9mica al pedir que Sergio Massa sea el pr\u00f3ximo titular del PJ. El tigrense acompa\u00f1\u00f3 al l\u00edder de\u2026","rel":"","context":"En \u00abPol\u00edtica\u00bb","block_context":{"text":"Pol\u00edtica","link":"http:\/\/www.24baires.com\/?cat=51"},"img":{"alt_text":"scioli rabolini","src":"https:\/\/i0.wp.com\/www.24baires.com\/wp-content\/uploads\/2015\/10\/scioli-rabolini.jpg?resize=350%2C200","width":350,"height":200,"srcset":"https:\/\/i0.wp.com\/www.24baires.com\/wp-content\/uploads\/2015\/10\/scioli-rabolini.jpg?resize=350%2C200 1x, https:\/\/i0.wp.com\/www.24baires.com\/wp-content\/uploads\/2015\/10\/scioli-rabolini.jpg?resize=525%2C300 1.5x"},"classes":[]},{"id":104872,"url":"http:\/\/www.24baires.com\/?p=104872","url_meta":{"origin":69570,"position":1},"title":"Condenaron a De Vido a 5 a\u00f1os y 8 meses de prisi\u00f3n por la tragedia de Once","author":"AF","date":"10\/10\/2018","format":false,"excerpt":"La condena fue por administraci\u00f3n fraudulenta. El ex ministro de Planificaci\u00f3n Federal, absuelto del estrago culposo, hab\u00eda dicho por videoconferencia desde el penal de Marcos Paz que \"por arte de Macri me metieron por la ventana\". El Tribunal Oral Federal 4 conden\u00f3 al ex ministro de Planificaci\u00f3n Federal Julio De\u2026","rel":"","context":"En \u00abJUDICIALES\u00bb","block_context":{"text":"JUDICIALES","link":"http:\/\/www.24baires.com\/?cat=68"},"img":{"alt_text":"","src":"https:\/\/i0.wp.com\/www.24baires.com\/wp-content\/uploads\/2017\/07\/de-vido.jpg?resize=350%2C200","width":350,"height":200,"srcset":"https:\/\/i0.wp.com\/www.24baires.com\/wp-content\/uploads\/2017\/07\/de-vido.jpg?resize=350%2C200 1x, https:\/\/i0.wp.com\/www.24baires.com\/wp-content\/uploads\/2017\/07\/de-vido.jpg?resize=525%2C300 1.5x"},"classes":[]},{"id":111469,"url":"http:\/\/www.24baires.com\/?p=111469","url_meta":{"origin":69570,"position":2},"title":"\u00abMuero de ganas de debatir con Macri, pero no se va a animar\u00bb","author":"AF","date":"05\/08\/2019","format":false,"excerpt":"El precandidato del Frente de Todos desafi\u00f3 al Presidente a un debate, aunque descart\u00f3 que el primer mandatario vaya a participar. \"No tiene un logro para mostrar\", consider\u00f3. El precandidato presidencial del Frente de Todos, Alberto Fern\u00e1ndez, desafi\u00f3 a Mauricio Macri a participar de un debate, aunque asegur\u00f3 que el\u2026","rel":"","context":"En \u00abPol\u00edtica\u00bb","block_context":{"text":"Pol\u00edtica","link":"http:\/\/www.24baires.com\/?cat=51"},"img":{"alt_text":"","src":"https:\/\/i0.wp.com\/www.24baires.com\/wp-content\/uploads\/2019\/06\/alberto-fernandez.jpg?resize=350%2C200","width":350,"height":200,"srcset":"https:\/\/i0.wp.com\/www.24baires.com\/wp-content\/uploads\/2019\/06\/alberto-fernandez.jpg?resize=350%2C200 1x, https:\/\/i0.wp.com\/www.24baires.com\/wp-content\/uploads\/2019\/06\/alberto-fernandez.jpg?resize=525%2C300 1.5x"},"classes":[]},{"id":63338,"url":"http:\/\/www.24baires.com\/?p=63338","url_meta":{"origin":69570,"position":3},"title":"\u201cMacri podr\u00eda ser un buen candidato a gobernador de Massa\u201d","author":"AF","date":"18\/03\/2015","format":false,"excerpt":"La esposa del diputado nacional y titular del Frente Renovador Sergio Massa, reparti\u00f3 criticas para otros precandidatos a presidente de diferentes espacios pol\u00edticos e ironiz\u00f3 que el jefe de Gobierno porte\u00f1o, Mauricio Macri. Fiel a su estilo, Malena fustig\u00f3: \u201cMacri arm\u00f3 unas PASO mentirosa con dos candidatos que no miden,\u2026","rel":"","context":"En \u00abElecciones 2015\u00bb","block_context":{"text":"Elecciones 2015","link":"http:\/\/www.24baires.com\/?cat=74"},"img":{"alt_text":"massa y malena","src":"https:\/\/i0.wp.com\/www.24baires.com\/wp-content\/uploads\/2013\/08\/massa-y-malena.jpg?resize=350%2C200","width":350,"height":200,"srcset":"https:\/\/i0.wp.com\/www.24baires.com\/wp-content\/uploads\/2013\/08\/massa-y-malena.jpg?resize=350%2C200 1x, https:\/\/i0.wp.com\/www.24baires.com\/wp-content\/uploads\/2013\/08\/massa-y-malena.jpg?resize=525%2C300 1.5x"},"classes":[]},{"id":40473,"url":"http:\/\/www.24baires.com\/?p=40473","url_meta":{"origin":69570,"position":4},"title":"Contin\u00faan los cruces entre el sciolismo y el macrismo","author":"Grupo Sierra","date":"15\/02\/2014","format":false,"excerpt":"El secretario de Comunicaci\u00f3n P\u00fablica, Juan Courel, sali\u00f3 hoy al cruce de las declaraciones del jefe de Gobierno porte\u00f1o, Mauricio Macri, que durante una recorrida por Esteban Echeverria, junto a la vicejefa de Gobierno, Mar\u00eda Eugenia Vidal, cuestion\u00f3 al Gobierno provincial, y sostuvo que \u201cson todos chorros los que nos\u2026","rel":"","context":"En \u00abPol\u00edtica\u00bb","block_context":{"text":"Pol\u00edtica","link":"http:\/\/www.24baires.com\/?cat=51"},"img":{"alt_text":"","src":"https:\/\/i0.wp.com\/www.24baires.com\/wp-content\/uploads\/2014\/02\/scioli-macri.jpg?resize=350%2C200","width":350,"height":200,"srcset":"https:\/\/i0.wp.com\/www.24baires.com\/wp-content\/uploads\/2014\/02\/scioli-macri.jpg?resize=350%2C200 1x, https:\/\/i0.wp.com\/www.24baires.com\/wp-content\/uploads\/2014\/02\/scioli-macri.jpg?resize=525%2C300 1.5x"},"classes":[]},{"id":118220,"url":"http:\/\/www.24baires.com\/?p=118220","url_meta":{"origin":69570,"position":5},"title":"Masivo repudio a la agresi\u00f3n de Macri en Dolores","author":"AF","date":"03\/11\/2021","format":false,"excerpt":"Diputados del Frente de Todos y trabajadores del canal de noticias C5N repudiaron el gesto agresivo que tuvo el expresidente cuando ingresaba a la sede de la Municipalidad de Dolores al quitarle el micr\u00f3fono al periodista de esa se\u00f1al que se encontraba en el lugar. Diputados del Frente de Todos\u2026","rel":"","context":"En \u00abPol\u00edtica\u00bb","block_context":{"text":"Pol\u00edtica","link":"http:\/\/www.24baires.com\/?cat=51"},"img":{"alt_text":"","src":"https:\/\/i0.wp.com\/www.24baires.com\/wp-content\/uploads\/2021\/11\/macri-ataca-c5n-2jpg.jpg?resize=350%2C200","width":350,"height":200,"srcset":"https:\/\/i0.wp.com\/www.24baires.com\/wp-content\/uploads\/2021\/11\/macri-ataca-c5n-2jpg.jpg?resize=350%2C200 1x, https:\/\/i0.wp.com\/www.24baires.com\/wp-content\/uploads\/2021\/11\/macri-ataca-c5n-2jpg.jpg?resize=525%2C300 1.5x"},"classes":[]}],"jetpack_sharing_enabled":true,"jetpack_likes_enabled":true,"jetpack_featured_media_url":"","_links":{"self":[{"href":"http:\/\/www.24baires.com\/index.php?rest_route=\/wp\/v2\/posts\/69570","targetHints":{"allow":["GET"]}}],"collection":[{"href":"http:\/\/www.24baires.com\/index.php?rest_route=\/wp\/v2\/posts"}],"about":[{"href":"http:\/\/www.24baires.com\/index.php?rest_route=\/wp\/v2\/types\/post"}],"author":[{"embeddable":true,"href":"http:\/\/www.24baires.com\/index.php?rest_route=\/wp\/v2\/users\/11"}],"replies":[{"embeddable":true,"href":"http:\/\/www.24baires.com\/index.php?rest_route=%2Fwp%2Fv2%2Fcomments&post=69570"}],"version-history":[{"count":2,"href":"http:\/\/www.24baires.com\/index.php?rest_route=\/wp\/v2\/posts\/69570\/revisions"}],"predecessor-version":[{"id":69573,"href":"http:\/\/www.24baires.com\/index.php?rest_route=\/wp\/v2\/posts\/69570\/revisions\/69573"}],"wp:attachment":[{"href":"http:\/\/www.24baires.com\/index.php?rest_route=%2Fwp%2Fv2%2Fmedia&parent=69570"}],"wp:term":[{"taxonomy":"category","embeddable":true,"href":"http:\/\/www.24baires.com\/index.php?rest_route=%2Fwp%2Fv2%2Fcategories&post=69570"},{"taxonomy":"post_tag","embeddable":true,"href":"http:\/\/www.24baires.com\/index.php?rest_route=%2Fwp%2Fv2%2Ftags&post=69570"}],"curies":[{"name":"wp","href":"https:\/\/api.w.org\/{rel}","templated":true}]}}