{"id":69497,"date":"2015-07-24T14:00:20","date_gmt":"2015-07-24T17:00:20","guid":{"rendered":"http:\/\/www.24baires.com\/?p=69497"},"modified":"2015-07-24T12:23:07","modified_gmt":"2015-07-24T15:23:07","slug":"scioli-y-zannini-participan-del-encuentro-del-pj-en-parque-norte","status":"publish","type":"post","link":"http:\/\/www.24baires.com\/?p=69497","title":{"rendered":"Scioli y Zannini participan del encuentro del PJ en Parque Norte"},"content":{"rendered":"<p><img data-recalc-dims=\"1\" loading=\"lazy\" decoding=\"async\" class=\"aligncenter size-full wp-image-69500\" src=\"https:\/\/i0.wp.com\/www.24baires.com\/wp-content\/uploads\/2015\/07\/scioli-zannini1.jpg?resize=560%2C314\" alt=\"scioli zannini\" width=\"560\" height=\"314\" srcset=\"https:\/\/i0.wp.com\/www.24baires.com\/wp-content\/uploads\/2015\/07\/scioli-zannini1.jpg?w=560 560w, https:\/\/i0.wp.com\/www.24baires.com\/wp-content\/uploads\/2015\/07\/scioli-zannini1.jpg?resize=300%2C168 300w\" sizes=\"auto, (max-width: 560px) 100vw, 560px\" \/>El gobernador bonaerense y candidato a presidente del FpV y su compa\u00f1ero de f\u00f3rmula dar\u00e1n el presente hoy en el cierre de una jornada organizada por Gestar, instituto impulsado por el ex presidente N\u00e9stor Kirchner.<!--more--><\/p>\n<p>A poco m\u00e1s de dos semanas de las elecciones primarias (PASO) a nivel nacional, Gestar, el instituto impulsado por el ex presidente N\u00e9stor Kirchner, organizar\u00e1 este viernes desde las 15.30 en Parque Norte un evento denominado \u00abEl desarrollo de la Argentina, una Patria justa, libre y soberana\u201d, que concluir\u00e1 con un multitudinario acto del cual participar\u00e1 la f\u00f3rmula presidencial del FpV.<\/p>\n<p>Con toda la liturgia peronista, el acto de cierre de la jornada del PJ en apoyo a Scioli y Zannini y al proyecto nacional que conduce la presidenta Cristina Fern\u00e1ndez de Kirchner est\u00e1 previsto para las 18 y ser\u00e1 en un escenario ubicado en Parque Norte, que tendr\u00e1 como foto final a los principales referentes del peronismo junto a los candidatos presidenciales del FpV.<\/p>\n<p>Desde la organizaci\u00f3n del c\u00f3nclave peronista, informaron a T\u00e9lam que asistir\u00e1n los gobernadores Eduardo Fellner (Jujuy); Jos\u00e9 Luis Gioja (San Juan); Juan Manuel Urtubey (Salta); Jorge Capitanich (Chaco); Sergio Urribarri (Entre R\u00edos); Luis Beder Herrera (La Rioja); Maurice Closs (Misiones), Jos\u00e9 Alperovich (Tucum\u00e1n); Luc\u00eda Corpacci (Catamarca); Oscar Jorge (La Pampa); Mart\u00edn Buzzi (Chubut); Gildo Insfr\u00e1n (Formosa); y Francisco P\u00e9rez (Mendoza).<\/p>\n<p>La jornada de la que participar\u00e1n m\u00e1s de mil dirigentes de todo el pa\u00eds comenzar\u00e1 con el debate en tres comisiones de trabajo divididas por las banderas justicialistas y en sinton\u00eda con la campa\u00f1a nacional: \u201cLa victoria de la justicia social\u201d; \u201cLa victoria de la soberan\u00eda pol\u00edtica\u201d y \u201cLa victoria de independencia econ\u00f3mica\u201d.<\/p>\n<p>Al respecto, el presidente de Gestar y gobernador de San Juan, Jos\u00e9 Luis Gioja, sostuvo que \u201cen este encuentro le queremos decir a Daniel Scioli que el peronismo est\u00e1 unido, que lo apoyamos y que todos estamos trabajando para que nuestras banderas justicialistas sigan flameando en cada rinc\u00f3n de la Patria\u201d.<\/p>\n<p>\u201cEn el evento de Gestar van a estar representadas todas las provincias para que podamos analizar los principales temas junto a compa\u00f1eros y compa\u00f1eras de todo el pa\u00eds\u00bb, subray\u00f3 el gobernador sanjuanino a trav\u00e9s de un comunicado oficial.<\/p>\n<p>En referencia a las pr\u00f3ximas elecciones nacionales, Gioja afirm\u00f3: \u00abestamos comprometidos en trabajar para la continuidad del proyecto nacional y popular con el objetivo de que el pr\u00f3ximo presidente vuelva a ser un compa\u00f1ero peronista\u00bb.<\/p>\n<p>En tanto, Diego Bossio, titular de Anses y director General del Instituto, manifest\u00f3 que \u00abeste movimiento nacional y popular tiene como columna vertebral el Justicialismo y tenemos que seguir gobernando, consolidando los logros y construyendo la gran Argentina que queremos\u00bb.<\/p>\n<p>En ese sentido, agreg\u00f3: \u00abSomos peronistas y nuestra mejor campa\u00f1a es escuchar lo que necesita el pueblo en cada lugar de nuestro pa\u00eds. Este viernes nos reunimos para continuar avanzando en el desarrollo de la Argentina, como lo hicimos con N\u00e9stor y lo hacemos hoy con Cristina Fern\u00e1ndez de Kirchner\u201d.<\/p>\n<p>\u201cVamos darle nuestro firme respaldo a Daniel Scioli para que el peronismo siga conduciendo los destinos de la Patria\u00bb, remarc\u00f3 Bossio, quien concluy\u00f3: \u201cTenemos que continuar trabajando en los desaf\u00edos pendientes para transformar la realidad y defender los intereses de los argentinos\u201d.<\/p>\n<p>Por su parte, Juan Courel, secretario de Comunicaci\u00f3n P\u00fablica de la provincia de Buenos Aires, afirm\u00f3: \u00abSomos el espacio pol\u00edtico indicado para construir a partir de lo construido, avanzar desde donde dej\u00f3 el otro, y encarar juntos lo que falta\u00bb.<\/p>\n<p>Adem\u00e1s, Courel se\u00f1al\u00f3 que \u00aben este encuentro integramos los equipos profesionales de Daniel Scioli para que trabajen junto a los gobernadores, intendentes y toda la experiencia del peronismo para proponer una agenda del futuro asociada al desarrollo argentino\u00bb.<\/p>\n","protected":false},"excerpt":{"rendered":"<p>El gobernador bonaerense y candidato a presidente del FpV y su compa\u00f1ero de f\u00f3rmula dar\u00e1n el presente hoy en el cierre de una jornada organizada por Gestar, instituto impulsado por el ex presidente N\u00e9stor Kirchner.<\/p>\n","protected":false},"author":4,"featured_media":0,"comment_status":"open","ping_status":"open","sticky":false,"template":"","format":"standard","meta":{"_jetpack_newsletter_access":"","_jetpack_dont_email_post_to_subs":false,"_jetpack_newsletter_tier_id":0,"_jetpack_memberships_contains_paywalled_content":false,"_jetpack_memberships_contains_paid_content":false,"footnotes":""},"categories":[51],"tags":[],"class_list":["post-69497","post","type-post","status-publish","format-standard","hentry","category-politica"],"jetpack_shortlink":"https:\/\/wp.me\/p2JWE0-i4V","jetpack-related-posts":[{"id":68464,"url":"http:\/\/www.24baires.com\/?p=68464","url_meta":{"origin":69497,"position":0},"title":"Scioli y Zannini inauguran el Ateneo N\u00e9stor Kirchner en Santa Cruz","author":"AF","date":"02\/07\/2015","format":false,"excerpt":"El candidato a presidente por el Frente para la Victoria, Daniel Scioli, y su compa\u00f1ero de f\u00f3rmula, Carlos Zannini, encabezar\u00e1n el jueves la inauguraci\u00f3n del Ateneo N\u00e9stor Kirchner en R\u00edo Gallegos, un espacio en el que se recorrer\u00e1, a modo de homenaje, la carrera pol\u00edtica del ex presidente, desde sus\u2026","rel":"","context":"En \u00abSociedad\u00bb","block_context":{"text":"Sociedad","link":"http:\/\/www.24baires.com\/?cat=1"},"img":{"alt_text":"scioli zannini","src":"https:\/\/i0.wp.com\/www.24baires.com\/wp-content\/uploads\/2015\/07\/scioli-zannini.jpg?resize=350%2C200","width":350,"height":200},"classes":[]},{"id":67714,"url":"http:\/\/www.24baires.com\/?p=67714","url_meta":{"origin":69497,"position":1},"title":"Zannini: \u00abAcept\u00e9 acompa\u00f1ar a Scioli porque es la continuidad del camino\u00bb","author":"AF","date":"17\/06\/2015","format":false,"excerpt":"El secretario de Legal y T\u00e9cnica de la Presidencia lo dijo esta tarde al arribar a Casa de Gobierno, luego de reunirse con la presidenta Cristina Fern\u00e1ndez de Kirchner en la residencia de Olivos. El secretario de Legal y T\u00e9cnica de la Presidencia, Carlos Zannini, confirm\u00f3 en Casa de Gobierno\u2026","rel":"","context":"En \u00abElecciones 2015\u00bb","block_context":{"text":"Elecciones 2015","link":"http:\/\/www.24baires.com\/?cat=74"},"img":{"alt_text":"","src":"https:\/\/i0.wp.com\/www.24baires.com\/wp-content\/uploads\/2015\/06\/zannini.jpg?resize=350%2C200","width":350,"height":200,"srcset":"https:\/\/i0.wp.com\/www.24baires.com\/wp-content\/uploads\/2015\/06\/zannini.jpg?resize=350%2C200 1x, https:\/\/i0.wp.com\/www.24baires.com\/wp-content\/uploads\/2015\/06\/zannini.jpg?resize=525%2C300 1.5x"},"classes":[]},{"id":69453,"url":"http:\/\/www.24baires.com\/?p=69453","url_meta":{"origin":69497,"position":2},"title":"Este viernes Scioli encabezar\u00e1 un acto en Parque Norte","author":"AF","date":"23\/07\/2015","format":false,"excerpt":"El gobernador bonaerense Daniel Scioli encabezar\u00e1 el viernes en Parque Norte un encuentro nacional organizado por Gestar, que reunir\u00e1 a referentes pol\u00edticos del justicialismo de todo el pa\u00eds para brindar su respaldo al precandidato presidencial del Frente para la Victoria. En sinton\u00eda con la campa\u00f1a nacional, la jornada denominada \"El\u2026","rel":"","context":"En \u00abPol\u00edtica\u00bb","block_context":{"text":"Pol\u00edtica","link":"http:\/\/www.24baires.com\/?cat=51"},"img":{"alt_text":"scioli 1","src":"https:\/\/i0.wp.com\/www.24baires.com\/wp-content\/uploads\/2015\/01\/scioli-1.jpg?resize=350%2C200","width":350,"height":200,"srcset":"https:\/\/i0.wp.com\/www.24baires.com\/wp-content\/uploads\/2015\/01\/scioli-1.jpg?resize=350%2C200 1x, https:\/\/i0.wp.com\/www.24baires.com\/wp-content\/uploads\/2015\/01\/scioli-1.jpg?resize=525%2C300 1.5x"},"classes":[]},{"id":69662,"url":"http:\/\/www.24baires.com\/?p=69662","url_meta":{"origin":69497,"position":3},"title":"Scioli destac\u00f3 la \u00abagenda de integraci\u00f3n\u00bb del Frente para la Victoria","author":"AF","date":"28\/07\/2015","format":false,"excerpt":"El candidato a presidente por el Frente para la Victoria, Daniel Scioli, junto al candidato a vicepresidente, Carlos Zannini, encabez\u00f3 el acto de cierre del encuentro regional de candidatos al Parlasur. El candidato presidencial del Frente para la Victoria, Daniel Scioli, cerr\u00f3 en la capital provincial el encuentro de Parlamentarios\u2026","rel":"","context":"En \u00abPol\u00edtica\u00bb","block_context":{"text":"Pol\u00edtica","link":"http:\/\/www.24baires.com\/?cat=51"},"img":{"alt_text":"","src":"https:\/\/i0.wp.com\/www.24baires.com\/wp-content\/uploads\/2015\/07\/scioli-en-mendoza.jpg?resize=350%2C200","width":350,"height":200,"srcset":"https:\/\/i0.wp.com\/www.24baires.com\/wp-content\/uploads\/2015\/07\/scioli-en-mendoza.jpg?resize=350%2C200 1x, https:\/\/i0.wp.com\/www.24baires.com\/wp-content\/uploads\/2015\/07\/scioli-en-mendoza.jpg?resize=525%2C300 1.5x"},"classes":[]},{"id":103525,"url":"http:\/\/www.24baires.com\/?p=103525","url_meta":{"origin":69497,"position":4},"title":"Presentan proyecto para derogar el decreto de Macri de intervenci\u00f3n de las Fuerzas Armadas","author":"AF","date":"25\/07\/2018","format":false,"excerpt":"Los fundamentos de la iniciativa que encabeza el presidente del bloque FPV-PJ, Agust\u00edn Rossi, sostienen que el presidente \u201ca trav\u00e9s de un simple decreto reglamentario intenta cambiar las bases sobre las que est\u00e1 estructurado nuestro sistema de Defensa Nacional, construido desde la recuperaci\u00f3n democr\u00e1tica\u201d. Diputados y diputadas del bloque FPV-PJ\u2026","rel":"","context":"En \u00abLocales\u00bb","block_context":{"text":"Locales","link":"http:\/\/www.24baires.com\/?cat=38"},"img":{"alt_text":"","src":"https:\/\/i0.wp.com\/www.24baires.com\/wp-content\/uploads\/2018\/07\/macri-fuerzas.jpg?resize=350%2C200","width":350,"height":200,"srcset":"https:\/\/i0.wp.com\/www.24baires.com\/wp-content\/uploads\/2018\/07\/macri-fuerzas.jpg?resize=350%2C200 1x, https:\/\/i0.wp.com\/www.24baires.com\/wp-content\/uploads\/2018\/07\/macri-fuerzas.jpg?resize=525%2C300 1.5x"},"classes":[]},{"id":68526,"url":"http:\/\/www.24baires.com\/?p=68526","url_meta":{"origin":69497,"position":5},"title":"An\u00edbal: \u00abM\u00e1ximo ha organizado la agrupaci\u00f3n con m\u00e1s m\u00edstica del pa\u00eds\u00bb","author":"AF","date":"03\/07\/2015","format":false,"excerpt":"El jefe de Gabinete destac\u00f3 que si el hijo de la presidenta Cristina Fern\u00e1ndez de Kirchner ahora \"ha decidido mostrarse, no hay duda de que tiene un mont\u00f3n de trabajo realizado para poner sobre la mesa\". Fern\u00e1ndez analiz\u00f3 as\u00ed la presencia del candidato a diputado nacional por la provincia de\u2026","rel":"","context":"En \u00abPol\u00edtica\u00bb","block_context":{"text":"Pol\u00edtica","link":"http:\/\/www.24baires.com\/?cat=51"},"img":{"alt_text":"fern\u00e1ndez an\u00edbal2","src":"https:\/\/i0.wp.com\/www.24baires.com\/wp-content\/uploads\/2012\/11\/fern%C3%A1ndez-an%C3%ADbal2.jpg?resize=350%2C200","width":350,"height":200,"srcset":"https:\/\/i0.wp.com\/www.24baires.com\/wp-content\/uploads\/2012\/11\/fern%C3%A1ndez-an%C3%ADbal2.jpg?resize=350%2C200 1x, https:\/\/i0.wp.com\/www.24baires.com\/wp-content\/uploads\/2012\/11\/fern%C3%A1ndez-an%C3%ADbal2.jpg?resize=525%2C300 1.5x"},"classes":[]}],"jetpack_sharing_enabled":true,"jetpack_likes_enabled":true,"jetpack_featured_media_url":"","_links":{"self":[{"href":"http:\/\/www.24baires.com\/index.php?rest_route=\/wp\/v2\/posts\/69497","targetHints":{"allow":["GET"]}}],"collection":[{"href":"http:\/\/www.24baires.com\/index.php?rest_route=\/wp\/v2\/posts"}],"about":[{"href":"http:\/\/www.24baires.com\/index.php?rest_route=\/wp\/v2\/types\/post"}],"author":[{"embeddable":true,"href":"http:\/\/www.24baires.com\/index.php?rest_route=\/wp\/v2\/users\/4"}],"replies":[{"embeddable":true,"href":"http:\/\/www.24baires.com\/index.php?rest_route=%2Fwp%2Fv2%2Fcomments&post=69497"}],"version-history":[{"count":1,"href":"http:\/\/www.24baires.com\/index.php?rest_route=\/wp\/v2\/posts\/69497\/revisions"}],"predecessor-version":[{"id":69501,"href":"http:\/\/www.24baires.com\/index.php?rest_route=\/wp\/v2\/posts\/69497\/revisions\/69501"}],"wp:attachment":[{"href":"http:\/\/www.24baires.com\/index.php?rest_route=%2Fwp%2Fv2%2Fmedia&parent=69497"}],"wp:term":[{"taxonomy":"category","embeddable":true,"href":"http:\/\/www.24baires.com\/index.php?rest_route=%2Fwp%2Fv2%2Fcategories&post=69497"},{"taxonomy":"post_tag","embeddable":true,"href":"http:\/\/www.24baires.com\/index.php?rest_route=%2Fwp%2Fv2%2Ftags&post=69497"}],"curies":[{"name":"wp","href":"https:\/\/api.w.org\/{rel}","templated":true}]}}