{"id":69481,"date":"2015-07-24T11:14:04","date_gmt":"2015-07-24T14:14:04","guid":{"rendered":"http:\/\/www.24baires.com\/?p=69481"},"modified":"2015-07-24T11:14:04","modified_gmt":"2015-07-24T14:14:04","slug":"de-fazio-carrio-representa-la-derecha-recalcitrante-de-eeuu","status":"publish","type":"post","link":"http:\/\/www.24baires.com\/?p=69481","title":{"rendered":"De Fazio: \u00abCarri\u00f3 representa la derecha recalcitrante de EEUU\u00bb"},"content":{"rendered":"<p><img data-recalc-dims=\"1\" loading=\"lazy\" decoding=\"async\" src=\"https:\/\/i0.wp.com\/www.24baires.com\/wp-content\/uploads\/2015\/07\/de-fazio.jpg?resize=560%2C403\" alt=\"de fazio\" width=\"560\" height=\"403\" class=\"aligncenter size-full wp-image-69482\" srcset=\"https:\/\/i0.wp.com\/www.24baires.com\/wp-content\/uploads\/2015\/07\/de-fazio.jpg?w=560 560w, https:\/\/i0.wp.com\/www.24baires.com\/wp-content\/uploads\/2015\/07\/de-fazio.jpg?resize=300%2C216 300w\" sizes=\"auto, (max-width: 560px) 100vw, 560px\" \/>El senador provincial bonaerense del Frente para la Victoria, Alberto De Fazio, cuestion\u00f3 las cr\u00edticas de Elisa Carri\u00f3 hacia el candidato a presidente Daniel Scioli y asegur\u00f3 que \u00abella representa a la derecha recalcitrante de los Estados Unidos\u00bb.<!--more--><\/p>\n<p>En torno a las cr\u00edticas impartidas de parte de Carri\u00f3 por el viaje de Scioli a Cuba, el legislador sostuvo que \u00abviniendo del personaje del que se trata no es de extra\u00f1ar, porque es una persona que est\u00e1 a punto de que la realidad la retire de la pol\u00edtica\u00bb. <\/p>\n<p>\u00abElla es una candidata que no va a superar el 1 por ciento de los votos y es nada m\u00e1s que una abonada de la prensa dominante\u00bb, sentenci\u00f3 en di\u00e1logo con radio Provincia.<\/p>\n<p>De Fazio precis\u00f3 que \u00abhay que tener bien en claro que esto tambi\u00e9n se enmarca en una lucha de poder internacional porque ella representa al ala derecha y m\u00e1s recalcitrante de los republicanos de Estados Unidos\u00bb.<\/p>\n","protected":false},"excerpt":{"rendered":"<p>El senador provincial bonaerense del Frente para la Victoria, Alberto De Fazio, cuestion\u00f3 las cr\u00edticas de Elisa Carri\u00f3 hacia el candidato a presidente Daniel Scioli y asegur\u00f3 que \u00abella representa a la derecha recalcitrante de los Estados Unidos\u00bb.<\/p>\n","protected":false},"author":4,"featured_media":0,"comment_status":"open","ping_status":"open","sticky":false,"template":"","format":"standard","meta":{"_jetpack_newsletter_access":"","_jetpack_dont_email_post_to_subs":false,"_jetpack_newsletter_tier_id":0,"_jetpack_memberships_contains_paywalled_content":false,"_jetpack_memberships_contains_paid_content":false,"footnotes":""},"categories":[51],"tags":[],"class_list":["post-69481","post","type-post","status-publish","format-standard","hentry","category-politica"],"jetpack_shortlink":"https:\/\/wp.me\/p2JWE0-i4F","jetpack-related-posts":[{"id":59966,"url":"http:\/\/www.24baires.com\/?p=59966","url_meta":{"origin":69481,"position":0},"title":"De Fazio: \u00abEl Frente Renovador no sabe ni lo que quiere\u00bb","author":"GB","date":"12\/01\/2015","format":false,"excerpt":"El senador bonaerense Alberto De Fazio (Frente para la Victoria) asegur\u00f3 hoy que \"el Frente Renovador que conduce Sergio Massa no sabe ni lo que quiere\". En declaraciones formuladas a radio Provincia, el legislador se refiri\u00f3 a las distintas fuerzas de la oposici\u00f3n y remarc\u00f3 que \u201cest\u00e1 el Frente UNEN,\u2026","rel":"","context":"En \u00abPol\u00edtica\u00bb","block_context":{"text":"Pol\u00edtica","link":"http:\/\/www.24baires.com\/?cat=51"},"img":{"alt_text":"","src":"","width":0,"height":0},"classes":[]},{"id":90397,"url":"http:\/\/www.24baires.com\/?p=90397","url_meta":{"origin":69481,"position":1},"title":"Acusan a Cambiemos de impulsar un \u00abmaniobra de espionaje\u00bb contra Scioli","author":"GB","date":"30\/11\/2016","format":false,"excerpt":"Lo afirm\u00f3 el ex senador bonaerense Alberto De Fazio luego de que se difundieran im\u00e1genes del ex Gobernador en Punta Cana. \"Es una intromisi\u00f3n en la vida privada de las personas\", denunci\u00f3. Tras la difusi\u00f3n de un video en el que se ve al ex gobernador Daniel Scioli con una\u2026","rel":"","context":"En \u00abPol\u00edtica\u00bb","block_context":{"text":"Pol\u00edtica","link":"http:\/\/www.24baires.com\/?cat=51"},"img":{"alt_text":"scioli5","src":"https:\/\/i0.wp.com\/www.24baires.com\/wp-content\/uploads\/2014\/08\/scioli5.jpg?resize=350%2C200","width":350,"height":200,"srcset":"https:\/\/i0.wp.com\/www.24baires.com\/wp-content\/uploads\/2014\/08\/scioli5.jpg?resize=350%2C200 1x, https:\/\/i0.wp.com\/www.24baires.com\/wp-content\/uploads\/2014\/08\/scioli5.jpg?resize=525%2C300 1.5x"},"classes":[]},{"id":108185,"url":"http:\/\/www.24baires.com\/?p=108185","url_meta":{"origin":69481,"position":2},"title":"Cambiemos al rojo vivo: cruces violentos entre Carri\u00f3 y Marcos Pe\u00f1a","author":"AF","date":"15\/05\/2019","format":false,"excerpt":"La diputada cuestion\u00f3 con dureza a Frigerio y Bullrich tras la derrota en C\u00f3rdoba. Solo reconoci\u00f3 a Rodr\u00edguez Larreta y Vidal. En Cambiemos siguieron comiendo facturas. Pases de factura. La l\u00edder de la Coalici\u00f3n C\u00edvica, Elisa Carri\u00f3, respondi\u00f3 al Gobierno por el malestar con sus cr\u00edticas tras la elecci\u00f3n de\u2026","rel":"","context":"En \u00abPol\u00edtica\u00bb","block_context":{"text":"Pol\u00edtica","link":"http:\/\/www.24baires.com\/?cat=51"},"img":{"alt_text":"","src":"https:\/\/i0.wp.com\/www.24baires.com\/wp-content\/uploads\/2019\/05\/carrio-pe%C3%B1a.jpg?resize=350%2C200","width":350,"height":200,"srcset":"https:\/\/i0.wp.com\/www.24baires.com\/wp-content\/uploads\/2019\/05\/carrio-pe%C3%B1a.jpg?resize=350%2C200 1x, https:\/\/i0.wp.com\/www.24baires.com\/wp-content\/uploads\/2019\/05\/carrio-pe%C3%B1a.jpg?resize=525%2C300 1.5x"},"classes":[]},{"id":48826,"url":"http:\/\/www.24baires.com\/?p=48826","url_meta":{"origin":69481,"position":3},"title":"\u00abEl bloque de Massa siempre intent\u00f3 bloquear la iniciativa\u00bb","author":"AF","date":"27\/06\/2014","format":false,"excerpt":"As\u00ed lo destac\u00f3 el senador por el FpV, Alberto de Fazio, qui\u00e9n se\u00f1al\u00f3 que \"no pod\u00edamos seguir esperando por algo que la gente tanto nos reclama\". Tras la decisi\u00f3n tomada por el gobernador Daniel Scioli, de crear por decreto el cuerpo de polic\u00edas de prevenci\u00f3n municipal, el senador por el\u2026","rel":"","context":"En \u00abPol\u00edtica\u00bb","block_context":{"text":"Pol\u00edtica","link":"http:\/\/www.24baires.com\/?cat=51"},"img":{"alt_text":"massa otra","src":"https:\/\/i0.wp.com\/www.24baires.com\/wp-content\/uploads\/2013\/06\/massa-otra.jpg?resize=350%2C200","width":350,"height":200,"srcset":"https:\/\/i0.wp.com\/www.24baires.com\/wp-content\/uploads\/2013\/06\/massa-otra.jpg?resize=350%2C200 1x, https:\/\/i0.wp.com\/www.24baires.com\/wp-content\/uploads\/2013\/06\/massa-otra.jpg?resize=525%2C300 1.5x"},"classes":[]},{"id":23443,"url":"http:\/\/www.24baires.com\/?p=23443","url_meta":{"origin":69481,"position":4},"title":"\u00abA m\u00ed el Gobierno nunca me viol\u00f3\u00bb, dispar\u00f3 Carri\u00f3","author":"AF","date":"13\/05\/2013","format":false,"excerpt":"La diputada embisti\u00f3 contra toda la dirigencia pol\u00edtica y la Corte. Critic\u00f3 a los legisladores Alfonso Prat Gay y Ricardo Gil Lavedra porque \"acompa\u00f1aron al gobierno en la reforma de la comisi\u00f3n nacional de valores\u201d. \u201cA ellos los violaron\", lanz\u00f3. Elisa Carri\u00f3 renov\u00f3 sus cr\u00edticas a Ricardo Lorenzetti por no\u2026","rel":"","context":"En \u00abPol\u00edtica\u00bb","block_context":{"text":"Pol\u00edtica","link":"http:\/\/www.24baires.com\/?cat=51"},"img":{"alt_text":"","src":"","width":0,"height":0},"classes":[]},{"id":49374,"url":"http:\/\/www.24baires.com\/?p=49374","url_meta":{"origin":69481,"position":5},"title":"Dura cr\u00edtica de Alberto De Fazio a Gustavo Posse, intendente de San Isidro","author":"AF","date":"06\/07\/2014","format":false,"excerpt":"\u201cGustavo Posse es impresentable\u201d, dijo el senador bonaerense del FpV al ser consultado sobre los cuestionamientos respecto de la polic\u00eda comunal. El senador bonaerense del Frente para la Victoria, Alberto De Fazio, consider\u00f3 satisfactorios los resultados obtenidos en tres meses de vigencia de la emergencia en materia de seguridad y\u2026","rel":"","context":"En \u00abLocales\u00bb","block_context":{"text":"Locales","link":"http:\/\/www.24baires.com\/?cat=38"},"img":{"alt_text":"gustavo-posse","src":"https:\/\/i0.wp.com\/www.24baires.com\/wp-content\/uploads\/2014\/01\/gustavo-posse.jpg?resize=350%2C200","width":350,"height":200,"srcset":"https:\/\/i0.wp.com\/www.24baires.com\/wp-content\/uploads\/2014\/01\/gustavo-posse.jpg?resize=350%2C200 1x, https:\/\/i0.wp.com\/www.24baires.com\/wp-content\/uploads\/2014\/01\/gustavo-posse.jpg?resize=525%2C300 1.5x"},"classes":[]}],"jetpack_sharing_enabled":true,"jetpack_likes_enabled":true,"jetpack_featured_media_url":"","_links":{"self":[{"href":"http:\/\/www.24baires.com\/index.php?rest_route=\/wp\/v2\/posts\/69481","targetHints":{"allow":["GET"]}}],"collection":[{"href":"http:\/\/www.24baires.com\/index.php?rest_route=\/wp\/v2\/posts"}],"about":[{"href":"http:\/\/www.24baires.com\/index.php?rest_route=\/wp\/v2\/types\/post"}],"author":[{"embeddable":true,"href":"http:\/\/www.24baires.com\/index.php?rest_route=\/wp\/v2\/users\/4"}],"replies":[{"embeddable":true,"href":"http:\/\/www.24baires.com\/index.php?rest_route=%2Fwp%2Fv2%2Fcomments&post=69481"}],"version-history":[{"count":1,"href":"http:\/\/www.24baires.com\/index.php?rest_route=\/wp\/v2\/posts\/69481\/revisions"}],"predecessor-version":[{"id":69483,"href":"http:\/\/www.24baires.com\/index.php?rest_route=\/wp\/v2\/posts\/69481\/revisions\/69483"}],"wp:attachment":[{"href":"http:\/\/www.24baires.com\/index.php?rest_route=%2Fwp%2Fv2%2Fmedia&parent=69481"}],"wp:term":[{"taxonomy":"category","embeddable":true,"href":"http:\/\/www.24baires.com\/index.php?rest_route=%2Fwp%2Fv2%2Fcategories&post=69481"},{"taxonomy":"post_tag","embeddable":true,"href":"http:\/\/www.24baires.com\/index.php?rest_route=%2Fwp%2Fv2%2Ftags&post=69481"}],"curies":[{"name":"wp","href":"https:\/\/api.w.org\/{rel}","templated":true}]}}