{"id":69478,"date":"2015-07-24T10:50:43","date_gmt":"2015-07-24T13:50:43","guid":{"rendered":"http:\/\/www.24baires.com\/?p=69478"},"modified":"2015-07-24T20:51:37","modified_gmt":"2015-07-24T23:51:37","slug":"anibal-la-mesa-de-dialogo-es-fundamental-para-los-productores","status":"publish","type":"post","link":"http:\/\/www.24baires.com\/?p=69478","title":{"rendered":"An\u00edbal: \u201cLa mesa de di\u00e1logo es fundamental para los productores\u00bb"},"content":{"rendered":"<p><img data-recalc-dims=\"1\" loading=\"lazy\" decoding=\"async\" src=\"https:\/\/i0.wp.com\/www.24baires.com\/wp-content\/uploads\/2012\/11\/fern%C3%A1ndez-an%C3%ADbal2.jpg?resize=560%2C361\" alt=\"fern\u00e1ndez an\u00edbal2\" width=\"560\" height=\"361\" class=\"aligncenter size-full wp-image-5267\" srcset=\"https:\/\/i0.wp.com\/www.24baires.com\/wp-content\/uploads\/2012\/11\/fern%C3%A1ndez-an%C3%ADbal2.jpg?w=560 560w, https:\/\/i0.wp.com\/www.24baires.com\/wp-content\/uploads\/2012\/11\/fern%C3%A1ndez-an%C3%ADbal2.jpg?resize=300%2C193 300w\" sizes=\"auto, (max-width: 560px) 100vw, 560px\" \/>El jefe de Gabinete se refiri\u00f3 esta ma\u00f1ana a la mesa de negociaci\u00f3n acordada ayer entre los productores y la industria l\u00e1ctea, el cual posibilit\u00f3 el levantamiento del paro.<!--more--><\/p>\n<p>Ayer, la Asociaci\u00f3n de Trabajadores de la Industria Lechera (ATILRA) levant\u00f3 el paro nacional en respuesta a la crisis por la ca\u00edda en el precio internacional de la leche, tras un acuerdo alcanzado con la Secretar\u00eda de Comercio, productores y entidades industriales del sector.<\/p>\n<p>El acta acuerdo firmada por las partes establece la conformaci\u00f3n de una \u00abmesa pol\u00edtica y t\u00e9cnica\u00bb para dar seguimiento y ordenamiento al sector, mientras que las plantas procesadoras se comprometen a normalizar la recepci\u00f3n de leche de todos los tambos, de acuerdo a los vol\u00famenes comercializados a la semana previa a la firma del documento.<\/p>\n<p>Asimismo, las entidades de la industria prometieron establecer los precios del mes de julio procurando \u00abacercarse a los valores pagados en el mes de junio\u00bb y compensar las eventuales p\u00e9rdidas sufridas por los productores.<\/p>\n<p>\u00abCada empresa analizar\u00e1 con sus remitentes y seg\u00fan su situaci\u00f3n, tratara de sostener los precios de la leche del mes de junio pasado\u00bb, indic\u00f3 la Asociaci\u00f3n peque\u00f1as y medianas empresas l\u00e1cteas (APYMEL), en un comunicado emitido tras la reuni\u00f3n realizada en la sede de la Secretar\u00eda de Comercio.<\/p>\n","protected":false},"excerpt":{"rendered":"<p>El jefe de Gabinete se refiri\u00f3 esta ma\u00f1ana a la mesa de negociaci\u00f3n acordada ayer entre los productores y la industria l\u00e1ctea, el cual posibilit\u00f3 el levantamiento del paro.<\/p>\n","protected":false},"author":4,"featured_media":0,"comment_status":"open","ping_status":"open","sticky":false,"template":"","format":"standard","meta":{"_jetpack_newsletter_access":"","_jetpack_dont_email_post_to_subs":false,"_jetpack_newsletter_tier_id":0,"_jetpack_memberships_contains_paywalled_content":false,"_jetpack_memberships_contains_paid_content":false,"footnotes":""},"categories":[51],"tags":[],"class_list":["post-69478","post","type-post","status-publish","format-standard","hentry","category-politica"],"jetpack_shortlink":"https:\/\/wp.me\/p2JWE0-i4C","jetpack-related-posts":[{"id":69473,"url":"http:\/\/www.24baires.com\/?p=69473","url_meta":{"origin":69478,"position":0},"title":"Se levant\u00f3 el paro nacional lechero","author":"Grupo Sierra","date":"23\/07\/2015","format":false,"excerpt":"La Asociaci\u00f3n de Trabajadores de la Industria Lechera (ATILRA) levant\u00f3 la medida de fuerza convocada para hoy, tras un acuerdo alcanzado con la Secretar\u00eda de Comercio, productores y entidades industriales del sector. El acta acuerdo firmada por las partes establece la conformaci\u00f3n de una \"mesa pol\u00edtica y t\u00e9cnica\" para dar\u2026","rel":"","context":"En \u00abEconom\u00eda\u00bb","block_context":{"text":"Econom\u00eda","link":"http:\/\/www.24baires.com\/?cat=45"},"img":{"alt_text":"","src":"https:\/\/i0.wp.com\/www.24baires.com\/wp-content\/uploads\/2015\/07\/lecheros.jpg?resize=350%2C200","width":350,"height":200},"classes":[]},{"id":31782,"url":"http:\/\/www.24baires.com\/?p=31782","url_meta":{"origin":69478,"position":1},"title":"Yauhar: \u00abBuzzi tuvo que traer una vaca porque no pod\u00eda traer gente\u00bb","author":"AF","date":"13\/09\/2013","format":false,"excerpt":"El ministro de Agricultura, Ganader\u00eda y Pesca de la Naci\u00f3n, Norberto Yauhar, reiter\u00f3 que la protesta tambera de ayer frente a la sede agropecuaria fue \u201cexclusivamente pol\u00edtica\u201d y que \u201cen el mismo momento que se estaba realizando la protesta, nosotros est\u00e1bamos reunidos con pr\u00e1cticamente todo el sector l\u00e1cteo que son\u2026","rel":"","context":"En \u00abPol\u00edtica\u00bb","block_context":{"text":"Pol\u00edtica","link":"http:\/\/www.24baires.com\/?cat=51"},"img":{"alt_text":"","src":"","width":0,"height":0},"classes":[]},{"id":28634,"url":"http:\/\/www.24baires.com\/?p=28634","url_meta":{"origin":69478,"position":2},"title":"Transportistas levantaron la medida de fuerza y van al di\u00e1logo","author":"AF","date":"20\/07\/2013","format":false,"excerpt":"Los transportistas que manten\u00edan bloqueadas las principales rutas del sur de la Provincia levantaron anoche la medida de manera provisoria luego de obtener el compromiso por parte del gobierno bonaerense de convocar a una reuni\u00f3n con los sectores del agro para intentar destrabar el conflicto por el precio del flete.\u2026","rel":"","context":"En \u00abSociedad\u00bb","block_context":{"text":"Sociedad","link":"http:\/\/www.24baires.com\/?cat=1"},"img":{"alt_text":"bloqueo camioneros","src":"https:\/\/i0.wp.com\/www.24baires.com\/wp-content\/uploads\/2013\/02\/bloqueo-camioneros-300x200.jpg?resize=350%2C200","width":350,"height":200},"classes":[]},{"id":115696,"url":"http:\/\/www.24baires.com\/?p=115696","url_meta":{"origin":69478,"position":3},"title":"Kicillof convoc\u00f3 a las entidades del campo para hablar de seguridad rural","author":"GB","date":"21\/07\/2020","format":false,"excerpt":"El gobernador encabez\u00f3 esta ma\u00f1ana un encuentro con representantes de entidades del sector agropecuario para trabajar en medidas coordinadas para la prevenci\u00f3n del delito rural. El gobernador bonaerense, Axel Kicillof, puso en marcha una mesa de trabajo junto al ministro de Desarrollo Agrario, Javier Rodr\u00edguez, y su par de Seguridad,\u2026","rel":"","context":"En \u00abProvincia\u00bb","block_context":{"text":"Provincia","link":"http:\/\/www.24baires.com\/?cat=40"},"img":{"alt_text":"","src":"https:\/\/i0.wp.com\/www.24baires.com\/wp-content\/uploads\/2020\/07\/kici-seguridad.jpg?resize=350%2C200","width":350,"height":200,"srcset":"https:\/\/i0.wp.com\/www.24baires.com\/wp-content\/uploads\/2020\/07\/kici-seguridad.jpg?resize=350%2C200 1x, https:\/\/i0.wp.com\/www.24baires.com\/wp-content\/uploads\/2020\/07\/kici-seguridad.jpg?resize=525%2C300 1.5x"},"classes":[]},{"id":90746,"url":"http:\/\/www.24baires.com\/?p=90746","url_meta":{"origin":69478,"position":4},"title":"Conflicto bancario: solo atienden al p\u00fablico entidades nacionales","author":"AF","date":"14\/12\/2016","format":false,"excerpt":"Los bancos de capital extranjero decidieron un paro de actividades para este mi\u00e9rcoles, por un conflicto gremial, que afecta tambi\u00e9n al Banco Central, por lo cual no atienden al p\u00fablico, mientras se desarrolla la actividad normal en los bancos de capital nacional. El secretario de Prensa de la Asociaci\u00f3n Bancaria,\u2026","rel":"","context":"En \u00abSociedad\u00bb","block_context":{"text":"Sociedad","link":"http:\/\/www.24baires.com\/?cat=1"},"img":{"alt_text":"","src":"https:\/\/i0.wp.com\/www.24baires.com\/wp-content\/uploads\/2015\/05\/bancaria.jpg?resize=350%2C200","width":350,"height":200,"srcset":"https:\/\/i0.wp.com\/www.24baires.com\/wp-content\/uploads\/2015\/05\/bancaria.jpg?resize=350%2C200 1x, https:\/\/i0.wp.com\/www.24baires.com\/wp-content\/uploads\/2015\/05\/bancaria.jpg?resize=525%2C300 1.5x"},"classes":[]},{"id":90768,"url":"http:\/\/www.24baires.com\/?p=90768","url_meta":{"origin":69478,"position":5},"title":"Bancarios levantaron el paro y ma\u00f1ana habr\u00e1 atenci\u00f3n en todas las entidades","author":"GB","date":"14\/12\/2016","format":false,"excerpt":"La Asociaci\u00f3n Bancaria (AB) suspendi\u00f3 \"provisoriamente\" el paro dispuesto para el jueves para asistir a la audiencia convocada por el ministerio de Trabajo. Seg\u00fan informaron los secretarios general y de Prensa, Sergio Palazzo y Eduardo Berrozpe, tambi\u00e9n lo hacen a partir de la proximidad de \"las fiestas de fin de\u2026","rel":"","context":"En \u00abSociedad\u00bb","block_context":{"text":"Sociedad","link":"http:\/\/www.24baires.com\/?cat=1"},"img":{"alt_text":"","src":"https:\/\/i0.wp.com\/www.24baires.com\/wp-content\/uploads\/2014\/10\/banco-macro.jpg?resize=350%2C200","width":350,"height":200,"srcset":"https:\/\/i0.wp.com\/www.24baires.com\/wp-content\/uploads\/2014\/10\/banco-macro.jpg?resize=350%2C200 1x, https:\/\/i0.wp.com\/www.24baires.com\/wp-content\/uploads\/2014\/10\/banco-macro.jpg?resize=525%2C300 1.5x"},"classes":[]}],"jetpack_sharing_enabled":true,"jetpack_likes_enabled":true,"jetpack_featured_media_url":"","_links":{"self":[{"href":"http:\/\/www.24baires.com\/index.php?rest_route=\/wp\/v2\/posts\/69478","targetHints":{"allow":["GET"]}}],"collection":[{"href":"http:\/\/www.24baires.com\/index.php?rest_route=\/wp\/v2\/posts"}],"about":[{"href":"http:\/\/www.24baires.com\/index.php?rest_route=\/wp\/v2\/types\/post"}],"author":[{"embeddable":true,"href":"http:\/\/www.24baires.com\/index.php?rest_route=\/wp\/v2\/users\/4"}],"replies":[{"embeddable":true,"href":"http:\/\/www.24baires.com\/index.php?rest_route=%2Fwp%2Fv2%2Fcomments&post=69478"}],"version-history":[{"count":1,"href":"http:\/\/www.24baires.com\/index.php?rest_route=\/wp\/v2\/posts\/69478\/revisions"}],"predecessor-version":[{"id":69479,"href":"http:\/\/www.24baires.com\/index.php?rest_route=\/wp\/v2\/posts\/69478\/revisions\/69479"}],"wp:attachment":[{"href":"http:\/\/www.24baires.com\/index.php?rest_route=%2Fwp%2Fv2%2Fmedia&parent=69478"}],"wp:term":[{"taxonomy":"category","embeddable":true,"href":"http:\/\/www.24baires.com\/index.php?rest_route=%2Fwp%2Fv2%2Fcategories&post=69478"},{"taxonomy":"post_tag","embeddable":true,"href":"http:\/\/www.24baires.com\/index.php?rest_route=%2Fwp%2Fv2%2Ftags&post=69478"}],"curies":[{"name":"wp","href":"https:\/\/api.w.org\/{rel}","templated":true}]}}