{"id":69466,"date":"2015-07-23T20:31:06","date_gmt":"2015-07-23T23:31:06","guid":{"rendered":"http:\/\/www.24baires.com\/?p=69466"},"modified":"2015-07-23T19:37:26","modified_gmt":"2015-07-23T22:37:26","slug":"bossio-estamos-pagando-los-juicios-que-massa-genero-cuando-estuvo-en-la-anses","status":"publish","type":"post","link":"http:\/\/www.24baires.com\/?p=69466","title":{"rendered":"Bossio: \u00abEstamos pagando los juicios que Massa gener\u00f3 cuando estuvo en la ANSES\u00bb"},"content":{"rendered":"<p><img data-recalc-dims=\"1\" loading=\"lazy\" decoding=\"async\" class=\"aligncenter size-full wp-image-49520\" src=\"https:\/\/i0.wp.com\/www.24baires.com\/wp-content\/uploads\/2014\/07\/diego-bossio-anses.jpg?resize=560%2C373\" alt=\"diego-bossio-anses\" width=\"560\" height=\"373\" srcset=\"https:\/\/i0.wp.com\/www.24baires.com\/wp-content\/uploads\/2014\/07\/diego-bossio-anses.jpg?w=560 560w, https:\/\/i0.wp.com\/www.24baires.com\/wp-content\/uploads\/2014\/07\/diego-bossio-anses.jpg?resize=300%2C199 300w\" sizes=\"auto, (max-width: 560px) 100vw, 560px\" \/><\/p>\n<p>El actual titular de ANSES Diego Bossio se despach\u00f3 contra su antecesor y hoy opositor Sergio Massa luego que este prometiera asignar el 82 por ciento m\u00f3vil a los jubilados.<!--more--><\/p>\n<p>El director ejecutivo de Anses, Diego Bossio, critic\u00f3 al precandidato presidencial del Frente Renovador, Sergio Massa, quien prometi\u00f3 que de llegar al gobierno en diciembre asignar\u00e1 el 82% m\u00f3vil a jubilados y la cancelaci\u00f3n de todos los juicios pendientes. \u00abSon promesas al viento, ya que ahora se est\u00e1n pagando tres veces m\u00e1s juicios de los que \u00e9l pag\u00f3\u00bb durante su gesti\u00f3n al frente del organismo.<\/p>\n<p>En una entrevista con el portal Infobae TV, Bossio calific\u00f3 de \u00aboportunismo pol\u00edtico\u00bb el utilizado por Massa \u00aben un momento electoral\u00bb y lo acus\u00f3 de realizar \u00abpromesas al viento y no sustentables en el tiempo\u00bb.<\/p>\n<p>Massa estuvo seis a\u00f1os gestionando ese organismo y ahora se est\u00e1n \u00abpagando tres veces m\u00e1s juicios de lo que \u00e9l pag\u00f3\u00bb, y afirm\u00f3: \u00abestamos pagando juicios que \u00e9l gener\u00f3 por lo cual me parecen hasta hip\u00f3critas\u00bb sus declaraciones.<\/p>\n<p>\u00abYo quisiera pagar m\u00e1s del 82 por ciento m\u00f3vil, pero no hay soluciones m\u00e1gicas\u00bb indic\u00f3 Bossio, y a\u00f1adi\u00f3 que \u00abse paga lo que ingresa al organismo y se distribuye conforme al derecho\u00bb.<\/p>\n<p>&nbsp;<\/p>\n<p>&nbsp;<\/p>\n<p>&nbsp;<\/p>\n<p>&nbsp;<\/p>\n","protected":false},"excerpt":{"rendered":"<p>El actual titular de ANSES Diego Bossio se despach\u00f3 contra su antecesor y hoy opositor Sergio Massa luego que este prometiera asignar el 82 por ciento m\u00f3vil a los jubilados.<\/p>\n","protected":false},"author":11,"featured_media":0,"comment_status":"open","ping_status":"open","sticky":false,"template":"","format":"standard","meta":{"_jetpack_newsletter_access":"","_jetpack_dont_email_post_to_subs":false,"_jetpack_newsletter_tier_id":0,"_jetpack_memberships_contains_paywalled_content":false,"_jetpack_memberships_contains_paid_content":false,"footnotes":""},"categories":[51],"tags":[],"class_list":["post-69466","post","type-post","status-publish","format-standard","hentry","category-politica"],"jetpack_shortlink":"https:\/\/wp.me\/p2JWE0-i4q","jetpack-related-posts":[{"id":45676,"url":"http:\/\/www.24baires.com\/?p=45676","url_meta":{"origin":69466,"position":0},"title":"Bossio culp\u00f3 a Massa por los juicios contra el Anses","author":"GB","date":"10\/05\/2014","format":false,"excerpt":"El director ejecutivo de ANSES, Diego Bossio, responsabiliz\u00f3 al ex director y actual diputado Sergio Massa y le pidi\u00f3 responsabilidad a la diputada Mirta Tundis por sus declaraciones sobre sentencias jubilatorias. Al respecto, el Director Ejecutivo de la ANSES sostuvo que contin\u00faan con la pol\u00edtica de cumplimiento de pagos que\u2026","rel":"","context":"En \u00abSociedad\u00bb","block_context":{"text":"Sociedad","link":"http:\/\/www.24baires.com\/?cat=1"},"img":{"alt_text":"bossio","src":"https:\/\/i0.wp.com\/www.24baires.com\/wp-content\/uploads\/2012\/11\/bossio-300x225.jpg?resize=350%2C200","width":350,"height":200,"srcset":"https:\/\/i0.wp.com\/www.24baires.com\/wp-content\/uploads\/2012\/11\/bossio-300x225.jpg?resize=350%2C200 1x, https:\/\/i0.wp.com\/www.24baires.com\/wp-content\/uploads\/2012\/11\/bossio-300x225.jpg?resize=525%2C300 1.5x"},"classes":[]},{"id":33644,"url":"http:\/\/www.24baires.com\/?p=33644","url_meta":{"origin":69466,"position":1},"title":"Para Bossio es una \u00abirresponsabilidad\u00bb la propuesta de Massa para los jubilados","author":"GB","date":"16\/10\/2013","format":false,"excerpt":"El titular de la ANSES consider\u00f3 como \"una irresponsabilidad\" la propuesta del candidato del Frente Renovador de dar una gratificaci\u00f3n anual a los jubilados. \"Es una irresponsabilidad porque se generan expectativas en los abuelos que no se pueden cumplir\", se\u00f1al\u00f3 al tiempo que sostuvo que no existen fondos suficientes para\u2026","rel":"","context":"En \u00abELECCIONES 2013\u00bb","block_context":{"text":"ELECCIONES 2013","link":"http:\/\/www.24baires.com\/?cat=72"},"img":{"alt_text":"","src":"","width":0,"height":0},"classes":[]},{"id":62710,"url":"http:\/\/www.24baires.com\/?p=62710","url_meta":{"origin":69466,"position":2},"title":"De Narv\u00e1ez lo critic\u00f3 y Bossio se la devolvi\u00f3","author":"Grupo Sierra","date":"05\/03\/2015","format":false,"excerpt":"El \u201cColorado\u201d se quej\u00f3 de que ANSES est\u00e9 \u201cabriendo oficinas en toda la Provincia, hablando maravillas de quien la conduce\u201d. \u201cEntiendo que no sepa lo que es gestionar\u201d, respondi\u00f3 Bossio. El titular de ANSES, Diego Bossio, sali\u00f3 al cruce de declaraciones del precandidato massista a la Gobernaci\u00f3n, Francisco De Narv\u00e1ez,\u2026","rel":"","context":"En \u00abPol\u00edtica\u00bb","block_context":{"text":"Pol\u00edtica","link":"http:\/\/www.24baires.com\/?cat=51"},"img":{"alt_text":"diego-bossio-anses","src":"https:\/\/i0.wp.com\/www.24baires.com\/wp-content\/uploads\/2014\/07\/diego-bossio-anses.jpg?resize=350%2C200","width":350,"height":200,"srcset":"https:\/\/i0.wp.com\/www.24baires.com\/wp-content\/uploads\/2014\/07\/diego-bossio-anses.jpg?resize=350%2C200 1x, https:\/\/i0.wp.com\/www.24baires.com\/wp-content\/uploads\/2014\/07\/diego-bossio-anses.jpg?resize=525%2C300 1.5x"},"classes":[]},{"id":60067,"url":"http:\/\/www.24baires.com\/?p=60067","url_meta":{"origin":69466,"position":3},"title":"\u00abMassa no es bueno para la Argentina y no est\u00e1 preparado para gobernar\u00bb","author":"GB","date":"14\/01\/2015","format":false,"excerpt":"El titular de Anses agreg\u00f3 que al l\u00edder del Frente Renovador \"le falta coherencia, ya que hay cosas que dice hoy que cuando pertenec\u00eda al Anses no las dec\u00eda, y me hace dudar\". En di\u00e1logo con Radio Madres AM 530, Bossio se refiri\u00f3 as\u00ed al paso de Massa al frente\u2026","rel":"","context":"En \u00abPol\u00edtica\u00bb","block_context":{"text":"Pol\u00edtica","link":"http:\/\/www.24baires.com\/?cat=51"},"img":{"alt_text":"diego-bossio-anses","src":"https:\/\/i0.wp.com\/www.24baires.com\/wp-content\/uploads\/2014\/07\/diego-bossio-anses.jpg?resize=350%2C200","width":350,"height":200,"srcset":"https:\/\/i0.wp.com\/www.24baires.com\/wp-content\/uploads\/2014\/07\/diego-bossio-anses.jpg?resize=350%2C200 1x, https:\/\/i0.wp.com\/www.24baires.com\/wp-content\/uploads\/2014\/07\/diego-bossio-anses.jpg?resize=525%2C300 1.5x"},"classes":[]},{"id":59253,"url":"http:\/\/www.24baires.com\/?p=59253","url_meta":{"origin":69466,"position":4},"title":"Bossio: \u00abSi Massa quiere hacer m\u00e1s casas, que empiece por ceder m\u00e1s terrenos en Tigre\u00bb","author":"GB","date":"28\/12\/2014","format":false,"excerpt":"El director ejecutivo de Anses, Diego Bossio, respondi\u00f3 a las cr\u00edticas que el precandidato presidencial del Frente Renovador hizo sobre el programa Procrear, que desde su lanzamiento ya avanz\u00f3 sobre 114.445 soluciones de viviendas. \"Lo que uno espera de un candidato a Presidente es que no sea meramente descriptivo, sino\u2026","rel":"","context":"En \u00abPol\u00edtica\u00bb","block_context":{"text":"Pol\u00edtica","link":"http:\/\/www.24baires.com\/?cat=51"},"img":{"alt_text":"diego-bossio-anses","src":"https:\/\/i0.wp.com\/www.24baires.com\/wp-content\/uploads\/2014\/07\/diego-bossio-anses.jpg?resize=350%2C200","width":350,"height":200,"srcset":"https:\/\/i0.wp.com\/www.24baires.com\/wp-content\/uploads\/2014\/07\/diego-bossio-anses.jpg?resize=350%2C200 1x, https:\/\/i0.wp.com\/www.24baires.com\/wp-content\/uploads\/2014\/07\/diego-bossio-anses.jpg?resize=525%2C300 1.5x"},"classes":[]},{"id":47301,"url":"http:\/\/www.24baires.com\/?p=47301","url_meta":{"origin":69466,"position":5},"title":"Bossio asegur\u00f3 que \u00abcayeron las demandas por jubilaciones mal liquidadas\u00bb","author":"GB","date":"03\/06\/2014","format":false,"excerpt":"El titular de la Administraci\u00f3n Nacional de la Seguridad Social afirm\u00f3 que en el \u00faltimo tiempo el Estado ha recibido menos juicios con relaci\u00f3n a los pagos de los haberes previsionales. Bossio detall\u00f3 que de los casi 334.000 nuevos jubilados de este a\u00f1o, \"s\u00f3lo iniciaron juicios 454 o sea el\u2026","rel":"","context":"En \u00abSociedad\u00bb","block_context":{"text":"Sociedad","link":"http:\/\/www.24baires.com\/?cat=1"},"img":{"alt_text":"bossio","src":"https:\/\/i0.wp.com\/www.24baires.com\/wp-content\/uploads\/2012\/11\/bossio-300x225.jpg?resize=350%2C200","width":350,"height":200},"classes":[]}],"jetpack_sharing_enabled":true,"jetpack_likes_enabled":true,"jetpack_featured_media_url":"","_links":{"self":[{"href":"http:\/\/www.24baires.com\/index.php?rest_route=\/wp\/v2\/posts\/69466","targetHints":{"allow":["GET"]}}],"collection":[{"href":"http:\/\/www.24baires.com\/index.php?rest_route=\/wp\/v2\/posts"}],"about":[{"href":"http:\/\/www.24baires.com\/index.php?rest_route=\/wp\/v2\/types\/post"}],"author":[{"embeddable":true,"href":"http:\/\/www.24baires.com\/index.php?rest_route=\/wp\/v2\/users\/11"}],"replies":[{"embeddable":true,"href":"http:\/\/www.24baires.com\/index.php?rest_route=%2Fwp%2Fv2%2Fcomments&post=69466"}],"version-history":[{"count":2,"href":"http:\/\/www.24baires.com\/index.php?rest_route=\/wp\/v2\/posts\/69466\/revisions"}],"predecessor-version":[{"id":69468,"href":"http:\/\/www.24baires.com\/index.php?rest_route=\/wp\/v2\/posts\/69466\/revisions\/69468"}],"wp:attachment":[{"href":"http:\/\/www.24baires.com\/index.php?rest_route=%2Fwp%2Fv2%2Fmedia&parent=69466"}],"wp:term":[{"taxonomy":"category","embeddable":true,"href":"http:\/\/www.24baires.com\/index.php?rest_route=%2Fwp%2Fv2%2Fcategories&post=69466"},{"taxonomy":"post_tag","embeddable":true,"href":"http:\/\/www.24baires.com\/index.php?rest_route=%2Fwp%2Fv2%2Ftags&post=69466"}],"curies":[{"name":"wp","href":"https:\/\/api.w.org\/{rel}","templated":true}]}}