{"id":69462,"date":"2015-07-23T19:30:29","date_gmt":"2015-07-23T22:30:29","guid":{"rendered":"http:\/\/www.24baires.com\/?p=69462"},"modified":"2015-07-24T10:48:20","modified_gmt":"2015-07-24T13:48:20","slug":"cristina-en-santa-cruz-hoy-hasta-la-oposicion-nos-da-la-razon","status":"publish","type":"post","link":"http:\/\/www.24baires.com\/?p=69462","title":{"rendered":"Cristina en Santa Cruz: \u00abHoy hasta la oposici\u00f3n nos da la raz\u00f3n\u201d"},"content":{"rendered":"<p><img data-recalc-dims=\"1\" loading=\"lazy\" decoding=\"async\" class=\"aligncenter size-full wp-image-69463\" src=\"https:\/\/i0.wp.com\/www.24baires.com\/wp-content\/uploads\/2015\/07\/cristina-santa-cruz.jpg?resize=560%2C373\" alt=\"cristina santa cruz\" width=\"560\" height=\"373\" srcset=\"https:\/\/i0.wp.com\/www.24baires.com\/wp-content\/uploads\/2015\/07\/cristina-santa-cruz.jpg?w=560 560w, https:\/\/i0.wp.com\/www.24baires.com\/wp-content\/uploads\/2015\/07\/cristina-santa-cruz.jpg?resize=300%2C200 300w\" sizes=\"auto, (max-width: 560px) 100vw, 560px\" \/><\/p>\n<p>La Presidenta asegur\u00f3 hoy que \u201cen estos 12 a\u00f1os se lograron cosas impensadas\u201d y recalc\u00f3 que ello fue posible porque este es un gobierno que cree profundamente en lo que hace. \u201cNunca nos habr\u00e1n escuchado decir cosas por conveniencia electoral y hoy hasta la oposici\u00f3n nos da la raz\u00f3n\u201d, enfatiz\u00f3. Fue al encabezar un acto en Santa Cruz.<!--more--><\/p>\n<p>La jefa de Estado encabez\u00f3 un acto desde R\u00edo Gallegos, transmitido en cadena nacional, en el que inaugur\u00f3 un Centro Articulador de Pol\u00edticas Sanitarias en R\u00edo Gallegos, entreg\u00f3 m\u00f3viles a la Escuela de Pol\u00edcia y puso en marcha una antena de TDA en Caleta Olivia, a lo que sum\u00f3 importantes anuncios para la provincia, entre los que sobresalen el nuevo Hospital Materno Infantil de Alta Complejidad de R\u00edo Gallegos y el convenio de vinculaci\u00f3n Mar\u00edtima con Tierra Fuego.<\/p>\n<p>\u201cNunca cambiamos de idea por conveniencia electoral. No nos interes\u00f3 sumar m\u00e1s votos. El tiempo demostr\u00f3 que ten\u00edamos raz\u00f3n, y hoy la propia oposici\u00f3n nos lo reconoce\u201d, se\u00f1al\u00f3.<\/p>\n<p>La presidenta formul\u00f3 los anuncios e inaugur\u00f3 las obras en el marco del acto que encabez\u00f3 esta tarde en la capital santacruce\u00f1a, acompa\u00f1ada por el secretario general de la Presidencia, Eduardo \u00abWado\u00bb de Pedro, el ministro de Econom\u00eda Axel Kicillof, la ministra de Desarrollo Social Alicia Kirchner, el candidato a diputado nacional M\u00e1ximo Kirchner, el secretario de Legal y T\u00e9cnica y candidato a vicepresidente, Carlos Zannini; y el gobernador Daniel Peralta, y miembros del gabinete presidencial.<\/p>\n<p>Asimismo, la mandataria anunci\u00f3 la apertura de una oficina destinada a abordar la problem\u00e1tica de la trata de personas, y recalc\u00f3 en \u201cArgentina que esto es una pol\u00edtica de Estado\u00bb.<\/p>\n<p>Adem\u00e1s, anunci\u00f3 diversas obras entre las que destac\u00f3 el \u00abllamado a licitaci\u00f3n para la circunvalaci\u00f3n de la ciudad de Comodoro Rivadavia\u00bb.<br \/>\nLa presidenta destac\u00f3 hoy que el objetivo del gobierno nacional \u00abes que todos los hospitales p\u00fablicos del pa\u00eds est\u00e9n comunicados a trav\u00e9s de un sistema de conectividad absoluta para elevar el piso de salud p\u00fablica para exigirle tambi\u00e9n mayor nivel al sector privado\u00bb.<\/p>\n<p>La jefa de Estado destac\u00f3 hoy la constituci\u00f3n de un fideicomiso de 1.000 millones de pesos, para realizar las obras que posibilitar\u00e1n la \u00abintegraci\u00f3n del continente\u00bb, a trav\u00e9s de la vinculaci\u00f3n mar\u00edtima de las provincias de Santa Cruz y Tierra del Fuego, que incluyen obras portuarias y otras mejoras.<\/p>\n<p>\u00abEsta obra, que fue impulsada por los fueguinos, naci\u00f3 por una Ley nacional del Congreso, donde se estableci\u00f3 como pol\u00edtica de Estado, la integraci\u00f3n f\u00edsica del territorio nacional\u00bb, record\u00f3.<\/p>\n<p>Por otro lado, Cristina ponder\u00f3 el traslado de \u00abla vieja playa de tanques de YPF\u00bb de R\u00edo Gallegos, \u00abpara que Santa Cruz no pueda quedarse sin combustible\u00bb a partir de la cesi\u00f3n de un predio que cedi\u00f3 la Agencia Administradora de Bienes del Estado (AABE).<\/p>\n","protected":false},"excerpt":{"rendered":"<p>La Presidenta asegur\u00f3 hoy que \u201cen estos 12 a\u00f1os se lograron cosas impensadas\u201d y recalc\u00f3 que ello fue posible porque este es un gobierno que cree profundamente en lo que hace. \u201cNunca nos habr\u00e1n escuchado decir cosas por conveniencia electoral y hoy hasta la oposici\u00f3n nos da la raz\u00f3n\u201d, enfatiz\u00f3. Fue al encabezar un acto en Santa Cruz.<\/p>\n","protected":false},"author":11,"featured_media":0,"comment_status":"open","ping_status":"open","sticky":false,"template":"","format":"standard","meta":{"_jetpack_newsletter_access":"","_jetpack_dont_email_post_to_subs":false,"_jetpack_newsletter_tier_id":0,"_jetpack_memberships_contains_paywalled_content":false,"_jetpack_memberships_contains_paid_content":false,"footnotes":""},"categories":[51],"tags":[],"class_list":["post-69462","post","type-post","status-publish","format-standard","hentry","category-politica"],"jetpack_shortlink":"https:\/\/wp.me\/p2JWE0-i4m","jetpack-related-posts":[{"id":68464,"url":"http:\/\/www.24baires.com\/?p=68464","url_meta":{"origin":69462,"position":0},"title":"Scioli y Zannini inauguran el Ateneo N\u00e9stor Kirchner en Santa Cruz","author":"AF","date":"02\/07\/2015","format":false,"excerpt":"El candidato a presidente por el Frente para la Victoria, Daniel Scioli, y su compa\u00f1ero de f\u00f3rmula, Carlos Zannini, encabezar\u00e1n el jueves la inauguraci\u00f3n del Ateneo N\u00e9stor Kirchner en R\u00edo Gallegos, un espacio en el que se recorrer\u00e1, a modo de homenaje, la carrera pol\u00edtica del ex presidente, desde sus\u2026","rel":"","context":"En \u00abSociedad\u00bb","block_context":{"text":"Sociedad","link":"http:\/\/www.24baires.com\/?cat=1"},"img":{"alt_text":"scioli zannini","src":"https:\/\/i0.wp.com\/www.24baires.com\/wp-content\/uploads\/2015\/07\/scioli-zannini.jpg?resize=350%2C200","width":350,"height":200},"classes":[]},{"id":47085,"url":"http:\/\/www.24baires.com\/?p=47085","url_meta":{"origin":69462,"position":1},"title":"\u00abEstamos llegando con obras a todo el pa\u00eds\u00bb, asegur\u00f3 Cristina","author":"GB","date":"31\/05\/2014","format":false,"excerpt":"La presidenta lo manifest\u00f3 al hablar desde R\u00edo Gallegos, donde inaugur\u00f3 una serie de obras. Tambi\u00e9n resalt\u00f3 la nacionalizaci\u00f3n de YPF, cuya recuperaci\u00f3n \"es un orgullo para los patag\u00f3nicos y los argentino. La presidenta Cristina Fern\u00e1ndez de Kirchner, explic\u00f3 hoy que el Gobierno est\u00e1 trabajando \"para que todos los argentinos\u2026","rel":"","context":"En \u00abPol\u00edtica\u00bb","block_context":{"text":"Pol\u00edtica","link":"http:\/\/www.24baires.com\/?cat=51"},"img":{"alt_text":"cristina mugica","src":"https:\/\/i0.wp.com\/www.24baires.com\/wp-content\/uploads\/2014\/05\/cristin-mugica.jpg?resize=350%2C200","width":350,"height":200,"srcset":"https:\/\/i0.wp.com\/www.24baires.com\/wp-content\/uploads\/2014\/05\/cristin-mugica.jpg?resize=350%2C200 1x, https:\/\/i0.wp.com\/www.24baires.com\/wp-content\/uploads\/2014\/05\/cristin-mugica.jpg?resize=525%2C300 1.5x"},"classes":[]},{"id":25512,"url":"http:\/\/www.24baires.com\/?p=25512","url_meta":{"origin":69462,"position":2},"title":"\u00abLa democracia en la Justicia no puede atemorizar a nadie\u00bb, asegur\u00f3 Cristina","author":"AF","date":"10\/06\/2013","format":false,"excerpt":"En un acto en R\u00edo Gallegos, la Presidenta asegur\u00f3 que \"ning\u00fan juez surgi\u00f3 de un repollo\". En ese marco defendi\u00f3 la reforma judicial, que es resistida por un sector de la Justicia. \"La Corte es un \u00f3rgano pol\u00edtico del Poder Judicial y son elegidos pol\u00edticamente\", enfatiz\u00f3. En tanto, afirm\u00f3 que\u2026","rel":"","context":"En \u00abPol\u00edtica\u00bb","block_context":{"text":"Pol\u00edtica","link":"http:\/\/www.24baires.com\/?cat=51"},"img":{"alt_text":"cristina juicio italia","src":"https:\/\/i0.wp.com\/www.24baires.com\/wp-content\/uploads\/2013\/05\/cristina-juicio-italia.jpg?resize=350%2C200","width":350,"height":200,"srcset":"https:\/\/i0.wp.com\/www.24baires.com\/wp-content\/uploads\/2013\/05\/cristina-juicio-italia.jpg?resize=350%2C200 1x, https:\/\/i0.wp.com\/www.24baires.com\/wp-content\/uploads\/2013\/05\/cristina-juicio-italia.jpg?resize=525%2C300 1.5x"},"classes":[]},{"id":73045,"url":"http:\/\/www.24baires.com\/?p=73045","url_meta":{"origin":69462,"position":3},"title":"\u00abSo\u00f1amos con cambiar el pa\u00eds y lo cambiamos\u00bb","author":"GB","date":"02\/10\/2015","format":false,"excerpt":"La Presidenta encabez\u00f3 un acto en la ciudad de R\u00edo Gallegos y pidi\u00f3 a los dirigentes pol\u00edticos de todos los partidos que \"entiendan lo que es un proyecto de pa\u00eds, es una naci\u00f3n que incluya a los 40 millones de argentinos\". La presidenta Cristina Fern\u00e1ndez de Kirchner afirm\u00f3 que \u201cun\u2026","rel":"","context":"En \u00abPol\u00edtica\u00bb","block_context":{"text":"Pol\u00edtica","link":"http:\/\/www.24baires.com\/?cat=51"},"img":{"alt_text":"","src":"https:\/\/i0.wp.com\/www.24baires.com\/wp-content\/uploads\/2015\/10\/cristina-sue%C3%B1o.jpg?resize=350%2C200","width":350,"height":200,"srcset":"https:\/\/i0.wp.com\/www.24baires.com\/wp-content\/uploads\/2015\/10\/cristina-sue%C3%B1o.jpg?resize=350%2C200 1x, https:\/\/i0.wp.com\/www.24baires.com\/wp-content\/uploads\/2015\/10\/cristina-sue%C3%B1o.jpg?resize=525%2C300 1.5x"},"classes":[]},{"id":28188,"url":"http:\/\/www.24baires.com\/?p=28188","url_meta":{"origin":69462,"position":4},"title":"Cristina: \u00abQueremos una Argentina igualitaria en la que todos tengan los mismos derechos\u00bb","author":"Grupo Sierra","date":"13\/07\/2013","format":false,"excerpt":"Al inaugurar obras en R\u00edo Gallegos, la Presidenta abog\u00f3 por \u201cuna Argentina en la que sea posible mejorar y que todos tengamos los mismos derechos\u201d. Y subray\u00f3 \"vamos a volver a reconstruir Santa Cruz\u201d. En un discurso emotivo, cargado de recuerdos de cuando N\u00e9stor Kirchner fue intendente de R\u00edo Gallegos\u2026","rel":"","context":"En \u00abPol\u00edtica\u00bb","block_context":{"text":"Pol\u00edtica","link":"http:\/\/www.24baires.com\/?cat=51"},"img":{"alt_text":"","src":"","width":0,"height":0},"classes":[]},{"id":31790,"url":"http:\/\/www.24baires.com\/?p=31790","url_meta":{"origin":69462,"position":5},"title":"\u00abArgentina est\u00e1 integrada energ\u00e9ticamente desde La Quiaca hasta el extremo sur\u00bb","author":"AF","date":"13\/09\/2013","format":false,"excerpt":"La presidenta Cristina Fern\u00e1ndez de Kirchner destac\u00f3 hoy -v\u00eda Twitter- que esta madrugada R\u00edo Gallegos qued\u00f3 conectada al sistema el\u00e9ctrico nacional, y remarc\u00f3 que con esta medida Argentina qued\u00f3 \"integrada energ\u00e9ticamente desde La Quiaca hasta el extremo sur continental de la patria\". \"Tango 01. Hoy a las 2:30 am R\u00edo\u2026","rel":"","context":"En \u00abPol\u00edtica\u00bb","block_context":{"text":"Pol\u00edtica","link":"http:\/\/www.24baires.com\/?cat=51"},"img":{"alt_text":"cristina cuenta twitter","src":"https:\/\/i0.wp.com\/www.24baires.com\/wp-content\/uploads\/2013\/09\/cristina-cuenta-twitter-300x199.jpg?resize=350%2C200","width":350,"height":200},"classes":[]}],"jetpack_sharing_enabled":true,"jetpack_likes_enabled":true,"jetpack_featured_media_url":"","_links":{"self":[{"href":"http:\/\/www.24baires.com\/index.php?rest_route=\/wp\/v2\/posts\/69462","targetHints":{"allow":["GET"]}}],"collection":[{"href":"http:\/\/www.24baires.com\/index.php?rest_route=\/wp\/v2\/posts"}],"about":[{"href":"http:\/\/www.24baires.com\/index.php?rest_route=\/wp\/v2\/types\/post"}],"author":[{"embeddable":true,"href":"http:\/\/www.24baires.com\/index.php?rest_route=\/wp\/v2\/users\/11"}],"replies":[{"embeddable":true,"href":"http:\/\/www.24baires.com\/index.php?rest_route=%2Fwp%2Fv2%2Fcomments&post=69462"}],"version-history":[{"count":1,"href":"http:\/\/www.24baires.com\/index.php?rest_route=\/wp\/v2\/posts\/69462\/revisions"}],"predecessor-version":[{"id":69464,"href":"http:\/\/www.24baires.com\/index.php?rest_route=\/wp\/v2\/posts\/69462\/revisions\/69464"}],"wp:attachment":[{"href":"http:\/\/www.24baires.com\/index.php?rest_route=%2Fwp%2Fv2%2Fmedia&parent=69462"}],"wp:term":[{"taxonomy":"category","embeddable":true,"href":"http:\/\/www.24baires.com\/index.php?rest_route=%2Fwp%2Fv2%2Fcategories&post=69462"},{"taxonomy":"post_tag","embeddable":true,"href":"http:\/\/www.24baires.com\/index.php?rest_route=%2Fwp%2Fv2%2Ftags&post=69462"}],"curies":[{"name":"wp","href":"https:\/\/api.w.org\/{rel}","templated":true}]}}