{"id":69453,"date":"2015-07-23T15:00:39","date_gmt":"2015-07-23T18:00:39","guid":{"rendered":"http:\/\/www.24baires.com\/?p=69453"},"modified":"2015-07-23T14:45:39","modified_gmt":"2015-07-23T17:45:39","slug":"este-viernes-scioli-encabezara-un-acto-en-parque-norte","status":"publish","type":"post","link":"http:\/\/www.24baires.com\/?p=69453","title":{"rendered":"Este viernes Scioli encabezar\u00e1 un acto en Parque Norte"},"content":{"rendered":"<p><img data-recalc-dims=\"1\" loading=\"lazy\" decoding=\"async\" class=\"aligncenter size-full wp-image-60813\" src=\"https:\/\/i0.wp.com\/www.24baires.com\/wp-content\/uploads\/2015\/01\/scioli-1.jpg?resize=560%2C306\" alt=\"scioli 1\" width=\"560\" height=\"306\" srcset=\"https:\/\/i0.wp.com\/www.24baires.com\/wp-content\/uploads\/2015\/01\/scioli-1.jpg?w=560 560w, https:\/\/i0.wp.com\/www.24baires.com\/wp-content\/uploads\/2015\/01\/scioli-1.jpg?resize=300%2C164 300w\" sizes=\"auto, (max-width: 560px) 100vw, 560px\" \/>El gobernador bonaerense Daniel Scioli encabezar\u00e1 el viernes en Parque Norte un encuentro nacional organizado por Gestar, que reunir\u00e1 a referentes pol\u00edticos del justicialismo de todo el pa\u00eds para brindar su respaldo al precandidato presidencial del Frente para la Victoria.<!--more--><\/p>\n<p>En sinton\u00eda con la campa\u00f1a nacional, la jornada denominada \u00abEl desarrollo de la Argentina, una Patria justa, libre y soberana\u00bb comenzar\u00e1 las 15.30 con tres comisiones de trabajo: \u00abLa victoria de la justicia social\u00bb, \u00abla victoria de la soberan\u00eda pol\u00edtica\u00bb y \u00abla victoria de la independencia econ\u00f3mica\u00bb.<\/p>\n<p>Scioli estar\u00e1 a cargo del cierre de la masiva actividad acompa\u00f1ado por su postulante a vice Carlos Zannini, en donde habr\u00e1 gobernadores, intendentes y referentes pol\u00edticos de todas las provincias, se inform\u00f3 en un comunicado.<\/p>\n<p>El gobernador de San Juan y presidente de Gestar, Jos\u00e9 Luis Gioja, explic\u00f3 que \u00aben este encuentro le queremos decir a Daniel Scioli que el peronismo est\u00e1 unido, que lo apoyamos y que todos estamos trabajando para que nuestras banderas Justicialistas sigan flameando en cada rinc\u00f3n de la Patria\u00bb.<\/p>\n<p>Por su parte, Diego Bossio, director general del Instituto y titular de ANSES, manifest\u00f3 que \u00abeste movimiento nacional y popular tiene como columna vertebral el Justicialismo y tenemos que seguir gobernando, consolidando los logros y construyendo la gran Argentina que queremos\u00bb.<\/p>\n","protected":false},"excerpt":{"rendered":"<p>El gobernador bonaerense Daniel Scioli encabezar\u00e1 el viernes en Parque Norte un encuentro nacional organizado por Gestar, que reunir\u00e1 a referentes pol\u00edticos del justicialismo de todo el pa\u00eds para brindar su respaldo al precandidato presidencial del Frente para la Victoria.<\/p>\n","protected":false},"author":4,"featured_media":0,"comment_status":"open","ping_status":"open","sticky":false,"template":"","format":"standard","meta":{"_jetpack_newsletter_access":"","_jetpack_dont_email_post_to_subs":false,"_jetpack_newsletter_tier_id":0,"_jetpack_memberships_contains_paywalled_content":false,"_jetpack_memberships_contains_paid_content":false,"footnotes":""},"categories":[51],"tags":[],"class_list":["post-69453","post","type-post","status-publish","format-standard","hentry","category-politica"],"jetpack_shortlink":"https:\/\/wp.me\/p2JWE0-i4d","jetpack-related-posts":[{"id":69497,"url":"http:\/\/www.24baires.com\/?p=69497","url_meta":{"origin":69453,"position":0},"title":"Scioli y Zannini participan del encuentro del PJ en Parque Norte","author":"AF","date":"24\/07\/2015","format":false,"excerpt":"El gobernador bonaerense y candidato a presidente del FpV y su compa\u00f1ero de f\u00f3rmula dar\u00e1n el presente hoy en el cierre de una jornada organizada por Gestar, instituto impulsado por el ex presidente N\u00e9stor Kirchner. A poco m\u00e1s de dos semanas de las elecciones primarias (PASO) a nivel nacional, Gestar,\u2026","rel":"","context":"En \u00abPol\u00edtica\u00bb","block_context":{"text":"Pol\u00edtica","link":"http:\/\/www.24baires.com\/?cat=51"},"img":{"alt_text":"","src":"https:\/\/i0.wp.com\/www.24baires.com\/wp-content\/uploads\/2015\/07\/scioli-zannini1.jpg?resize=350%2C200","width":350,"height":200,"srcset":"https:\/\/i0.wp.com\/www.24baires.com\/wp-content\/uploads\/2015\/07\/scioli-zannini1.jpg?resize=350%2C200 1x, https:\/\/i0.wp.com\/www.24baires.com\/wp-content\/uploads\/2015\/07\/scioli-zannini1.jpg?resize=525%2C300 1.5x"},"classes":[]},{"id":108349,"url":"http:\/\/www.24baires.com\/?p=108349","url_meta":{"origin":69453,"position":1},"title":"Camino a la unidad: el PJ recibe quince agrupaciones opositoras","author":"AF","date":"23\/05\/2019","format":false,"excerpt":"El presidente del PJ, Jos\u00e9 Luis Gioja, recibe a dirigentes y referentes de unas quince fuerzas pol\u00edticas que se sumar\u00e1n a la coalici\u00f3n, con el objetivo de apoyar la candidatura de Alberto Fern\u00e1ndez y Cristina Kirchner. Gioja intenta llegar a fin de mes con el frente electoral opositor ya delineado.\u2026","rel":"","context":"En \u00abPol\u00edtica\u00bb","block_context":{"text":"Pol\u00edtica","link":"http:\/\/www.24baires.com\/?cat=51"},"img":{"alt_text":"","src":"https:\/\/i0.wp.com\/www.24baires.com\/wp-content\/uploads\/2019\/05\/cumbre-pj.jpeg?resize=350%2C200","width":350,"height":200,"srcset":"https:\/\/i0.wp.com\/www.24baires.com\/wp-content\/uploads\/2019\/05\/cumbre-pj.jpeg?resize=350%2C200 1x, https:\/\/i0.wp.com\/www.24baires.com\/wp-content\/uploads\/2019\/05\/cumbre-pj.jpeg?resize=525%2C300 1.5x"},"classes":[]},{"id":102717,"url":"http:\/\/www.24baires.com\/?p=102717","url_meta":{"origin":69453,"position":2},"title":"Stolbizer: \u00abLa gesti\u00f3n de Vidal es tan mala como la de Scioli\u00bb","author":"GB","date":"13\/06\/2018","format":false,"excerpt":"La l\u00edder del GEN endureci\u00f3 su discurso contra la Gobernadora y afirm\u00f3 que \"no puede mostrar avances\" en educaci\u00f3n, salud y seguridad. Margarita Stolbizer abandon\u00f3 el discurso conciliador con Mar\u00eda Eugenia Vidal y afirm\u00f3 que su gesti\u00f3n \"es tan mala\" como la de su antecesor Daniel Scioli. Durante una visita\u2026","rel":"","context":"En \u00abPol\u00edtica\u00bb","block_context":{"text":"Pol\u00edtica","link":"http:\/\/www.24baires.com\/?cat=51"},"img":{"alt_text":"","src":"https:\/\/i0.wp.com\/www.24baires.com\/wp-content\/uploads\/2016\/08\/vidal-stolbizer.jpg?resize=350%2C200","width":350,"height":200,"srcset":"https:\/\/i0.wp.com\/www.24baires.com\/wp-content\/uploads\/2016\/08\/vidal-stolbizer.jpg?resize=350%2C200 1x, https:\/\/i0.wp.com\/www.24baires.com\/wp-content\/uploads\/2016\/08\/vidal-stolbizer.jpg?resize=525%2C300 1.5x"},"classes":[]},{"id":120181,"url":"http:\/\/www.24baires.com\/?p=120181","url_meta":{"origin":69453,"position":3},"title":"El Frente de Todos pasa a llamarse \u00abUni\u00f3n por la Patria\u00bb","author":"AF","date":"14\/06\/2023","format":false,"excerpt":"Los distintos sectores que componen el frente oficialista mantienen reuniones para definir, entre otras cosas, la constituci\u00f3n de su junta partidaria y el reglamento electoral que fijar\u00e1 pisos y porcentajes para la integraci\u00f3n de listas. El Frente de Todos (FdT) se llamar\u00e1 Uni\u00f3n por la Patria (UxP) en las pr\u00f3ximas\u2026","rel":"","context":"En \u00abPol\u00edtica\u00bb","block_context":{"text":"Pol\u00edtica","link":"http:\/\/www.24baires.com\/?cat=51"},"img":{"alt_text":"","src":"https:\/\/i0.wp.com\/www.24baires.com\/wp-content\/uploads\/2023\/06\/cfk-25-5.png?resize=350%2C200","width":350,"height":200,"srcset":"https:\/\/i0.wp.com\/www.24baires.com\/wp-content\/uploads\/2023\/06\/cfk-25-5.png?resize=350%2C200 1x, https:\/\/i0.wp.com\/www.24baires.com\/wp-content\/uploads\/2023\/06\/cfk-25-5.png?resize=525%2C300 1.5x, https:\/\/i0.wp.com\/www.24baires.com\/wp-content\/uploads\/2023\/06\/cfk-25-5.png?resize=700%2C400 2x, https:\/\/i0.wp.com\/www.24baires.com\/wp-content\/uploads\/2023\/06\/cfk-25-5.png?resize=1050%2C600 3x"},"classes":[]},{"id":30769,"url":"http:\/\/www.24baires.com\/?p=30769","url_meta":{"origin":69453,"position":4},"title":"\u00abAlgunos est\u00e1n muy ansiosos, pero el Gobierno no pas\u00f3 todav\u00eda ni la mitad de su per\u00edodo\u00bb","author":"Grupo Sierra","date":"25\/08\/2013","format":false,"excerpt":"El gobernador de la provincia de Buenos Aires, Daniel Scioli, se defini\u00f3 como \"un peronista\" que est\u00e1 \"dentro del Frente para la Victoria\", mientras que Sergio Massa \"ha tomado otro camino, irse con Macri\". El mandatario bonaerense asegur\u00f3 de cara a las elecciones legislativas de octubre que el Frente para\u2026","rel":"","context":"En \u00abPol\u00edtica\u00bb","block_context":{"text":"Pol\u00edtica","link":"http:\/\/www.24baires.com\/?cat=51"},"img":{"alt_text":"","src":"https:\/\/i0.wp.com\/www.24baires.com\/wp-content\/uploads\/2013\/08\/scioli-saluda.jpg?resize=350%2C200","width":350,"height":200,"srcset":"https:\/\/i0.wp.com\/www.24baires.com\/wp-content\/uploads\/2013\/08\/scioli-saluda.jpg?resize=350%2C200 1x, https:\/\/i0.wp.com\/www.24baires.com\/wp-content\/uploads\/2013\/08\/scioli-saluda.jpg?resize=525%2C300 1.5x"},"classes":[]},{"id":65591,"url":"http:\/\/www.24baires.com\/?p=65591","url_meta":{"origin":69453,"position":5},"title":"\u00abVeo un peronismo con una m\u00edstica de triunfo\u00bb","author":"GB","date":"08\/05\/2015","format":false,"excerpt":"El gobernador bonaerense lo afirm\u00f3 al llegar al Congreso Nacional del PJ. Tambi\u00e9n se pronunciaron all\u00ed el jefe de gabinete, An\u00edbal Fern\u00e1ndez, y el candidato a Jefe de Gobierno porte\u00f1o por el FpV Mariano Recalde. Scioli consider\u00f3 que en el FpV \u201chay muy buenos jinetes\u201d para darle continuidad, m\u00e1s all\u00e1\u2026","rel":"","context":"En \u00abPol\u00edtica\u00bb","block_context":{"text":"Pol\u00edtica","link":"http:\/\/www.24baires.com\/?cat=51"},"img":{"alt_text":"scioli congreso","src":"https:\/\/i0.wp.com\/www.24baires.com\/wp-content\/uploads\/2015\/03\/scioli-congreso.png?resize=350%2C200","width":350,"height":200,"srcset":"https:\/\/i0.wp.com\/www.24baires.com\/wp-content\/uploads\/2015\/03\/scioli-congreso.png?resize=350%2C200 1x, https:\/\/i0.wp.com\/www.24baires.com\/wp-content\/uploads\/2015\/03\/scioli-congreso.png?resize=525%2C300 1.5x"},"classes":[]}],"jetpack_sharing_enabled":true,"jetpack_likes_enabled":true,"jetpack_featured_media_url":"","_links":{"self":[{"href":"http:\/\/www.24baires.com\/index.php?rest_route=\/wp\/v2\/posts\/69453","targetHints":{"allow":["GET"]}}],"collection":[{"href":"http:\/\/www.24baires.com\/index.php?rest_route=\/wp\/v2\/posts"}],"about":[{"href":"http:\/\/www.24baires.com\/index.php?rest_route=\/wp\/v2\/types\/post"}],"author":[{"embeddable":true,"href":"http:\/\/www.24baires.com\/index.php?rest_route=\/wp\/v2\/users\/4"}],"replies":[{"embeddable":true,"href":"http:\/\/www.24baires.com\/index.php?rest_route=%2Fwp%2Fv2%2Fcomments&post=69453"}],"version-history":[{"count":1,"href":"http:\/\/www.24baires.com\/index.php?rest_route=\/wp\/v2\/posts\/69453\/revisions"}],"predecessor-version":[{"id":69454,"href":"http:\/\/www.24baires.com\/index.php?rest_route=\/wp\/v2\/posts\/69453\/revisions\/69454"}],"wp:attachment":[{"href":"http:\/\/www.24baires.com\/index.php?rest_route=%2Fwp%2Fv2%2Fmedia&parent=69453"}],"wp:term":[{"taxonomy":"category","embeddable":true,"href":"http:\/\/www.24baires.com\/index.php?rest_route=%2Fwp%2Fv2%2Fcategories&post=69453"},{"taxonomy":"post_tag","embeddable":true,"href":"http:\/\/www.24baires.com\/index.php?rest_route=%2Fwp%2Fv2%2Ftags&post=69453"}],"curies":[{"name":"wp","href":"https:\/\/api.w.org\/{rel}","templated":true}]}}