{"id":69383,"date":"2015-07-22T10:51:48","date_gmt":"2015-07-22T13:51:48","guid":{"rendered":"http:\/\/www.24baires.com\/?p=69383"},"modified":"2015-07-23T11:02:05","modified_gmt":"2015-07-23T14:02:05","slug":"anibal-aseguro-que-la-suba-del-dolar-ilegal-tiene-que-ver-con-cuestiones-especulativas","status":"publish","type":"post","link":"http:\/\/www.24baires.com\/?p=69383","title":{"rendered":"An\u00edbal asegur\u00f3 que la suba del d\u00f3lar ilegal tiene que ver con cuestiones \u00abespeculativas\u00bb"},"content":{"rendered":"<p><img data-recalc-dims=\"1\" loading=\"lazy\" decoding=\"async\" class=\"aligncenter size-full wp-image-63981\" src=\"https:\/\/i0.wp.com\/www.24baires.com\/wp-content\/uploads\/2015\/04\/anibal-conferencia.jpg?resize=560%2C379\" alt=\"anibal conferencia\" width=\"560\" height=\"379\" srcset=\"https:\/\/i0.wp.com\/www.24baires.com\/wp-content\/uploads\/2015\/04\/anibal-conferencia.jpg?w=560 560w, https:\/\/i0.wp.com\/www.24baires.com\/wp-content\/uploads\/2015\/04\/anibal-conferencia.jpg?resize=300%2C203 300w\" sizes=\"auto, (max-width: 560px) 100vw, 560px\" \/>El jefe de Gabinete, An\u00edbal Fern\u00e1ndez, explic\u00f3 que \u00abno tiene que ver con temas pol\u00edticos ni econ\u00f3micos\u00bb y que lo que se busca es una devaluaci\u00f3n \u00abde parte de quienes se han quedado con una buena cantidad de d\u00f3lares y quieren jugar con eso\u00bb.<!--more--><\/p>\n<p>An\u00edbal Fern\u00e1ndez afirm\u00f3 que que \u201ccualquiera de las acciones que se quieran hacer para modificar la situaci\u00f3n econ\u00f3mica en estos momentos previos a las elecciones, o algo por el estilo, no va a suceder y no va a pasar nada\u00bb,<\/p>\n<p>El jefe de Gabinete evalu\u00f3 que \u00abse trata de un mercado muy chiquito y seguramente ac\u00e1 se puede llevar a la pr\u00e1ctica alguna acci\u00f3n del Banco Central para frenar este tipo de tarea, por lo cual no preocupa en el sentido de que no genera ninguna acci\u00f3n diferente en la gesti\u00f3n de gobierno\u00bb.<\/p>\n<p>Dijo que las maniobras para la suba de la divisa extranjera \u201cest\u00e1n siendo incentivadas desde afuera por alguna otra raz\u00f3n; seguramente, alguno intenta buscar alguna ventaja en otros papeles o en otra situaci\u00f3n, y lo que se est\u00e1 buscando es que haya motivaciones de devaluaci\u00f3n o cosas por el estilo que no va a haber. Lo que buscan son intereses secundarios y no tienen mucha raz\u00f3n de ser\u201d.<\/p>\n<p>Al ser consultado sobre si desde esos sectores se est\u00e1 incentivando una corrida cambiaria, el jefe de Gabinete manifest\u00f3 que \u201calguna de esas cosas es, por eso dec\u00eda que esta cuesti\u00f3n no es pol\u00edtica ni econ\u00f3mica, sino especulativa\u201d.<\/p>\n<p>\u201cLa especulaci\u00f3n est\u00e1 toda dirigida a una devaluaci\u00f3n, por parte de quienes se han quedado con una buena cantidad de d\u00f3lares y a quienes una devaluaci\u00f3n los pondr\u00eda en inmejorables para esa situaci\u00f3n, y eso no va a suceder\u201d, reiter\u00f3.<\/p>\n<p>Para Fern\u00e1ndez, \u201ceso no va a cesar, lo han hecho en varias oportunidades y en otras con m\u00e1s liberaci\u00f3n con respecto de la divisa porque las posibilidades lo permit\u00edan; as\u00ed han conseguido corridas importantes, de mucha cantidad de miles de d\u00f3lares; entonces, esa situaci\u00f3n hay que mirarla con mucho cuidado y con la atenci\u00f3n del caso\u201d, pero, consider\u00f3 \u201cno es una cosa que deba preocupar porque no genera ninguna acci\u00f3n en la gesti\u00f3n de gobierno\u201d.<\/p>\n<p>Advirti\u00f3 que \u201cpareciera ser\u201d que estas acciones pudieran ir creciendo a medida que se acerque la fecha de las elecciones, ya que \u201csiempre se busca en esta situaci\u00f3n remarcar que debiera haber una supuesta preocupaci\u00f3n del gobierno -como va a competir y est\u00e1 en buenas condiciones para hacerlo- sobre cualquier cosa que pudiera significar una luz amarilla en el tablero, la cual tenga que ser subsanada para evitar que se lesione su propuesta electoral. Sin embargo, nosotros estamos convencidos de que es exactamente al rev\u00e9s\u201d.<\/p>\n<p>\u201cEl hombre y la mujer com\u00fan deben saber que no va a haber ning\u00fan tipo de devaluaci\u00f3n, que quienes est\u00e1n jugando con este tipo de acciones lo que pretenden es provocar el p\u00e1nico y la preocupaci\u00f3n, cosa que no existe de ninguna manera, o generar preocupaci\u00f3n de jugar con la compra y la venta de lo ilegal, o que quienes tienen la oportunidad de la compra de d\u00f3lares en condici\u00f3n de ahorro se preocupen, compren m\u00e1s r\u00e1pido, paguen m\u00e1s alto de lo que tienen que pagarlo\u201d, sostuvo el jefe de Gabinete.<\/p>\n<p>\u201cEntonces lo mejor que podemos hacer nosotros en nuestras expresiones de la ma\u00f1ana, que siempre hablamos de esta valoraci\u00f3n, es que no hay nada, absolutamente nada\u201d, concluy\u00f3.<\/p>\n","protected":false},"excerpt":{"rendered":"<p>El jefe de Gabinete, An\u00edbal Fern\u00e1ndez, explic\u00f3 que \u00abno tiene que ver con temas pol\u00edticos ni econ\u00f3micos\u00bb y que lo que se busca es una devaluaci\u00f3n \u00abde parte de quienes se han quedado con una buena cantidad de d\u00f3lares y quieren jugar con eso\u00bb.<\/p>\n","protected":false},"author":4,"featured_media":0,"comment_status":"open","ping_status":"open","sticky":false,"template":"","format":"standard","meta":{"_jetpack_newsletter_access":"","_jetpack_dont_email_post_to_subs":false,"_jetpack_newsletter_tier_id":0,"_jetpack_memberships_contains_paywalled_content":false,"_jetpack_memberships_contains_paid_content":false,"footnotes":""},"categories":[51],"tags":[],"class_list":["post-69383","post","type-post","status-publish","format-standard","hentry","category-politica"],"jetpack_shortlink":"https:\/\/wp.me\/p2JWE0-i35","jetpack-related-posts":[{"id":103789,"url":"http:\/\/www.24baires.com\/?p=103789","url_meta":{"origin":69383,"position":0},"title":"\u00abEl blindaje al gobierno se termina cuando quer\u00e9s darle de comer a los pibes y no te alcanza\u00bb","author":"AF","date":"09\/08\/2018","format":false,"excerpt":"A contramano del remanido \"lo peor ya pas\u00f3\" del presidente Mauricio Macri, An\u00edbal Fern\u00e1ndez advirti\u00f3 que el estancamiento econ\u00f3mico y la crisis va camino a profundizarse a\u00fan m\u00e1s. El ex jefe de Gabinete de la Naci\u00f3n, An\u00edbal Fern\u00e1ndez carg\u00f3 este jueves con dureza contra el gobierno de Mauricio Macri, al\u2026","rel":"","context":"En \u00abPol\u00edtica\u00bb","block_context":{"text":"Pol\u00edtica","link":"http:\/\/www.24baires.com\/?cat=51"},"img":{"alt_text":"","src":"https:\/\/i0.wp.com\/www.24baires.com\/wp-content\/uploads\/2015\/08\/an%C3%ADbal-cierre.jpg?resize=350%2C200","width":350,"height":200,"srcset":"https:\/\/i0.wp.com\/www.24baires.com\/wp-content\/uploads\/2015\/08\/an%C3%ADbal-cierre.jpg?resize=350%2C200 1x, https:\/\/i0.wp.com\/www.24baires.com\/wp-content\/uploads\/2015\/08\/an%C3%ADbal-cierre.jpg?resize=525%2C300 1.5x"},"classes":[]},{"id":118018,"url":"http:\/\/www.24baires.com\/?p=118018","url_meta":{"origin":69383,"position":1},"title":"Asumen los nuevos ministros del Gabinete nacional","author":"GB","date":"20\/09\/2021","format":false,"excerpt":"Con el cambio de Gabinete, el presidente Alberto Fern\u00e1ndez relanzar\u00e1 su gesti\u00f3n de cara a las elecciones legislativas de noviembre. Este lunes, a las 16 en Casa Rosada, jurar\u00e1n los nuevos ministros designados por el presidente Alberto Fern\u00e1ndez. De esta forma, asumir\u00e1n formalmente sus cargos An\u00edbal Fern\u00e1ndez, al frente del\u2026","rel":"","context":"En \u00abLocales\u00bb","block_context":{"text":"Locales","link":"http:\/\/www.24baires.com\/?cat=38"},"img":{"alt_text":"","src":"https:\/\/i0.wp.com\/www.24baires.com\/wp-content\/uploads\/2017\/02\/casa-rosada.jpg?resize=350%2C200","width":350,"height":200,"srcset":"https:\/\/i0.wp.com\/www.24baires.com\/wp-content\/uploads\/2017\/02\/casa-rosada.jpg?resize=350%2C200 1x, https:\/\/i0.wp.com\/www.24baires.com\/wp-content\/uploads\/2017\/02\/casa-rosada.jpg?resize=525%2C300 1.5x"},"classes":[]},{"id":118020,"url":"http:\/\/www.24baires.com\/?p=118020","url_meta":{"origin":69383,"position":2},"title":"\u00abNo somos parte del pa\u00eds que quiere flexibilizar derechos de los que trabajan\u00bb","author":"AF","date":"20\/09\/2021","format":false,"excerpt":"\"Cuando la gente no nos vota nos enojamos con nosotros y no con la gente\", a la vez que destac\u00f3 que en la coalici\u00f3n de gobierno los debates se dan \"de cara a la gente\", argument\u00f3 tambi\u00e9n el Presidente al encabezar el acto de jura de los nuevos ministros. El\u2026","rel":"","context":"En \u00abPol\u00edtica\u00bb","block_context":{"text":"Pol\u00edtica","link":"http:\/\/www.24baires.com\/?cat=51"},"img":{"alt_text":"","src":"https:\/\/i0.wp.com\/www.24baires.com\/wp-content\/uploads\/2021\/09\/6148f1d0c6765_1004x564.jpg?resize=350%2C200","width":350,"height":200,"srcset":"https:\/\/i0.wp.com\/www.24baires.com\/wp-content\/uploads\/2021\/09\/6148f1d0c6765_1004x564.jpg?resize=350%2C200 1x, https:\/\/i0.wp.com\/www.24baires.com\/wp-content\/uploads\/2021\/09\/6148f1d0c6765_1004x564.jpg?resize=525%2C300 1.5x"},"classes":[]},{"id":118006,"url":"http:\/\/www.24baires.com\/?p=118006","url_meta":{"origin":69383,"position":3},"title":"Recambio de ministros: Manzur, Jefe de Gabinete y An\u00edbal Fern\u00e1ndez a Seguridad","author":"GB","date":"18\/09\/2021","format":false,"excerpt":"Wado De Pedro seguir\u00e1 en su lugar, pero se ir\u00e1n Felipe Sol\u00e1, Roberto Salvarezza y Sabina Frederic. Juan Manzur reemplaza a Cafiero que ser\u00e1 Canciller El gobierno nacional confirm\u00f3 los cambios en el gabinete de ministros y prepara un relanzamiento de la gesti\u00f3n a partir del pr\u00f3ximo lunes, con el\u2026","rel":"","context":"En \u00abPol\u00edtica\u00bb","block_context":{"text":"Pol\u00edtica","link":"http:\/\/www.24baires.com\/?cat=51"},"img":{"alt_text":"","src":"https:\/\/i0.wp.com\/www.24baires.com\/wp-content\/uploads\/2021\/09\/Zxa4bz6uJ_1256x620__1-1024x505.jpg?resize=350%2C200","width":350,"height":200,"srcset":"https:\/\/i0.wp.com\/www.24baires.com\/wp-content\/uploads\/2021\/09\/Zxa4bz6uJ_1256x620__1-1024x505.jpg?resize=350%2C200 1x, https:\/\/i0.wp.com\/www.24baires.com\/wp-content\/uploads\/2021\/09\/Zxa4bz6uJ_1256x620__1-1024x505.jpg?resize=525%2C300 1.5x"},"classes":[]},{"id":62514,"url":"http:\/\/www.24baires.com\/?p=62514","url_meta":{"origin":69383,"position":4},"title":"La Presidenta se reunir\u00e1 con Axel Kicillof y An\u00edbal Fern\u00e1ndez","author":"GB","date":"02\/03\/2015","format":false,"excerpt":"La Presidenta repasar\u00e1 con el titular del Palacio de Hacienda y el Jefe de Gabinete diversos aspectos de la agenda. Ayer, la jefa de Estado inaugur\u00f3 las sesiones ordinarias en el Congreso, donde anunci\u00f3 cuatro proyectos de ley clave. La presidenta Cristina Fern\u00e1ndez de Kirchner recibir\u00e1 esta tarde en la\u2026","rel":"","context":"En \u00abPol\u00edtica\u00bb","block_context":{"text":"Pol\u00edtica","link":"http:\/\/www.24baires.com\/?cat=51"},"img":{"alt_text":"operacion cristina","src":"https:\/\/i0.wp.com\/www.24baires.com\/wp-content\/uploads\/2013\/10\/operacion-cristina.jpg?resize=350%2C200","width":350,"height":200,"srcset":"https:\/\/i0.wp.com\/www.24baires.com\/wp-content\/uploads\/2013\/10\/operacion-cristina.jpg?resize=350%2C200 1x, https:\/\/i0.wp.com\/www.24baires.com\/wp-content\/uploads\/2013\/10\/operacion-cristina.jpg?resize=525%2C300 1.5x"},"classes":[]},{"id":70921,"url":"http:\/\/www.24baires.com\/?p=70921","url_meta":{"origin":69383,"position":5},"title":"An\u00edbal: \u00abEs un acto de mezquindad\u00bb vincular lo pol\u00edtico con la muerte del militante juje\u00f1o","author":"AF","date":"21\/08\/2015","format":false,"excerpt":"El jefe de Gabinete, An\u00edbal Fern\u00e1ndez, consider\u00f3 hoy \"un acto de mezquindad\" vincular con cuestiones pol\u00edticas el crimen del joven militante juje\u00f1o Jorge Ariel Vel\u00e1zquez, quien muri\u00f3 ayer tras ser baleado el 8 de agosto en un confuso episodio por el que ya hay tres detenidos. Las expresiones de la\u2026","rel":"","context":"En \u00abPol\u00edtica\u00bb","block_context":{"text":"Pol\u00edtica","link":"http:\/\/www.24baires.com\/?cat=51"},"img":{"alt_text":"fern\u00e1ndez an\u00edbal","src":"https:\/\/i0.wp.com\/www.24baires.com\/wp-content\/uploads\/2012\/12\/fern%C3%A1ndez-an%C3%ADbal.jpg?resize=350%2C200","width":350,"height":200,"srcset":"https:\/\/i0.wp.com\/www.24baires.com\/wp-content\/uploads\/2012\/12\/fern%C3%A1ndez-an%C3%ADbal.jpg?resize=350%2C200 1x, https:\/\/i0.wp.com\/www.24baires.com\/wp-content\/uploads\/2012\/12\/fern%C3%A1ndez-an%C3%ADbal.jpg?resize=525%2C300 1.5x"},"classes":[]}],"jetpack_sharing_enabled":true,"jetpack_likes_enabled":true,"jetpack_featured_media_url":"","_links":{"self":[{"href":"http:\/\/www.24baires.com\/index.php?rest_route=\/wp\/v2\/posts\/69383","targetHints":{"allow":["GET"]}}],"collection":[{"href":"http:\/\/www.24baires.com\/index.php?rest_route=\/wp\/v2\/posts"}],"about":[{"href":"http:\/\/www.24baires.com\/index.php?rest_route=\/wp\/v2\/types\/post"}],"author":[{"embeddable":true,"href":"http:\/\/www.24baires.com\/index.php?rest_route=\/wp\/v2\/users\/4"}],"replies":[{"embeddable":true,"href":"http:\/\/www.24baires.com\/index.php?rest_route=%2Fwp%2Fv2%2Fcomments&post=69383"}],"version-history":[{"count":1,"href":"http:\/\/www.24baires.com\/index.php?rest_route=\/wp\/v2\/posts\/69383\/revisions"}],"predecessor-version":[{"id":69384,"href":"http:\/\/www.24baires.com\/index.php?rest_route=\/wp\/v2\/posts\/69383\/revisions\/69384"}],"wp:attachment":[{"href":"http:\/\/www.24baires.com\/index.php?rest_route=%2Fwp%2Fv2%2Fmedia&parent=69383"}],"wp:term":[{"taxonomy":"category","embeddable":true,"href":"http:\/\/www.24baires.com\/index.php?rest_route=%2Fwp%2Fv2%2Fcategories&post=69383"},{"taxonomy":"post_tag","embeddable":true,"href":"http:\/\/www.24baires.com\/index.php?rest_route=%2Fwp%2Fv2%2Ftags&post=69383"}],"curies":[{"name":"wp","href":"https:\/\/api.w.org\/{rel}","templated":true}]}}