{"id":69288,"date":"2015-07-19T21:31:20","date_gmt":"2015-07-20T00:31:20","guid":{"rendered":"http:\/\/www.24baires.com\/?p=69288"},"modified":"2015-07-19T21:31:20","modified_gmt":"2015-07-20T00:31:20","slug":"scioli-llamo-a-lousteau-para-felicitarlo-por-el-esfuerzo","status":"publish","type":"post","link":"http:\/\/www.24baires.com\/?p=69288","title":{"rendered":"Scioli llam\u00f3 a Lousteau para felicitarlo \u00abpor el esfuerzo\u00bb"},"content":{"rendered":"<p><img data-recalc-dims=\"1\" loading=\"lazy\" decoding=\"async\" class=\"aligncenter size-full wp-image-67954\" src=\"https:\/\/i0.wp.com\/www.24baires.com\/wp-content\/uploads\/2015\/06\/scioli-678.jpg?resize=560%2C405\" alt=\"scioli 678\" width=\"560\" height=\"405\" srcset=\"https:\/\/i0.wp.com\/www.24baires.com\/wp-content\/uploads\/2015\/06\/scioli-678.jpg?w=560 560w, https:\/\/i0.wp.com\/www.24baires.com\/wp-content\/uploads\/2015\/06\/scioli-678.jpg?resize=300%2C217 300w\" sizes=\"auto, (max-width: 560px) 100vw, 560px\" \/><\/p>\n<p>El candidato a presidente del FpV se comunic\u00f3 con el candidato a jefe de gobierno porte\u00f1o por el frente ECO y lo felicit\u00f3 por el \u00abesfuerzo y coraje con que desarroll\u00f3 toda la campa\u00f1a\u00bb en la Ciudad.<!--more--><\/p>\n<p>Tras el ajustado triunfo con que el postulante del PRO Horacio Rodr\u00edguez Larreta se impuso este domingo por la tarde en el balotaje porte\u00f1o sobre Lousteau, el gobernador bonaerense se comunic\u00f3 con el l\u00edder de ECO para congratularlo por su desempe\u00f1o en la segunda vuelta, donde qued\u00f3 a solo 3,2 puntos del ganador.<\/p>\n<p>Seg\u00fan confirmaron fuentes de prensa del candidato oficialista, Scioli llam\u00f3 a Lousteau para expresarle sus felicitaciones por el \u00abesfuerzo y coraje con que desarroll\u00f3 toda la campa\u00f1a\u00bb en la Ciudad.<\/p>\n","protected":false},"excerpt":{"rendered":"<p>El candidato a presidente del FpV se comunic\u00f3 con el candidato a jefe de gobierno porte\u00f1o por el frente ECO y lo felicit\u00f3 por el \u00abesfuerzo y coraje con que desarroll\u00f3 toda la campa\u00f1a\u00bb en la Ciudad.<\/p>\n","protected":false},"author":11,"featured_media":0,"comment_status":"open","ping_status":"open","sticky":false,"template":"","format":"standard","meta":{"_jetpack_newsletter_access":"","_jetpack_dont_email_post_to_subs":false,"_jetpack_newsletter_tier_id":0,"_jetpack_memberships_contains_paywalled_content":false,"_jetpack_memberships_contains_paid_content":false,"footnotes":""},"categories":[51],"tags":[],"class_list":["post-69288","post","type-post","status-publish","format-standard","hentry","category-politica"],"jetpack_shortlink":"https:\/\/wp.me\/p2JWE0-i1y","jetpack-related-posts":[{"id":69279,"url":"http:\/\/www.24baires.com\/?p=69279","url_meta":{"origin":69288,"position":0},"title":"Larreta se impone en la CABA por un ajustado margen frente a Lousteau","author":"Grupo Sierra","date":"19\/07\/2015","format":false,"excerpt":"Escrutado cerca del 80% de los votos, la diferencia del PRO es muy ajustada (51,2% a 48,7%) y hay sorpresa en el b\u00fanker oficialista, que esperaba entre 8 y 10 puntos de ventaja. Con casi el 86% de las mesas escrutadas, el candidato del PRO, Horacio Rodr\u00edguez Larreta, aventaja con\u2026","rel":"","context":"En \u00abElecciones 2015\u00bb","block_context":{"text":"Elecciones 2015","link":"http:\/\/www.24baires.com\/?cat=74"},"img":{"alt_text":"","src":"https:\/\/i0.wp.com\/www.24baires.com\/wp-content\/uploads\/2015\/07\/larreta.jpg?resize=350%2C200","width":350,"height":200,"srcset":"https:\/\/i0.wp.com\/www.24baires.com\/wp-content\/uploads\/2015\/07\/larreta.jpg?resize=350%2C200 1x, https:\/\/i0.wp.com\/www.24baires.com\/wp-content\/uploads\/2015\/07\/larreta.jpg?resize=525%2C300 1.5x"},"classes":[]},{"id":106260,"url":"http:\/\/www.24baires.com\/?p=106260","url_meta":{"origin":69288,"position":1},"title":"Cambiemos a\u00fan no define qui\u00e9n ser\u00e1 su pr\u00f3ximo candidato a Presidente","author":"AF","date":"08\/01\/2019","format":false,"excerpt":"Ricardo Alfons\u00edn advirti\u00f3 que Mauricio Macri no es el \"candidato natural\" del oficialismo, como hab\u00eda se\u00f1alado el titular del PRO, Humberto Schiavoni. Mart\u00edn Lousteau tambi\u00e9n plantea la posibilidad de enfrentar al Presidente en una interna. El dirigente radical Ricardo Alfons\u00edn cruz\u00f3 al presidente del PRO, Humberto Schiavoni, quien hab\u00eda planteado\u2026","rel":"","context":"En \u00abPol\u00edtica\u00bb","block_context":{"text":"Pol\u00edtica","link":"http:\/\/www.24baires.com\/?cat=51"},"img":{"alt_text":"","src":"https:\/\/i0.wp.com\/www.24baires.com\/wp-content\/uploads\/2018\/10\/MACRI-IDEA.jpg?resize=350%2C200","width":350,"height":200,"srcset":"https:\/\/i0.wp.com\/www.24baires.com\/wp-content\/uploads\/2018\/10\/MACRI-IDEA.jpg?resize=350%2C200 1x, https:\/\/i0.wp.com\/www.24baires.com\/wp-content\/uploads\/2018\/10\/MACRI-IDEA.jpg?resize=525%2C300 1.5x"},"classes":[]},{"id":68523,"url":"http:\/\/www.24baires.com\/?p=68523","url_meta":{"origin":69288,"position":2},"title":"Candidatos a jefe de gobierno porte\u00f1o cerraron sus campa\u00f1as","author":"GB","date":"02\/07\/2015","format":false,"excerpt":"Los cinco candidatos a jefe de gobierno porte\u00f1o -Horacio Rodriguez Larreta (PRO), Mariano Recalde (FpV), Mart\u00edn Lousteau (ECO), Myriam Bregman (FIT) y Luis Zamora (AyL)- cerraron hoy sus respectivas campa\u00f1as proselitistas de cara a las elecciones del pr\u00f3ximo domingo para las que est\u00e1n habilitados para votar m\u00e1s de dos millones\u2026","rel":"","context":"En \u00abElecciones 2015\u00bb","block_context":{"text":"Elecciones 2015","link":"http:\/\/www.24baires.com\/?cat=74"},"img":{"alt_text":"","src":"","width":0,"height":0},"classes":[]},{"id":68642,"url":"http:\/\/www.24baires.com\/?p=68642","url_meta":{"origin":69288,"position":3},"title":"Recalde: \u201cEl FpV va seguir creciendo para profundizar este camino\u00bb","author":"GB","date":"05\/07\/2015","format":false,"excerpt":"El candidato a jefe de Gobierno por el FpV destac\u00f3 el resultado electoral y se\u00f1al\u00f3 que \u2013si bien- le hubiera gustado \u201ctener m\u00e1s tiempo para un balotaje distinto, esta la fuerza pol\u00edtica que muchos quer\u00edan dar por muerta va a seguir creciendo\u201d. El candidato a jefe de Gobierno porte\u00f1o del\u2026","rel":"","context":"En \u00abElecciones 2015\u00bb","block_context":{"text":"Elecciones 2015","link":"http:\/\/www.24baires.com\/?cat=74"},"img":{"alt_text":"mariano recalde","src":"https:\/\/i0.wp.com\/www.24baires.com\/wp-content\/uploads\/2015\/07\/mariano-recalde.jpg?resize=350%2C200","width":350,"height":200},"classes":[]},{"id":68860,"url":"http:\/\/www.24baires.com\/?p=68860","url_meta":{"origin":69288,"position":4},"title":"El voto sagrado","author":"GB","date":"09\/07\/2015","format":false,"excerpt":"En la ciudad capital de la Rep\u00fablica Argentina se vot\u00f3, como en muchos otros distritos del pa\u00eds. Como ya sabemos, Horacio Rodr\u00edguez Larreta, -posible heredero pol\u00edtico de Mauricio Macri en esa intendencia-, obtuvo la mayor\u00eda de los votos aunque no le alcanz\u00f3 para consagrarse Jefe de Gobierno en la primera\u2026","rel":"","context":"En \u00abOpini\u00f3n\u00bb","block_context":{"text":"Opini\u00f3n","link":"http:\/\/www.24baires.com\/?cat=64"},"img":{"alt_text":"larreta pro","src":"https:\/\/i0.wp.com\/www.24baires.com\/wp-content\/uploads\/2015\/07\/larreta-pro.jpg?resize=350%2C200","width":350,"height":200,"srcset":"https:\/\/i0.wp.com\/www.24baires.com\/wp-content\/uploads\/2015\/07\/larreta-pro.jpg?resize=350%2C200 1x, https:\/\/i0.wp.com\/www.24baires.com\/wp-content\/uploads\/2015\/07\/larreta-pro.jpg?resize=525%2C300 1.5x"},"classes":[]},{"id":68905,"url":"http:\/\/www.24baires.com\/?p=68905","url_meta":{"origin":69288,"position":5},"title":"El Frente para la Victoria no apoyar\u00e1 a Rodr\u00edguez Larreta ni a Lousteau","author":"GB","date":"10\/07\/2015","format":false,"excerpt":"Mariano Recalde dio una conferencia de prensa y dijo: \"Si apoyamos a Larreta, gana Macri; y si apoyamos a Losteau, tambi\u00e9n\". El ex candidato a jefe de Gobierno porte\u00f1o por el Frente para la Victoria, Mariano Recalde, dijo hoy que \u201cel FpV no va a apoyar a ninguno de los\u2026","rel":"","context":"En \u00abElecciones 2015\u00bb","block_context":{"text":"Elecciones 2015","link":"http:\/\/www.24baires.com\/?cat=74"},"img":{"alt_text":"mariano recalde","src":"https:\/\/i0.wp.com\/www.24baires.com\/wp-content\/uploads\/2015\/07\/mariano-recalde.jpg?resize=350%2C200","width":350,"height":200},"classes":[]}],"jetpack_sharing_enabled":true,"jetpack_likes_enabled":true,"jetpack_featured_media_url":"","_links":{"self":[{"href":"http:\/\/www.24baires.com\/index.php?rest_route=\/wp\/v2\/posts\/69288","targetHints":{"allow":["GET"]}}],"collection":[{"href":"http:\/\/www.24baires.com\/index.php?rest_route=\/wp\/v2\/posts"}],"about":[{"href":"http:\/\/www.24baires.com\/index.php?rest_route=\/wp\/v2\/types\/post"}],"author":[{"embeddable":true,"href":"http:\/\/www.24baires.com\/index.php?rest_route=\/wp\/v2\/users\/11"}],"replies":[{"embeddable":true,"href":"http:\/\/www.24baires.com\/index.php?rest_route=%2Fwp%2Fv2%2Fcomments&post=69288"}],"version-history":[{"count":1,"href":"http:\/\/www.24baires.com\/index.php?rest_route=\/wp\/v2\/posts\/69288\/revisions"}],"predecessor-version":[{"id":69289,"href":"http:\/\/www.24baires.com\/index.php?rest_route=\/wp\/v2\/posts\/69288\/revisions\/69289"}],"wp:attachment":[{"href":"http:\/\/www.24baires.com\/index.php?rest_route=%2Fwp%2Fv2%2Fmedia&parent=69288"}],"wp:term":[{"taxonomy":"category","embeddable":true,"href":"http:\/\/www.24baires.com\/index.php?rest_route=%2Fwp%2Fv2%2Fcategories&post=69288"},{"taxonomy":"post_tag","embeddable":true,"href":"http:\/\/www.24baires.com\/index.php?rest_route=%2Fwp%2Fv2%2Ftags&post=69288"}],"curies":[{"name":"wp","href":"https:\/\/api.w.org\/{rel}","templated":true}]}}