{"id":69267,"date":"2015-07-19T13:30:57","date_gmt":"2015-07-19T16:30:57","guid":{"rendered":"http:\/\/www.24baires.com\/?p=69267"},"modified":"2015-07-19T12:45:52","modified_gmt":"2015-07-19T15:45:52","slug":"fernando-niembro-critico-duramente-la-gestion-del-fpv","status":"publish","type":"post","link":"http:\/\/www.24baires.com\/?p=69267","title":{"rendered":"Fernando Niembro critic\u00f3 duramente la gesti\u00f3n del FpV"},"content":{"rendered":"<p><img data-recalc-dims=\"1\" loading=\"lazy\" decoding=\"async\" class=\"aligncenter size-full wp-image-69268\" src=\"https:\/\/i0.wp.com\/www.24baires.com\/wp-content\/uploads\/2015\/07\/fernando_niembro.jpg?resize=560%2C314\" alt=\"fernando_niembro\" width=\"560\" height=\"314\" srcset=\"https:\/\/i0.wp.com\/www.24baires.com\/wp-content\/uploads\/2015\/07\/fernando_niembro.jpg?w=560 560w, https:\/\/i0.wp.com\/www.24baires.com\/wp-content\/uploads\/2015\/07\/fernando_niembro.jpg?resize=300%2C168 300w\" sizes=\"auto, (max-width: 560px) 100vw, 560px\" \/><\/p>\n<p>Afirm\u00f3 que \u201cla gente est\u00e1 dispuesta a cambiar porque est\u00e1 harta y cansada\u201d de las carencias que sufren en la Provincia de Buenos Aires.<!--more--><\/p>\n<p>El candidato a diputado nacional por el PRO-UCR, Fernando Niembro, manifest\u00f3 que durante la campa\u00f1a encuentra dos sentimientos entre la gente: \u201chay mucha tristeza\u201d por las \u201ccarencias y debilidades\u201d, pero a la vez \u201calegr\u00eda porque todo se puede hacer\u201d.<\/p>\n<p>El periodista recorri\u00f3 el Barrio Dorrego del partido de La Matanza, donde qued\u00f3 inaugurada una plaza. \u201cEs uno de los barrios m\u00e1s postergados de La Matanza, en el que no hay atenci\u00f3n de parte de la gobernaci\u00f3n ni del municipio\u201d, indic\u00f3 y detall\u00f3 que \u201cestamos entusiasmados porque nos damos cuenta de que cuando la ciudadan\u00eda se propone hacer determinadas cosas, se hacen m\u00e1s all\u00e1 de las barreras que plantea el Estado\u201d.<\/p>\n<p>Por Radio Provincia, Niembro resalt\u00f3 que \u201csiento una gran pena porque soy peronista y el peronismo lleg\u00f3 a la Argentina para aplicar la justicia social y veo que eso est\u00e1 muy lejos\u201d. Sostuvo que \u201cla gente est\u00e1 dispuesta a cambiar porque est\u00e1 harta y cansada de irse a atender a los hospitales de la Ciudad de Buenos Aires, de la inseguridad, de que en las escuelas no se dicten clases, de que falte comida en los comedores y m\u00e9dicos en los centros de salud, est\u00e1 cansada de las inundaciones, de los residuos. Est\u00e1 cansada de viajar como ganado, del estado de las rutas\u2026\u201d<br \/>\nSin embargo, subray\u00f3 que la gente tambi\u00e9n \u201ctiene esperanza porque sabe que hay una propuesta que puede cambiar y es como Mauricio Macri de presidente. Hay dos sentimientos: una de mucha tristeza y alegr\u00eda porque todo se puede hacer\u201d.<\/p>\n","protected":false},"excerpt":{"rendered":"<p>Afirm\u00f3 que \u201cla gente est\u00e1 dispuesta a cambiar porque est\u00e1 harta y cansada\u201d de las carencias que sufren en la Provincia de Buenos Aires.<\/p>\n","protected":false},"author":11,"featured_media":0,"comment_status":"open","ping_status":"open","sticky":false,"template":"","format":"standard","meta":{"_jetpack_newsletter_access":"","_jetpack_dont_email_post_to_subs":false,"_jetpack_newsletter_tier_id":0,"_jetpack_memberships_contains_paywalled_content":false,"_jetpack_memberships_contains_paid_content":false,"footnotes":""},"categories":[51],"tags":[],"class_list":["post-69267","post","type-post","status-publish","format-standard","hentry","category-politica"],"jetpack_shortlink":"https:\/\/wp.me\/p2JWE0-i1d","jetpack-related-posts":[{"id":71780,"url":"http:\/\/www.24baires.com\/?p=71780","url_meta":{"origin":69267,"position":0},"title":"El socio de Niembro en La Usina tambi\u00e9n es candidato de Cambiemos por la Provincia","author":"AF","date":"07\/09\/2015","format":false,"excerpt":"Atilio Alberto Meza, quien qued\u00f3 al frente de la empresa tras la salida del periodista y primer candidato a diputado del macrismo, ocupa el puesto de suplente n\u00famero 13 en la boleta en la provincia de Buenos Aires. El socio de Fernando Niembro en La Usina Producciones, Alberto Atilio Meza,\u2026","rel":"","context":"En \u00abElecciones 2015\u00bb","block_context":{"text":"Elecciones 2015","link":"http:\/\/www.24baires.com\/?cat=74"},"img":{"alt_text":"","src":"","width":0,"height":0},"classes":[]},{"id":71713,"url":"http:\/\/www.24baires.com\/?p=71713","url_meta":{"origin":69267,"position":1},"title":"Banco Ciudad y el gobierno porte\u00f1o, \u00fanicos clientes de La Usina Producciones","author":"GB","date":"06\/09\/2015","format":false,"excerpt":"La empresa vinculada al candidato a diputado del Pro Fernando Niembro le factur\u00f3 $21 millones al gobierno porte\u00f1o con procedimientos irregulares y firm\u00f3 un contrato con el banco para difundir publicidad. Hoy se conocieron m\u00e1s datos sobre los movimientos contractuales y facturaci\u00f3n de \"La Usina Producciones\", la empresa cuya titularidad\u2026","rel":"","context":"En \u00abPol\u00edtica\u00bb","block_context":{"text":"Pol\u00edtica","link":"http:\/\/www.24baires.com\/?cat=51"},"img":{"alt_text":"macri niembro","src":"https:\/\/i0.wp.com\/www.24baires.com\/wp-content\/uploads\/2015\/09\/macri-niembro.jpg?resize=350%2C200","width":350,"height":200,"srcset":"https:\/\/i0.wp.com\/www.24baires.com\/wp-content\/uploads\/2015\/09\/macri-niembro.jpg?resize=350%2C200 1x, https:\/\/i0.wp.com\/www.24baires.com\/wp-content\/uploads\/2015\/09\/macri-niembro.jpg?resize=525%2C300 1.5x"},"classes":[]},{"id":71842,"url":"http:\/\/www.24baires.com\/?p=71842","url_meta":{"origin":69267,"position":2},"title":"Niembro decidi\u00f3 no renunciar a su candidatura","author":"GB","date":"08\/09\/2015","format":false,"excerpt":"El periodista deportivo y candidato a diputado del PRO en Provincia, Fernando Niembro, consider\u00f3 a Radio 10 que la denuncia por supuestas contrataciones irregulares forma parte de una \"campa\u00f1a sucia\" que se hace contra \u00e9l y recalc\u00f3 que no va a renunciar a su candidatura. \"No tengo nada que ocultar\",\u2026","rel":"","context":"En \u00abElecciones 2015\u00bb","block_context":{"text":"Elecciones 2015","link":"http:\/\/www.24baires.com\/?cat=74"},"img":{"alt_text":"niembro","src":"https:\/\/i0.wp.com\/www.24baires.com\/wp-content\/uploads\/2015\/09\/niembro.jpg?resize=350%2C200","width":350,"height":200,"srcset":"https:\/\/i0.wp.com\/www.24baires.com\/wp-content\/uploads\/2015\/09\/niembro.jpg?resize=350%2C200 1x, https:\/\/i0.wp.com\/www.24baires.com\/wp-content\/uploads\/2015\/09\/niembro.jpg?resize=525%2C300 1.5x"},"classes":[]},{"id":72215,"url":"http:\/\/www.24baires.com\/?p=72215","url_meta":{"origin":69267,"position":3},"title":"Finalmente Niembro declin\u00f3 su candidatura","author":"GB","date":"16\/09\/2015","format":false,"excerpt":"El periodista ya no se postular\u00e1 por el frente Cambiemos en la provincia de Buenos Aires, luego de que presentara este mediod\u00eda su renuncia en medio del esc\u00e1ndalo de las contrataciones millonarias entre una productora de su propiedad y el gobierno porte\u00f1o. El periodista deportivo Fernando Niembro renunci\u00f3 a su\u2026","rel":"","context":"En \u00abElecciones 2015\u00bb","block_context":{"text":"Elecciones 2015","link":"http:\/\/www.24baires.com\/?cat=74"},"img":{"alt_text":"fernando_niembro","src":"https:\/\/i0.wp.com\/www.24baires.com\/wp-content\/uploads\/2015\/07\/fernando_niembro.jpg?resize=350%2C200","width":350,"height":200,"srcset":"https:\/\/i0.wp.com\/www.24baires.com\/wp-content\/uploads\/2015\/07\/fernando_niembro.jpg?resize=350%2C200 1x, https:\/\/i0.wp.com\/www.24baires.com\/wp-content\/uploads\/2015\/07\/fernando_niembro.jpg?resize=525%2C300 1.5x"},"classes":[]},{"id":71886,"url":"http:\/\/www.24baires.com\/?p=71886","url_meta":{"origin":69267,"position":4},"title":"Stolbizer contra Macri: \u00ab\u00bfCu\u00e1ntos Niembros m\u00e1s tiene la Ciudad?\u00bb","author":"GB","date":"09\/09\/2015","format":false,"excerpt":"\"\u00bfCu\u00e1ntos Niembros m\u00e1s tiene el gobierno de CABA?\", se pregunt\u00f3 la candidata a presidenta de Progresistas, en referencia al acuerdo electoral que tienen Carri\u00f3 y el radicalismo con el PRO y las irregularidades como las detectadas en los contratos que involucraron al gobierno de la ciudad y al periodista. La\u2026","rel":"","context":"En \u00abElecciones 2015\u00bb","block_context":{"text":"Elecciones 2015","link":"http:\/\/www.24baires.com\/?cat=74"},"img":{"alt_text":"Stolbizer2","src":"https:\/\/i0.wp.com\/www.24baires.com\/wp-content\/uploads\/2014\/08\/Stolbizer2.jpg?resize=350%2C200","width":350,"height":200,"srcset":"https:\/\/i0.wp.com\/www.24baires.com\/wp-content\/uploads\/2014\/08\/Stolbizer2.jpg?resize=350%2C200 1x, https:\/\/i0.wp.com\/www.24baires.com\/wp-content\/uploads\/2014\/08\/Stolbizer2.jpg?resize=525%2C300 1.5x"},"classes":[]},{"id":71821,"url":"http:\/\/www.24baires.com\/?p=71821","url_meta":{"origin":69267,"position":5},"title":"\u00abQue Niembro d\u00e9 explicaciones o que Macri y Vidal no hablen m\u00e1s de corrupci\u00f3n\u00bb","author":"GB","date":"08\/09\/2015","format":false,"excerpt":"El candidato a gobernador bonaerense por UNA carg\u00f3 contra los principales referentes del macrismo en medio del mutismo que ese espacio adopt\u00f3 luego de que estallara el esc\u00e1ndalo que involucra a uno de sus candidatos. El candidato a gobernador bonerense por el frente Unidos por una Nueva Alternativa (UNA), Felipe\u2026","rel":"","context":"En \u00abPol\u00edtica\u00bb","block_context":{"text":"Pol\u00edtica","link":"http:\/\/www.24baires.com\/?cat=51"},"img":{"alt_text":"felipe sol\u00e1","src":"https:\/\/i0.wp.com\/www.24baires.com\/wp-content\/uploads\/2014\/07\/felipe-sol%C3%A1.jpg?resize=350%2C200","width":350,"height":200,"srcset":"https:\/\/i0.wp.com\/www.24baires.com\/wp-content\/uploads\/2014\/07\/felipe-sol%C3%A1.jpg?resize=350%2C200 1x, https:\/\/i0.wp.com\/www.24baires.com\/wp-content\/uploads\/2014\/07\/felipe-sol%C3%A1.jpg?resize=525%2C300 1.5x"},"classes":[]}],"jetpack_sharing_enabled":true,"jetpack_likes_enabled":true,"jetpack_featured_media_url":"","_links":{"self":[{"href":"http:\/\/www.24baires.com\/index.php?rest_route=\/wp\/v2\/posts\/69267","targetHints":{"allow":["GET"]}}],"collection":[{"href":"http:\/\/www.24baires.com\/index.php?rest_route=\/wp\/v2\/posts"}],"about":[{"href":"http:\/\/www.24baires.com\/index.php?rest_route=\/wp\/v2\/types\/post"}],"author":[{"embeddable":true,"href":"http:\/\/www.24baires.com\/index.php?rest_route=\/wp\/v2\/users\/11"}],"replies":[{"embeddable":true,"href":"http:\/\/www.24baires.com\/index.php?rest_route=%2Fwp%2Fv2%2Fcomments&post=69267"}],"version-history":[{"count":1,"href":"http:\/\/www.24baires.com\/index.php?rest_route=\/wp\/v2\/posts\/69267\/revisions"}],"predecessor-version":[{"id":69269,"href":"http:\/\/www.24baires.com\/index.php?rest_route=\/wp\/v2\/posts\/69267\/revisions\/69269"}],"wp:attachment":[{"href":"http:\/\/www.24baires.com\/index.php?rest_route=%2Fwp%2Fv2%2Fmedia&parent=69267"}],"wp:term":[{"taxonomy":"category","embeddable":true,"href":"http:\/\/www.24baires.com\/index.php?rest_route=%2Fwp%2Fv2%2Fcategories&post=69267"},{"taxonomy":"post_tag","embeddable":true,"href":"http:\/\/www.24baires.com\/index.php?rest_route=%2Fwp%2Fv2%2Ftags&post=69267"}],"curies":[{"name":"wp","href":"https:\/\/api.w.org\/{rel}","templated":true}]}}