{"id":69172,"date":"2015-07-16T19:21:07","date_gmt":"2015-07-16T22:21:07","guid":{"rendered":"http:\/\/www.24baires.com\/?p=69172"},"modified":"2015-07-17T10:36:26","modified_gmt":"2015-07-17T13:36:26","slug":"cristina-inauguro-tecnopolis-y-promulgo-la-ley-de-movilidad-de-las-auh","status":"publish","type":"post","link":"http:\/\/www.24baires.com\/?p=69172","title":{"rendered":"Cristina inaugur\u00f3 Tecn\u00f3polis y promulg\u00f3 la Ley de Movilidad de las AUH"},"content":{"rendered":"<p><img data-recalc-dims=\"1\" loading=\"lazy\" decoding=\"async\" class=\"aligncenter size-full wp-image-69174\" src=\"https:\/\/i0.wp.com\/www.24baires.com\/wp-content\/uploads\/2015\/07\/cristina-en-tecnopolis.jpg?resize=560%2C359\" alt=\"cristina en tecnopolis\" width=\"560\" height=\"359\" srcset=\"https:\/\/i0.wp.com\/www.24baires.com\/wp-content\/uploads\/2015\/07\/cristina-en-tecnopolis.jpg?w=560 560w, https:\/\/i0.wp.com\/www.24baires.com\/wp-content\/uploads\/2015\/07\/cristina-en-tecnopolis.jpg?resize=300%2C192 300w\" sizes=\"auto, (max-width: 560px) 100vw, 560px\" \/><\/p>\n<p>La Presidenta consider\u00f3 que \u201cen toda \u00e9poca de crisis global, el Estado tiene que tomar medidas contra c\u00edclicas para que el consumo contin\u00fae siendo efectivo\u201d. La jefa de Estado inaugur\u00f3 otra edici\u00f3n de Tecn\u00f3polis, donde promulg\u00f3 la ley de Movilidad de las AUH.<!--more--><\/p>\n<p>La ceremonia se lleva a cabo en en el predio de la avenida General Paz y San Mart\u00edn, de Villa Martelli, partido de Vicente L\u00f3pez, con la asistencia de integrantes del gabinete nacional y otras autoridades, as\u00ed como representantes de entidades vinculadas a la ciencia y la tecnolog\u00eda e invitados especiales.<\/p>\n<p>Posteriormente, la jefa de Estado viajar\u00e1 a Brasilia para participar de la 48 Cumbre del Mercosur, donde se impulsar\u00e1 el ingreso formal de Bolivia como miembro pleno del bloque.<\/p>\n<p>Al final de la cumbre, Paraguay asumir\u00e1 la presidencia pro t\u00e9mpore, rol que no ocupaba desde su reingreso al Mercosur.<\/p>\n","protected":false},"excerpt":{"rendered":"<p>La Presidenta consider\u00f3 que \u201cen toda \u00e9poca de crisis global, el Estado tiene que tomar medidas contra c\u00edclicas para que el consumo contin\u00fae siendo efectivo\u201d. La jefa de Estado inaugur\u00f3 otra edici\u00f3n de Tecn\u00f3polis, donde promulg\u00f3 la ley de Movilidad de las AUH.<\/p>\n","protected":false},"author":11,"featured_media":0,"comment_status":"open","ping_status":"open","sticky":false,"template":"","format":"standard","meta":{"_jetpack_newsletter_access":"","_jetpack_dont_email_post_to_subs":false,"_jetpack_newsletter_tier_id":0,"_jetpack_memberships_contains_paywalled_content":false,"_jetpack_memberships_contains_paid_content":false,"footnotes":""},"categories":[51],"tags":[],"class_list":["post-69172","post","type-post","status-publish","format-standard","hentry","category-politica"],"jetpack_shortlink":"https:\/\/wp.me\/p2JWE0-hZG","jetpack-related-posts":[{"id":28131,"url":"http:\/\/www.24baires.com\/?p=28131","url_meta":{"origin":69172,"position":0},"title":"La Presidenta inaugur\u00f3 Tecn\u00f3polis: \u201cEsta debe ser la muestra del futuro y del presente\u00bb","author":"Grupo Sierra","date":"12\/07\/2013","format":false,"excerpt":"VILLA MARTELLI.- Lo afirm\u00f3 la presidenta Cristina Fern\u00e1ndez de Kirchner al encabezar el acto de reapertura de la tercera edici\u00f3n de la megamuestra de ciencia y tecnolog\u00eda Tecn\u00f3polis. La Presidenta reivindic\u00f3 el hecho de seguir \"sumando m\u00e1s valor y m\u00e1s ciencia para que haya m\u00e1s y mejor trabajo para los\u2026","rel":"","context":"En \u00abGeneral\u00bb","block_context":{"text":"General","link":"http:\/\/www.24baires.com\/?cat=67"},"img":{"alt_text":"","src":"https:\/\/i0.wp.com\/www.24baires.com\/wp-content\/uploads\/2013\/07\/tecnopolis-3ra.jpg?resize=350%2C200","width":350,"height":200,"srcset":"https:\/\/i0.wp.com\/www.24baires.com\/wp-content\/uploads\/2013\/07\/tecnopolis-3ra.jpg?resize=350%2C200 1x, https:\/\/i0.wp.com\/www.24baires.com\/wp-content\/uploads\/2013\/07\/tecnopolis-3ra.jpg?resize=525%2C300 1.5x"},"classes":[]},{"id":58564,"url":"http:\/\/www.24baires.com\/?p=58564","url_meta":{"origin":69172,"position":1},"title":"Sileoni destac\u00f3 que \u00abhay 100 mil chicos m\u00e1s en las escuelas por la AUH\u00bb","author":"GB","date":"13\/12\/2014","format":false,"excerpt":"El ministro de Educaci\u00f3n anticip\u00f3 esta ma\u00f1ana aspectos del balance de la gesti\u00f3n educativa nacional poco antes de comenzar el Encuentro \"Patria Educativa\" con la presencia de unos 2.500 docentes en el microestadio de Tecn\u00f3polis y junto con el jefe de Gabinete, Jorge Capitanich y su par de Trabajo, Carlos\u2026","rel":"","context":"En \u00abGeneral\u00bb","block_context":{"text":"General","link":"http:\/\/www.24baires.com\/?cat=67"},"img":{"alt_text":"partido argentina escuela","src":"https:\/\/i0.wp.com\/www.24baires.com\/wp-content\/uploads\/2014\/06\/partido-argentina-escuela.jpg?resize=350%2C200","width":350,"height":200,"srcset":"https:\/\/i0.wp.com\/www.24baires.com\/wp-content\/uploads\/2014\/06\/partido-argentina-escuela.jpg?resize=350%2C200 1x, https:\/\/i0.wp.com\/www.24baires.com\/wp-content\/uploads\/2014\/06\/partido-argentina-escuela.jpg?resize=525%2C300 1.5x"},"classes":[]},{"id":85123,"url":"http:\/\/www.24baires.com\/?p=85123","url_meta":{"origin":69172,"position":2},"title":"Inauguraron una nueva edici\u00f3n de Tecn\u00f3polis","author":"AF","date":"19\/07\/2016","format":false,"excerpt":"El Presidente Mauricio Macri afirm\u00f3 que la muestra Tecn\u00f3polis 2016 buscar\u00e1 \"unir a los argentinos\" a partir del recorrido de \"este lugar maravilloso\" al que el Gobierno se propuso \"conservarlo, mejorarlo y potenciarlo\". El presidente Mauricio Macri inaugur\u00f3 hoy oficialmente la edici\u00f3n 2016 de Tecn\u00f3polis, la feria de ciencia y\u2026","rel":"","context":"En \u00abSociedad\u00bb","block_context":{"text":"Sociedad","link":"http:\/\/www.24baires.com\/?cat=1"},"img":{"alt_text":"","src":"https:\/\/i0.wp.com\/www.24baires.com\/wp-content\/uploads\/2016\/07\/macri-tecnopolis.jpg?resize=350%2C200","width":350,"height":200,"srcset":"https:\/\/i0.wp.com\/www.24baires.com\/wp-content\/uploads\/2016\/07\/macri-tecnopolis.jpg?resize=350%2C200 1x, https:\/\/i0.wp.com\/www.24baires.com\/wp-content\/uploads\/2016\/07\/macri-tecnopolis.jpg?resize=525%2C300 1.5x"},"classes":[]},{"id":117232,"url":"http:\/\/www.24baires.com\/?p=117232","url_meta":{"origin":69172,"position":3},"title":"Las jubilaciones aumentar\u00e1n 8,07% en marzo y sumar\u00edan un bono","author":"AF","date":"24\/02\/2021","format":false,"excerpt":"El presidente Alberto Fern\u00e1ndez lo anunciar\u00eda este jueves en Corrientes. El haber m\u00ednimo pasar\u00e1 a $20.571. La nueva ley de movilidad jubilatoria debuta en marzo con un incremento del 8,07% para las jubilaciones, lo que elevar\u00e1 el haber m\u00ednimo de 19.035 pesos a 20.571 pesos. El alza ser\u00e1 inferior a\u2026","rel":"","context":"En \u00abSociedad\u00bb","block_context":{"text":"Sociedad","link":"http:\/\/www.24baires.com\/?cat=1"},"img":{"alt_text":"","src":"https:\/\/i0.wp.com\/www.24baires.com\/wp-content\/uploads\/2020\/04\/jubilados.jpg?resize=350%2C200","width":350,"height":200,"srcset":"https:\/\/i0.wp.com\/www.24baires.com\/wp-content\/uploads\/2020\/04\/jubilados.jpg?resize=350%2C200 1x, https:\/\/i0.wp.com\/www.24baires.com\/wp-content\/uploads\/2020\/04\/jubilados.jpg?resize=525%2C300 1.5x"},"classes":[]},{"id":67615,"url":"http:\/\/www.24baires.com\/?p=67615","url_meta":{"origin":69172,"position":4},"title":"An\u00edbal conf\u00eda en una r\u00e1pida actualizaci\u00f3n de asignaciones","author":"AF","date":"16\/06\/2015","format":false,"excerpt":"El jefe de Gabinete. An\u00edbal Fern\u00e1ndez, destac\u00f3 hoy el env\u00edo por parte del Gobierno del proyecto de ley para actualizar en forma autom\u00e1tica las asignaciones familiares, la Asignaci\u00f3n Universal por Hijo (AUH) y la asignaci\u00f3n por embarazo. \"A m\u00ed me da la sensaci\u00f3n que es un proyecto de tr\u00e1mite muy\u2026","rel":"","context":"En \u00abSociedad\u00bb","block_context":{"text":"Sociedad","link":"http:\/\/www.24baires.com\/?cat=1"},"img":{"alt_text":"anibal conferencia","src":"https:\/\/i0.wp.com\/www.24baires.com\/wp-content\/uploads\/2015\/04\/anibal-conferencia.jpg?resize=350%2C200","width":350,"height":200,"srcset":"https:\/\/i0.wp.com\/www.24baires.com\/wp-content\/uploads\/2015\/04\/anibal-conferencia.jpg?resize=350%2C200 1x, https:\/\/i0.wp.com\/www.24baires.com\/wp-content\/uploads\/2015\/04\/anibal-conferencia.jpg?resize=525%2C300 1.5x"},"classes":[]},{"id":117017,"url":"http:\/\/www.24baires.com\/?p=117017","url_meta":{"origin":69172,"position":5},"title":"Alberto Fern\u00e1ndez promulgar\u00e1 el aborto legal con un acto en el Museo del Bicentenario","author":"AF","date":"13\/01\/2021","format":false,"excerpt":"El presidente Alberto Fern\u00e1ndez promulgar\u00e1 ma\u00f1ana la ley que autoriza la Interrupci\u00f3n Voluntaria del Embarazo (IVE) durante un acto en el Museo del Bicentenario, luego de que el proyecto haya sido sancionado durante la madrugada del 30 de diciembre pasado en el Senado. Durante el evento, que comenzar\u00e1 a las\u2026","rel":"","context":"En \u00abSociedad\u00bb","block_context":{"text":"Sociedad","link":"http:\/\/www.24baires.com\/?cat=1"},"img":{"alt_text":"","src":"https:\/\/i0.wp.com\/www.24baires.com\/wp-content\/uploads\/2020\/01\/alberto-aborto.jpg?resize=350%2C200","width":350,"height":200,"srcset":"https:\/\/i0.wp.com\/www.24baires.com\/wp-content\/uploads\/2020\/01\/alberto-aborto.jpg?resize=350%2C200 1x, https:\/\/i0.wp.com\/www.24baires.com\/wp-content\/uploads\/2020\/01\/alberto-aborto.jpg?resize=525%2C300 1.5x"},"classes":[]}],"jetpack_sharing_enabled":true,"jetpack_likes_enabled":true,"jetpack_featured_media_url":"","_links":{"self":[{"href":"http:\/\/www.24baires.com\/index.php?rest_route=\/wp\/v2\/posts\/69172","targetHints":{"allow":["GET"]}}],"collection":[{"href":"http:\/\/www.24baires.com\/index.php?rest_route=\/wp\/v2\/posts"}],"about":[{"href":"http:\/\/www.24baires.com\/index.php?rest_route=\/wp\/v2\/types\/post"}],"author":[{"embeddable":true,"href":"http:\/\/www.24baires.com\/index.php?rest_route=\/wp\/v2\/users\/11"}],"replies":[{"embeddable":true,"href":"http:\/\/www.24baires.com\/index.php?rest_route=%2Fwp%2Fv2%2Fcomments&post=69172"}],"version-history":[{"count":1,"href":"http:\/\/www.24baires.com\/index.php?rest_route=\/wp\/v2\/posts\/69172\/revisions"}],"predecessor-version":[{"id":69175,"href":"http:\/\/www.24baires.com\/index.php?rest_route=\/wp\/v2\/posts\/69172\/revisions\/69175"}],"wp:attachment":[{"href":"http:\/\/www.24baires.com\/index.php?rest_route=%2Fwp%2Fv2%2Fmedia&parent=69172"}],"wp:term":[{"taxonomy":"category","embeddable":true,"href":"http:\/\/www.24baires.com\/index.php?rest_route=%2Fwp%2Fv2%2Fcategories&post=69172"},{"taxonomy":"post_tag","embeddable":true,"href":"http:\/\/www.24baires.com\/index.php?rest_route=%2Fwp%2Fv2%2Ftags&post=69172"}],"curies":[{"name":"wp","href":"https:\/\/api.w.org\/{rel}","templated":true}]}}