{"id":69170,"date":"2015-07-16T20:30:02","date_gmt":"2015-07-16T23:30:02","guid":{"rendered":"http:\/\/www.24baires.com\/?p=69170"},"modified":"2015-07-16T19:01:09","modified_gmt":"2015-07-16T22:01:09","slug":"para-montenegro-es-poco-serio-que-se-discuta-cuanto-costo-el-operativo-en-el-sur","status":"publish","type":"post","link":"http:\/\/www.24baires.com\/?p=69170","title":{"rendered":"Para Montenegro \u00abes poco serio\u00bb que se discuta cu\u00e1nto cost\u00f3 el operativo en el sur"},"content":{"rendered":"<p><img data-recalc-dims=\"1\" loading=\"lazy\" decoding=\"async\" class=\"aligncenter  wp-image-22739\" src=\"https:\/\/i0.wp.com\/www.24baires.com\/wp-content\/uploads\/2013\/05\/montenegro-represion.jpg?resize=558%2C320\" alt=\"montenegro represion\" width=\"558\" height=\"320\" srcset=\"https:\/\/i0.wp.com\/www.24baires.com\/wp-content\/uploads\/2013\/05\/montenegro-represion.jpg?w=530 530w, https:\/\/i0.wp.com\/www.24baires.com\/wp-content\/uploads\/2013\/05\/montenegro-represion.jpg?resize=300%2C172 300w\" sizes=\"auto, (max-width: 558px) 100vw, 558px\" \/><\/p>\n<p>El ministro de Justicia y Seguridad de la ciudad de Buenos Aires argument\u00f3 que las fuerzas policiales son auxiliares del juez y este quien decide cu\u00e1l debe intervenir. Adem\u00e1s, consider\u00f3 \u00abdescabellado\u00bb que la polic\u00eda tenga que mandarle una factura a la Justicia donde conste el valor del procedimiento.<!--more--><\/p>\n<p>Luego de la pol\u00e9mica que se desat\u00f3 por los allanamientos en las oficinas de M\u00e1ximo Kirchner en el sur, donde intervino la Polic\u00eda Metropolitana por orden del juez Claudio Bonadio, el ministro de Justicia y Seguridad de la ciudad de Buenos Aires, Guillermo Montenegro, opin\u00f3 al respecto. En ese sentido, explic\u00f3 que es el juez quien decide qu\u00e9 fuerza va a intervenir.<\/p>\n<p>En una entrevista con el programa \u00abCasi Despierto\u00bb cuestion\u00f3 a quienes sostienen que el operativo fue financiado con fondos p\u00fablicos de la Ciudad y agreg\u00f3: \u00abMe resulta poco serio que se est\u00e9 discutiendo cuanto cost\u00f3 el operativo\u00bb. Luego, explic\u00f3 que \u00ablas fuerzas polic\u00edas son auxiliares de la Justicia, el director de la investigaciones es el juez y es quien decide la fuerza que va a intervenir\u00bb.<\/p>\n<p>En consecuencia se\u00f1al\u00f3 que \u00abes poco serio\u00bb que la preocupaci\u00f3n sea cu\u00e1nto se gast\u00f3 y no \u00ablo que se a buscar al procedimiento\u00bb. A partir de esta pol\u00e9mica, sostuvo: \u00abQue la polic\u00eda tenga que mandarle una factura a la justicia es descabellado. Si a mi como juez federal, la polic\u00eda me mandaba una factura, me hubiera parecido de locos\u00bb. Tambi\u00e9n, aclar\u00f3 por qu\u00e9 la Metropolitana utiliz\u00f3 los servicios de una compa\u00f1\u00eda de viajes para trasladarse hasta el lugar: \u00abSe us\u00f3 la empresa Furlong Fox porque es la que tiene la licitaci\u00f3n ganada. Es mucho m\u00e1s barato cuando hay un caso puntual de estas caracter\u00edstica se alquile un colectivo de larga distancia porque no tiene sentido tener uno propio\u00bb.<\/p>\n<p>Por \u00faltimo, hizo referencia al caso de Agust\u00edn Merrero, el ni\u00f1\u00f3 de 5 a\u00f1os que falleci\u00f3 presuntamente a causa de los golpes de su padrastro, por lo que se apart\u00f3 de su cargo a la maestra y a la directora de su jard\u00edn e indic\u00f3: \u00abLo he hablado con Esteban Bullrrich y fue muy claro sobre las se\u00f1ales claras que hab\u00edan tenido las docentes sobre la situaci\u00f3n cr\u00edtica del chiquito, lo hab\u00edan dejando registrado y no hab\u00edan dado aviso\u00bb. Asimismo, \u00f1adi\u00f3 que hab\u00edan tomado nota de esta situaci\u00f3n y no lo hab\u00edan comunicado como corresponde para poder evitarlo.<\/p>\n<p>&nbsp;<\/p>\n<p>&nbsp;<\/p>\n<p>&nbsp;<\/p>\n<p>&nbsp;<\/p>\n<p>&nbsp;<\/p>\n","protected":false},"excerpt":{"rendered":"<p>El ministro de Justicia y Seguridad de la ciudad de Buenos Aires argument\u00f3 que las fuerzas policiales son auxiliares del juez y este quien decide cu\u00e1l debe intervenir. Adem\u00e1s, consider\u00f3 \u00abdescabellado\u00bb que la polic\u00eda tenga que mandarle una factura a la Justicia donde conste el valor del procedimiento.<\/p>\n","protected":false},"author":11,"featured_media":0,"comment_status":"open","ping_status":"open","sticky":false,"template":"","format":"standard","meta":{"_jetpack_newsletter_access":"","_jetpack_dont_email_post_to_subs":false,"_jetpack_newsletter_tier_id":0,"_jetpack_memberships_contains_paywalled_content":false,"_jetpack_memberships_contains_paid_content":false,"footnotes":""},"categories":[51],"tags":[],"class_list":["post-69170","post","type-post","status-publish","format-standard","hentry","category-politica"],"jetpack_shortlink":"https:\/\/wp.me\/p2JWE0-hZE","jetpack-related-posts":[{"id":119832,"url":"http:\/\/www.24baires.com\/?p=119832","url_meta":{"origin":69170,"position":0},"title":"Piden investigar la responsabilidad penal de la Polic\u00eda porte\u00f1a en el atentado a Cristina","author":"AF","date":"24\/02\/2023","format":false,"excerpt":"Mediante un escrito de 28 p\u00e1ginas, los abogados de la Vicepresidenta solicitaron al fiscal de la causa indagar sobre la actuaci\u00f3n de la fuerza de la Ciudad de Buenos Aires en el hecho intento de magnicidio del pasado 1 de septiembre. La querella de la vicepresidenta Cristina Fern\u00e1ndez de Kirchner\u2026","rel":"","context":"En \u00abJUDICIALES\u00bb","block_context":{"text":"JUDICIALES","link":"http:\/\/www.24baires.com\/?cat=68"},"img":{"alt_text":"","src":"https:\/\/i0.wp.com\/www.24baires.com\/wp-content\/uploads\/2023\/02\/cfk-atentado.jpg?resize=350%2C200","width":350,"height":200,"srcset":"https:\/\/i0.wp.com\/www.24baires.com\/wp-content\/uploads\/2023\/02\/cfk-atentado.jpg?resize=350%2C200 1x, https:\/\/i0.wp.com\/www.24baires.com\/wp-content\/uploads\/2023\/02\/cfk-atentado.jpg?resize=525%2C300 1.5x, https:\/\/i0.wp.com\/www.24baires.com\/wp-content\/uploads\/2023\/02\/cfk-atentado.jpg?resize=700%2C400 2x, https:\/\/i0.wp.com\/www.24baires.com\/wp-content\/uploads\/2023\/02\/cfk-atentado.jpg?resize=1050%2C600 3x"},"classes":[]},{"id":116914,"url":"http:\/\/www.24baires.com\/?p=116914","url_meta":{"origin":69170,"position":1},"title":"Kicillof lanza el Operativo Sol 2021 con Berni y Montenegro","author":"GB","date":"21\/12\/2020","format":false,"excerpt":"El gobernador, Axel Kicillof, lanza desde Mar del Plata el Operativo Sol 2021 en la provincia de Buenos Aires. El gobernador de la provincia de Buenos Aires, Axel Kicillof, lanza este lunes 21 de diciembre el inicio del Operativo Sol 2021 desde Mar del Plata. El acto contar\u00e1 con la\u2026","rel":"","context":"En \u00abProvincia\u00bb","block_context":{"text":"Provincia","link":"http:\/\/www.24baires.com\/?cat=40"},"img":{"alt_text":"","src":"https:\/\/i0.wp.com\/www.24baires.com\/wp-content\/uploads\/2020\/04\/kicillof.jpg?resize=350%2C200","width":350,"height":200,"srcset":"https:\/\/i0.wp.com\/www.24baires.com\/wp-content\/uploads\/2020\/04\/kicillof.jpg?resize=350%2C200 1x, https:\/\/i0.wp.com\/www.24baires.com\/wp-content\/uploads\/2020\/04\/kicillof.jpg?resize=525%2C300 1.5x"},"classes":[]},{"id":112265,"url":"http:\/\/www.24baires.com\/?p=112265","url_meta":{"origin":69170,"position":2},"title":"Coca\u00edna en Ezeiza: detuvieron a tres agentes de la Polic\u00eda de Seguridad Aeroportuaria","author":"GB","date":"27\/09\/2019","format":false,"excerpt":"La Justicia orden\u00f3 la detenci\u00f3n de tres efectivos e investigan su connivencia con los narcos. Ya son 16 detenidos. La Justicia orden\u00f3 la detenci\u00f3n de tres efectivos de la Polic\u00eda de Seguridad Aeron\u00e1utica (PSA), en el marco de la investigaci\u00f3n por el secuestro de m\u00e1s de 250 kilos de coca\u00edna\u2026","rel":"","context":"En \u00abSociedad\u00bb","block_context":{"text":"Sociedad","link":"http:\/\/www.24baires.com\/?cat=1"},"img":{"alt_text":"","src":"https:\/\/i0.wp.com\/www.24baires.com\/wp-content\/uploads\/2014\/09\/ezeiza.jpg?resize=350%2C200","width":350,"height":200,"srcset":"https:\/\/i0.wp.com\/www.24baires.com\/wp-content\/uploads\/2014\/09\/ezeiza.jpg?resize=350%2C200 1x, https:\/\/i0.wp.com\/www.24baires.com\/wp-content\/uploads\/2014\/09\/ezeiza.jpg?resize=525%2C300 1.5x"},"classes":[]},{"id":116351,"url":"http:\/\/www.24baires.com\/?p=116351","url_meta":{"origin":69170,"position":3},"title":"Cafiero asegura que \u00abno est\u00e1 en estudio\u00bb el uso de las Taser en las fuerzas federales","author":"AF","date":"29\/09\/2020","format":false,"excerpt":"El jefe de Gabinete asegur\u00f3 que tanto la Ciudad de Buenos Aires como las provincias tienen autonom\u00eda suficiente para decidir el uso de las pistolas Taser y que las fuerzas federales se mueven con sus propios protocolos y normas. El jefe de Gabinete, Santiago Cafiero, asegur\u00f3 hoy que la utilizaci\u00f3n\u2026","rel":"","context":"En \u00abSociedad\u00bb","block_context":{"text":"Sociedad","link":"http:\/\/www.24baires.com\/?cat=1"},"img":{"alt_text":"","src":"https:\/\/i0.wp.com\/www.24baires.com\/wp-content\/uploads\/2020\/07\/cafiero.jpg?resize=350%2C200","width":350,"height":200,"srcset":"https:\/\/i0.wp.com\/www.24baires.com\/wp-content\/uploads\/2020\/07\/cafiero.jpg?resize=350%2C200 1x, https:\/\/i0.wp.com\/www.24baires.com\/wp-content\/uploads\/2020\/07\/cafiero.jpg?resize=525%2C300 1.5x"},"classes":[]},{"id":119934,"url":"http:\/\/www.24baires.com\/?p=119934","url_meta":{"origin":69170,"position":4},"title":"Allanaron la sede central de Edesur y secuestraron documentaci\u00f3n","author":"AF","date":"23\/03\/2023","format":false,"excerpt":"Es en el marco de una denuncia por un masivo corte del suministro el\u00e9ctrico en varias localidades de zona sur el 10 de febrero pasado. El juez Kreplak orden\u00f3 operativos con la Polic\u00eda Federal para buscar documentaci\u00f3n. La Justicia federal de Lomas de Zamora dispuso hoy el secuestro de documentaci\u00f3n\u2026","rel":"","context":"En \u00abProvincia\u00bb","block_context":{"text":"Provincia","link":"http:\/\/www.24baires.com\/?cat=40"},"img":{"alt_text":"","src":"https:\/\/i0.wp.com\/www.24baires.com\/wp-content\/uploads\/2023\/03\/edesur.jpg?resize=350%2C200","width":350,"height":200,"srcset":"https:\/\/i0.wp.com\/www.24baires.com\/wp-content\/uploads\/2023\/03\/edesur.jpg?resize=350%2C200 1x, https:\/\/i0.wp.com\/www.24baires.com\/wp-content\/uploads\/2023\/03\/edesur.jpg?resize=525%2C300 1.5x, https:\/\/i0.wp.com\/www.24baires.com\/wp-content\/uploads\/2023\/03\/edesur.jpg?resize=700%2C400 2x, https:\/\/i0.wp.com\/www.24baires.com\/wp-content\/uploads\/2023\/03\/edesur.jpg?resize=1050%2C600 3x"},"classes":[]},{"id":122781,"url":"http:\/\/www.24baires.com\/?p=122781","url_meta":{"origin":69170,"position":5},"title":"Naci\u00f3n va a apelar la decisi\u00f3n judicial que dej\u00f3 sin efecto el protocolo antipiquetes","author":"GB","date":"30\/12\/2025","format":false,"excerpt":"La ministra de Seguridad defendi\u00f3 la medida anulada por la Justicia federal y anunci\u00f3 que el Ejecutivo recurrir\u00e1 el fallo que suspendi\u00f3 el protocolo antipiquetes. Luego de que la Justicia federal declarara la inconstitucionalidad del denominado \u201cprotocolo antipiquetes\u201d, el Gobierno nacional sali\u00f3 a marcar postura y confirm\u00f3 que apelar\u00e1 la\u2026","rel":"","context":"En \u00abPol\u00edtica\u00bb","block_context":{"text":"Pol\u00edtica","link":"http:\/\/www.24baires.com\/?cat=51"},"img":{"alt_text":"","src":"https:\/\/i0.wp.com\/www.24baires.com\/wp-content\/uploads\/2025\/12\/protocoloantipiquetes2.jpeg.webp?resize=350%2C200","width":350,"height":200,"srcset":"https:\/\/i0.wp.com\/www.24baires.com\/wp-content\/uploads\/2025\/12\/protocoloantipiquetes2.jpeg.webp?resize=350%2C200 1x, https:\/\/i0.wp.com\/www.24baires.com\/wp-content\/uploads\/2025\/12\/protocoloantipiquetes2.jpeg.webp?resize=525%2C300 1.5x, https:\/\/i0.wp.com\/www.24baires.com\/wp-content\/uploads\/2025\/12\/protocoloantipiquetes2.jpeg.webp?resize=700%2C400 2x"},"classes":[]}],"jetpack_sharing_enabled":true,"jetpack_likes_enabled":true,"jetpack_featured_media_url":"","_links":{"self":[{"href":"http:\/\/www.24baires.com\/index.php?rest_route=\/wp\/v2\/posts\/69170","targetHints":{"allow":["GET"]}}],"collection":[{"href":"http:\/\/www.24baires.com\/index.php?rest_route=\/wp\/v2\/posts"}],"about":[{"href":"http:\/\/www.24baires.com\/index.php?rest_route=\/wp\/v2\/types\/post"}],"author":[{"embeddable":true,"href":"http:\/\/www.24baires.com\/index.php?rest_route=\/wp\/v2\/users\/11"}],"replies":[{"embeddable":true,"href":"http:\/\/www.24baires.com\/index.php?rest_route=%2Fwp%2Fv2%2Fcomments&post=69170"}],"version-history":[{"count":1,"href":"http:\/\/www.24baires.com\/index.php?rest_route=\/wp\/v2\/posts\/69170\/revisions"}],"predecessor-version":[{"id":69171,"href":"http:\/\/www.24baires.com\/index.php?rest_route=\/wp\/v2\/posts\/69170\/revisions\/69171"}],"wp:attachment":[{"href":"http:\/\/www.24baires.com\/index.php?rest_route=%2Fwp%2Fv2%2Fmedia&parent=69170"}],"wp:term":[{"taxonomy":"category","embeddable":true,"href":"http:\/\/www.24baires.com\/index.php?rest_route=%2Fwp%2Fv2%2Fcategories&post=69170"},{"taxonomy":"post_tag","embeddable":true,"href":"http:\/\/www.24baires.com\/index.php?rest_route=%2Fwp%2Fv2%2Ftags&post=69170"}],"curies":[{"name":"wp","href":"https:\/\/api.w.org\/{rel}","templated":true}]}}