{"id":69130,"date":"2015-07-16T10:48:34","date_gmt":"2015-07-16T13:48:34","guid":{"rendered":"http:\/\/www.24baires.com\/?p=69130"},"modified":"2015-07-17T10:36:00","modified_gmt":"2015-07-17T13:36:00","slug":"anibal-si-bonadio-pedia-plata-a-la-corte-para-este-show-no-se-la-daba","status":"publish","type":"post","link":"http:\/\/www.24baires.com\/?p=69130","title":{"rendered":"An\u00edbal: \u00abSi Bonadio ped\u00eda plata a la Corte para este show no se la daba\u00bb"},"content":{"rendered":"<p><a href=\"https:\/\/i0.wp.com\/www.24baires.com\/wp-content\/uploads\/2015\/07\/wpid-wp-1437054377060.jpeg\"><img data-recalc-dims=\"1\" loading=\"lazy\" decoding=\"async\" class=\"  aligncenter\" title=\"wp-1437054377060\" src=\"https:\/\/i0.wp.com\/www.24baires.com\/wp-content\/uploads\/2015\/07\/wpid-wp-1437054377060.jpeg?resize=557%2C370\" alt=\"image\" width=\"557\" height=\"370\" \/><\/a><\/p>\n<p>El jefe de Gabinete, An\u00edbal Fern\u00e1ndez, acus\u00f3 esta ma\u00f1ana al l\u00edder del PRO y precandidato a presidente Mauricio Macri de \u00abfinanciar operaciones\u00bb pol\u00edticas contra el oficialismo y sostuvo que el Gobierno porte\u00f1o gast\u00f3 \u00ab450 mil\u00bb pesos en un operativo ordenado por el juez federal Claudio Bonadio en Santa Cruz.<!--more--><\/p>\n<p>El jefe de Gabinete, An\u00edbal Fern\u00e1ndez, acuso al jefe de Gobierno porte\u00f1o Mauricio Macri de \u201cfabulador\u201d, de \u00abocultador\u00bb y revel\u00f3 que el operativo policial de la Metropolitana en R\u00edo Gallegos, que orden\u00f3 el juez Claudio Bonadio contra el candidato santacruce\u00f1o M\u00e1ximo Kirchner, le cost\u00f3 a la ciudad de Buenos Aires 450 mil pesos.<\/p>\n<p>El jefe de ministros sostuvo en Casa de Gobierno que si el juez Bonadio \u201chubiese solicitado al \u00e1rea espec\u00edfica de la Corte Suprema de Justicia para que financiara el viaje, le hubiesen dicho que no, porque en R\u00edo Gallegos hay tres fuerzas federales que pueden llevar a cabo ese pedido de informaci\u00f3n y no lo hizo porque est\u00e1n buscando un show, y Macri est\u00e1 en el medio\u201d.<\/p>\n<p>La c\u00e9dula judicial de Bonadio estuvo relacionada con la investigaci\u00f3n que lleva adelante el juzgado sobre cuestiones administrativas de la empresa Hotesur, radicada en la provincia de Santa Cruz.<\/p>\n<p>A\u00f1adi\u00f3 que el jefe de Gabinete porte\u00f1o, Horacio Rodr\u00edguez Larreta, reconoci\u00f3 que \u201cel operativo costo 450 mil pesos\u201d.<\/p>\n<p>\u00ab\u00a1Que linda que es la cosa!. En plena campa\u00f1a electoral uno de los candidatos financia operaciones llevando a su polic\u00eda una provincia a 2.600 kil\u00f3metros, m\u00e1s los d\u00edas que estuvieron\u201d, sostuvo Fern\u00e1ndez.<\/p>\n<p>Para el funcionario nacional se trat\u00f3 de una \u201coperaci\u00f3n\u201d y se\u00f1al\u00f3 que \u00abes una decisi\u00f3n de un juez sobre una causa que estaba parada hace seis meses y lo hace 17 d\u00edas h\u00e1biles antes de las PASO y en ning\u00fan pa\u00eds del mundo alguien serio toma decisiones como esta, que es inocua, porque no tiene otra cosa que buscar. Una pericia que se puede hacer en cualquier momento, nadie dice que no se haga\u201d.<\/p>\n<p>Seg\u00fan el jefe de Gabinete, Macri es el \u201cresponsable de haber hecho un gesto de estas caracter\u00edsticas financiado por la ciudad\u201d, y se pregunt\u00f3 \u201c\u00bfque tiene que hacer la ciudad metida en un acuerdo de estas caracter\u00edsticas?. Entonces, s\u00ed tiene valor electoral, est\u00e1 metido el fabulador: es el jefe de la Ciudad Aut\u00f3noma; mejor dicho ocultador, porque pag\u00f3 y se hizo el tonto como perro que volte\u00f3 la olla\u00bb.<\/p>\n<p>La participaci\u00f3n de la Metropolitana en el operativo judicial en Hotesur, hecho por el cual el gobierno responsabiliza a Macri, se suma a otras denuncias contra la administraci\u00f3n porte\u00f1a.<\/p>\n<p>En los \u00faltimos diez d\u00edas, el candidato a jefe de Gobierno de ECO, Mart\u00edn Lousteau, afirm\u00f3 que hubo encuestas telef\u00f3nicas donde le preguntaban a los porte\u00f1os si estaban de acuerdo con que se realice el balotaje y calific\u00f3 lo ocurrido como una \u00aboperaci\u00f3n\u00bb del macrismo.<\/p>\n<p>Asimismo, Macri ya fue denunciado por haber orquestado una \u00aboperaci\u00f3n\u00bb similar en la anterior elecci\u00f3n a jefe de Gobierno contra el Frente para la Victoria, cuando en otra encuesta telef\u00f3nica se afirmaba falsamente que el padre de Daniel Filmus trabajaba como arquitecto para Sergio Schoklender en una empresa de construcci\u00f3n de viviendas.<\/p>\n","protected":false},"excerpt":{"rendered":"<p>El jefe de Gabinete, An\u00edbal Fern\u00e1ndez, acus\u00f3 esta ma\u00f1ana al l\u00edder del PRO y precandidato a presidente Mauricio Macri de \u00abfinanciar operaciones\u00bb pol\u00edticas contra el oficialismo y sostuvo que el Gobierno porte\u00f1o gast\u00f3 \u00ab450 mil\u00bb pesos en un operativo ordenado por el juez federal Claudio Bonadio en Santa Cruz.<\/p>\n","protected":false},"author":4,"featured_media":0,"comment_status":"open","ping_status":"open","sticky":false,"template":"","format":"standard","meta":{"_jetpack_newsletter_access":"","_jetpack_dont_email_post_to_subs":false,"_jetpack_newsletter_tier_id":0,"_jetpack_memberships_contains_paywalled_content":false,"_jetpack_memberships_contains_paid_content":false,"footnotes":""},"categories":[51],"tags":[],"class_list":["post-69130","post","type-post","status-publish","format-standard","hentry","category-politica"],"jetpack_shortlink":"https:\/\/wp.me\/p2JWE0-hZ0","jetpack-related-posts":[{"id":104517,"url":"http:\/\/www.24baires.com\/?p=104517","url_meta":{"origin":69130,"position":0},"title":"Bonadio dict\u00f3 la privisi\u00f3n preventiva para CFK y la embarg\u00f3 por 4 mil millones","author":"AF","date":"17\/09\/2018","format":false,"excerpt":"El pedido de desafuero, en tanto, qued\u00f3 sujeto a la confirmaci\u00f3n de la C\u00e1mara Federal. Junto al procesamiento, el juez federal Claudio Bonadio embarg\u00f3 este lunes a la ex presidenta Cristina Kirchner por un total de 4 mil millones de pesos, en tanto que el pedido de desafuero qued\u00f3 sujeto\u2026","rel":"","context":"En \u00abJUDICIALES\u00bb","block_context":{"text":"JUDICIALES","link":"http:\/\/www.24baires.com\/?cat=68"},"img":{"alt_text":"","src":"https:\/\/i0.wp.com\/www.24baires.com\/wp-content\/uploads\/2017\/10\/cristina-1.jpg?resize=350%2C200","width":350,"height":200,"srcset":"https:\/\/i0.wp.com\/www.24baires.com\/wp-content\/uploads\/2017\/10\/cristina-1.jpg?resize=350%2C200 1x, https:\/\/i0.wp.com\/www.24baires.com\/wp-content\/uploads\/2017\/10\/cristina-1.jpg?resize=525%2C300 1.5x"},"classes":[]},{"id":104063,"url":"http:\/\/www.24baires.com\/?p=104063","url_meta":{"origin":69130,"position":1},"title":"Allanaron el departamento de Recoleta de Cristina Fern\u00e1ndez","author":"AF","date":"23\/08\/2018","format":false,"excerpt":"Efectivos de la Polic\u00eda Federal ingresaron este mediod\u00eda a la residencia de la ex Presidenta tras el aval de la C\u00e1mara de Senadores a los pedidos del juez federal Claudio Bonadio. El abogado defensor denunci\u00f3 que lo echaron del operativo. Efectivos de la Polic\u00eda Federal allanan desde el mediod\u00eda el\u2026","rel":"","context":"En \u00abJUDICIALES\u00bb","block_context":{"text":"JUDICIALES","link":"http:\/\/www.24baires.com\/?cat=68"},"img":{"alt_text":"","src":"https:\/\/i0.wp.com\/www.24baires.com\/wp-content\/uploads\/2018\/08\/allanamiento-cfk.jpg?resize=350%2C200","width":350,"height":200,"srcset":"https:\/\/i0.wp.com\/www.24baires.com\/wp-content\/uploads\/2018\/08\/allanamiento-cfk.jpg?resize=350%2C200 1x, https:\/\/i0.wp.com\/www.24baires.com\/wp-content\/uploads\/2018\/08\/allanamiento-cfk.jpg?resize=525%2C300 1.5x"},"classes":[]},{"id":101846,"url":"http:\/\/www.24baires.com\/?p=101846","url_meta":{"origin":69130,"position":2},"title":"Bonadio desvincul\u00f3 a Arribas y un fiscal pidi\u00f3 procesar a Echegaray","author":"AF","date":"26\/04\/2018","format":false,"excerpt":"El juez federal liber\u00f3 de culpa y cargo al jefe de la AFI aunque reconoci\u00f3 que recibi\u00f3 dinero de un operador financiero. El fiscal de casaci\u00f3n tambi\u00e9n pidi\u00f3 reencarcelar a Crist\u00f3bal L\u00f3pez. El favorito del gobierno nacional en el mundo judicial, Claudio Bonadio, le hizo el d\u00eda a la Casa\u2026","rel":"","context":"En \u00abJUDICIALES\u00bb","block_context":{"text":"JUDICIALES","link":"http:\/\/www.24baires.com\/?cat=68"},"img":{"alt_text":"","src":"https:\/\/i0.wp.com\/www.24baires.com\/wp-content\/uploads\/2017\/05\/arribas.jpg?resize=350%2C200","width":350,"height":200,"srcset":"https:\/\/i0.wp.com\/www.24baires.com\/wp-content\/uploads\/2017\/05\/arribas.jpg?resize=350%2C200 1x, https:\/\/i0.wp.com\/www.24baires.com\/wp-content\/uploads\/2017\/05\/arribas.jpg?resize=525%2C300 1.5x"},"classes":[]},{"id":105906,"url":"http:\/\/www.24baires.com\/?p=105906","url_meta":{"origin":69130,"position":3},"title":"El hermano de Macri se present\u00f3 ante Bonadio y entreg\u00f3 un escrito","author":"GB","date":"13\/12\/2018","format":false,"excerpt":"Gianfranco regres\u00f3 de Estados Unidos y se present\u00f3 ante el juez en el marco de la denuncia por pago de sobornos para ganar licitaciones en el \u00e1rea de transporte. El abogado Rozental que representa a Franco present\u00f3 un certificado m\u00e9dico y Bonadio solicitar\u00eda un peritaje para corroborar su estado de\u2026","rel":"","context":"En \u00abJUDICIALES\u00bb","block_context":{"text":"JUDICIALES","link":"http:\/\/www.24baires.com\/?cat=68"},"img":{"alt_text":"","src":"https:\/\/i0.wp.com\/www.24baires.com\/wp-content\/uploads\/2018\/12\/gianfranco-macri.jpg?resize=350%2C200","width":350,"height":200,"srcset":"https:\/\/i0.wp.com\/www.24baires.com\/wp-content\/uploads\/2018\/12\/gianfranco-macri.jpg?resize=350%2C200 1x, https:\/\/i0.wp.com\/www.24baires.com\/wp-content\/uploads\/2018\/12\/gianfranco-macri.jpg?resize=525%2C300 1.5x"},"classes":[]},{"id":106149,"url":"http:\/\/www.24baires.com\/?p=106149","url_meta":{"origin":69130,"position":4},"title":"Cristina cuestion\u00f3 el secuestro de sus cuadros ordenado por Bonadio","author":"AF","date":"28\/12\/2018","format":false,"excerpt":"La expresidenta de la Naci\u00f3n, Cristina Fern\u00e1ndez, cuestion\u00f3 hoy el operativo realizado en una de sus propiedades, donde la Polic\u00eda Federal retir\u00f3 una treintena de cuadros por orden del juez federal Claudio Bonadio en el marco de la causa denominada \"Cuadernos de la corrupci\u00f3n\". En su cuenta de Twitter, la\u2026","rel":"","context":"En \u00abJUDICIALES\u00bb","block_context":{"text":"JUDICIALES","link":"http:\/\/www.24baires.com\/?cat=68"},"img":{"alt_text":"","src":"https:\/\/i0.wp.com\/www.24baires.com\/wp-content\/uploads\/2018\/12\/pfa.jpg?resize=350%2C200","width":350,"height":200,"srcset":"https:\/\/i0.wp.com\/www.24baires.com\/wp-content\/uploads\/2018\/12\/pfa.jpg?resize=350%2C200 1x, https:\/\/i0.wp.com\/www.24baires.com\/wp-content\/uploads\/2018\/12\/pfa.jpg?resize=525%2C300 1.5x"},"classes":[]},{"id":111090,"url":"http:\/\/www.24baires.com\/?p=111090","url_meta":{"origin":69130,"position":5},"title":"Ramos Padilla denunci\u00f3 que Macri sab\u00eda de la \u00aboperaci\u00f3n escuchas\u00bb y pidi\u00f3 que lo llamen a declarar","author":"GB","date":"05\/07\/2019","format":false,"excerpt":"El juez de Dolores se defendi\u00f3 ante la Magistratura por la denuncia que impuls\u00f3 en su contra el Gobierno para frenar su investigaci\u00f3n en la causa por la banda de espionaje ilegal, extorsiones y operaciones pol\u00edticas. El magistrado destroz\u00f3 los argumentos de la llamada \"operaci\u00f3n PUF\" y exigi\u00f3 que declaren\u2026","rel":"","context":"En \u00abPol\u00edtica\u00bb","block_context":{"text":"Pol\u00edtica","link":"http:\/\/www.24baires.com\/?cat=51"},"img":{"alt_text":"","src":"https:\/\/i0.wp.com\/www.24baires.com\/wp-content\/uploads\/2019\/03\/ramos-padillaa.jpg?resize=350%2C200","width":350,"height":200,"srcset":"https:\/\/i0.wp.com\/www.24baires.com\/wp-content\/uploads\/2019\/03\/ramos-padillaa.jpg?resize=350%2C200 1x, https:\/\/i0.wp.com\/www.24baires.com\/wp-content\/uploads\/2019\/03\/ramos-padillaa.jpg?resize=525%2C300 1.5x"},"classes":[]}],"jetpack_sharing_enabled":true,"jetpack_likes_enabled":true,"jetpack_featured_media_url":"","_links":{"self":[{"href":"http:\/\/www.24baires.com\/index.php?rest_route=\/wp\/v2\/posts\/69130","targetHints":{"allow":["GET"]}}],"collection":[{"href":"http:\/\/www.24baires.com\/index.php?rest_route=\/wp\/v2\/posts"}],"about":[{"href":"http:\/\/www.24baires.com\/index.php?rest_route=\/wp\/v2\/types\/post"}],"author":[{"embeddable":true,"href":"http:\/\/www.24baires.com\/index.php?rest_route=\/wp\/v2\/users\/4"}],"replies":[{"embeddable":true,"href":"http:\/\/www.24baires.com\/index.php?rest_route=%2Fwp%2Fv2%2Fcomments&post=69130"}],"version-history":[{"count":3,"href":"http:\/\/www.24baires.com\/index.php?rest_route=\/wp\/v2\/posts\/69130\/revisions"}],"predecessor-version":[{"id":69134,"href":"http:\/\/www.24baires.com\/index.php?rest_route=\/wp\/v2\/posts\/69130\/revisions\/69134"}],"wp:attachment":[{"href":"http:\/\/www.24baires.com\/index.php?rest_route=%2Fwp%2Fv2%2Fmedia&parent=69130"}],"wp:term":[{"taxonomy":"category","embeddable":true,"href":"http:\/\/www.24baires.com\/index.php?rest_route=%2Fwp%2Fv2%2Fcategories&post=69130"},{"taxonomy":"post_tag","embeddable":true,"href":"http:\/\/www.24baires.com\/index.php?rest_route=%2Fwp%2Fv2%2Ftags&post=69130"}],"curies":[{"name":"wp","href":"https:\/\/api.w.org\/{rel}","templated":true}]}}