{"id":69091,"date":"2015-07-15T12:00:12","date_gmt":"2015-07-15T15:00:12","guid":{"rendered":"http:\/\/www.24baires.com\/?p=69091"},"modified":"2015-07-15T11:52:46","modified_gmt":"2015-07-15T14:52:46","slug":"telerman-el-comentario-de-massa-es-malintencionado-y-mentiroso","status":"publish","type":"post","link":"http:\/\/www.24baires.com\/?p=69091","title":{"rendered":"Telerman: \u00abEl comentario de Massa es malintencionado y mentiroso\u00bb"},"content":{"rendered":"<p><img data-recalc-dims=\"1\" loading=\"lazy\" decoding=\"async\" class=\"aligncenter size-full wp-image-63748\" src=\"https:\/\/i0.wp.com\/www.24baires.com\/wp-content\/uploads\/2015\/03\/massa-1.jpg?resize=560%2C313\" alt=\"massa 1\" width=\"560\" height=\"313\" srcset=\"https:\/\/i0.wp.com\/www.24baires.com\/wp-content\/uploads\/2015\/03\/massa-1.jpg?w=560 560w, https:\/\/i0.wp.com\/www.24baires.com\/wp-content\/uploads\/2015\/03\/massa-1.jpg?resize=300%2C168 300w\" sizes=\"auto, (max-width: 560px) 100vw, 560px\" \/>El vocero de Daniel Scioli, Jorge Telerman, desminti\u00f3 los dichos del diputado Sergio Massa un supuesto encuentro entre el juez Claudio Bonadio y el candidato presidencial del Frente para la Victoria.<!--more--><\/p>\n<p>El director del Instituto Cultural bonaerense y vocero de Daniel Scioli, Jorge Telerman, desminti\u00f3 \u00abde manera categ\u00f3rica\u00bb al diputado Sergio Massa, quien hab\u00eda denunciado un supuesto encuentro entre el juez Claudio Bonadio y el candidato presidencial del Frente para la Victoria.<\/p>\n<p>\u00abQueremos desmentir de manera muy categ\u00f3rica y definitiva un comentario que hizo el diputado Massa, acerca de una supuesto encuentro que habr\u00edan tenido el doctor Bonadio y el gobernador Scioli\u00bb. De esta manera Telerman sali\u00f3 al cruce del l\u00edder del Frente Renovador, quien en el programa &#8216;Los Leuco&#8217; del canal Todo Noticias hab\u00eda contado un encuentro que tuvo meses atr\u00e1s con el mencionado juez, en el que el magistrado le habr\u00eda confesado que iba a comer a la casa del mandatario bonaerense.<\/p>\n<p>\u00abNo entendemos los motivos por los que se puede decir una cosa como \u00e9sta. Hay claramente un comentario malintencionado pero sobre todo falaz, mentiroso\u00bb, afirm\u00f3 Telerman durante una breve comunicaci\u00f3n telef\u00f3nica, para desmentir lo que hab\u00eda dicho Massa unos minutos antes.<\/p>\n<p>\u00abEse hecho nunca existi\u00f3. Nunca el doctor Bonadio fue a comer a la casa del Gobernador Daniel Scioli\u00bb, complet\u00f3 el ex jefe de gobierno de la Ciudad de Buenos Aires.<\/p>\n<p>Jorge Telerman tambi\u00e9n habl\u00f3 con Dady Brieva sobre las declaraciones de Massa y argument\u00f3 que \u201cEs la mala cultura pol\u00edtica de los que est\u00e1n en situaciones perdidosas en la campa\u00f1a La gente sabe que Scioli es un hombre de una pieza. Estoy convencido de que el pueblo argentino no duda de su trayectoria y su sinceridad\u00bb.<\/p>\n<p>&nbsp;<\/p>\n<p>&nbsp;<\/p>\n<p>&nbsp;<\/p>\n<p>&nbsp;<\/p>\n<p>&nbsp;<\/p>\n<p>&nbsp;<\/p>\n<p>&nbsp;<\/p>\n<p>&nbsp;<\/p>\n<p>&nbsp;<\/p>\n<p>&nbsp;<\/p>\n<p>&nbsp;<\/p>\n<p>&nbsp;<\/p>\n<p>&nbsp;<\/p>\n<p>&nbsp;<\/p>\n<p>&nbsp;<\/p>\n<p>&nbsp;<\/p>\n<p>&nbsp;<\/p>\n","protected":false},"excerpt":{"rendered":"<p>El vocero de Daniel Scioli, Jorge Telerman, desminti\u00f3 los dichos del diputado Sergio Massa un supuesto encuentro entre el juez Claudio Bonadio y el candidato presidencial del Frente para la Victoria.<\/p>\n","protected":false},"author":4,"featured_media":0,"comment_status":"open","ping_status":"open","sticky":false,"template":"","format":"standard","meta":{"_jetpack_newsletter_access":"","_jetpack_dont_email_post_to_subs":false,"_jetpack_newsletter_tier_id":0,"_jetpack_memberships_contains_paywalled_content":false,"_jetpack_memberships_contains_paid_content":false,"footnotes":""},"categories":[51],"tags":[],"class_list":["post-69091","post","type-post","status-publish","format-standard","hentry","category-politica"],"jetpack_shortlink":"https:\/\/wp.me\/p2JWE0-hYn","jetpack-related-posts":[{"id":54580,"url":"http:\/\/www.24baires.com\/?p=54580","url_meta":{"origin":69091,"position":0},"title":"Telerman es el nuevo jefe de campa\u00f1a de Scioli","author":"AF","date":"01\/10\/2014","format":false,"excerpt":"El ex jefe de Gobierno porte\u00f1o y actual funcionario bonaerense Jorge Telerman, comenzar\u00e1 a desempe\u00f1arse como jefe y vocero cde campa\u00f1a del gobernador Daniel Scioli. Fuentes de la administraci\u00f3n bonaerense confirmaron el nuevo rol que tendr\u00e1 el presidente del Instituto Cultural. Como este diario informara hace varias semanas, en el\u2026","rel":"","context":"En \u00abPol\u00edtica\u00bb","block_context":{"text":"Pol\u00edtica","link":"http:\/\/www.24baires.com\/?cat=51"},"img":{"alt_text":"","src":"https:\/\/i0.wp.com\/www.24baires.com\/wp-content\/uploads\/2014\/10\/TELERMAN-SCIOLI.jpg?resize=350%2C200","width":350,"height":200,"srcset":"https:\/\/i0.wp.com\/www.24baires.com\/wp-content\/uploads\/2014\/10\/TELERMAN-SCIOLI.jpg?resize=350%2C200 1x, https:\/\/i0.wp.com\/www.24baires.com\/wp-content\/uploads\/2014\/10\/TELERMAN-SCIOLI.jpg?resize=525%2C300 1.5x"},"classes":[]},{"id":120226,"url":"http:\/\/www.24baires.com\/?p=120226","url_meta":{"origin":69091,"position":1},"title":"Cristina recibi\u00f3 a Scioli: \u201cA seguir trabajando, que es lo que hay que hacer\u201d","author":"AF","date":"28\/06\/2023","format":false,"excerpt":"\"Hablamos mucho, con sinceridad y con el respeto de siempre. Me transmiti\u00f3 que su vocaci\u00f3n es ayudar y colaborar como un compa\u00f1ero m\u00e1s\", asegur\u00f3 a trav\u00e9s de las redes sociales la Vicepresidenta sobre el encuentro. La Vicepresidenta Cristina Fern\u00e1ndez de Kirchner public\u00f3 en redes sociales una foto con el embajador\u2026","rel":"","context":"En \u00abPol\u00edtica\u00bb","block_context":{"text":"Pol\u00edtica","link":"http:\/\/www.24baires.com\/?cat=51"},"img":{"alt_text":"","src":"https:\/\/i0.wp.com\/www.24baires.com\/wp-content\/uploads\/2023\/06\/WhatsApp-Image-2023-06-28-at-23.30.42.jpeg?resize=350%2C200","width":350,"height":200,"srcset":"https:\/\/i0.wp.com\/www.24baires.com\/wp-content\/uploads\/2023\/06\/WhatsApp-Image-2023-06-28-at-23.30.42.jpeg?resize=350%2C200 1x, https:\/\/i0.wp.com\/www.24baires.com\/wp-content\/uploads\/2023\/06\/WhatsApp-Image-2023-06-28-at-23.30.42.jpeg?resize=525%2C300 1.5x, https:\/\/i0.wp.com\/www.24baires.com\/wp-content\/uploads\/2023\/06\/WhatsApp-Image-2023-06-28-at-23.30.42.jpeg?resize=700%2C400 2x"},"classes":[]},{"id":15242,"url":"http:\/\/www.24baires.com\/?p=15242","url_meta":{"origin":69091,"position":2},"title":"Scioli y Massa otra vez juntos, ahora en el gran Carnaval de Venecia en Tigre","author":"Grupo Sierra","date":"10\/02\/2013","format":false,"excerpt":"El gobernador Daniel Scioli particip\u00f3 de la primera jornada del Carnaval de Venecia del Delta, que se desarroll\u00f3 en el Museo del Arte de Tigre, acompa\u00f1ado por el presidente del Instituto Cultural, Jorge Telerman y del intendente local, Sergio Massa. En la jornada, que cont\u00f3 con m\u00e1s de 80 mil\u2026","rel":"","context":"En \u00abPol\u00edtica\u00bb","block_context":{"text":"Pol\u00edtica","link":"http:\/\/www.24baires.com\/?cat=51"},"img":{"alt_text":"","src":"https:\/\/i0.wp.com\/www.24baires.com\/wp-content\/uploads\/2013\/02\/scioli-massa.jpg?resize=350%2C200","width":350,"height":200,"srcset":"https:\/\/i0.wp.com\/www.24baires.com\/wp-content\/uploads\/2013\/02\/scioli-massa.jpg?resize=350%2C200 1x, https:\/\/i0.wp.com\/www.24baires.com\/wp-content\/uploads\/2013\/02\/scioli-massa.jpg?resize=525%2C300 1.5x"},"classes":[]},{"id":55326,"url":"http:\/\/www.24baires.com\/?p=55326","url_meta":{"origin":69091,"position":3},"title":"Telerman, de Cultura a Coordinador de Informaci\u00f3n y vocero de Scioli","author":"Grupo Sierra","date":"13\/10\/2014","format":false,"excerpt":"El titular del Instituto Cultural asumir\u00e1 nuevas funciones en el Gobierno bonaerense. El gobernador, Daniel Scioli, puso en funciones al titular del Instituto Cultural, Jorge Telerman, como Coordinador de la Informaci\u00f3n Gubernamental de la Provincia con la vocer\u00eda oficial del gobierno. Entre sus funciones, Telerman participar\u00e1 en el desarrollo de\u2026","rel":"","context":"En \u00abPol\u00edtica\u00bb","block_context":{"text":"Pol\u00edtica","link":"http:\/\/www.24baires.com\/?cat=51"},"img":{"alt_text":"TELERMAN SCIOLI","src":"https:\/\/i0.wp.com\/www.24baires.com\/wp-content\/uploads\/2014\/10\/TELERMAN-SCIOLI.jpg?resize=350%2C200","width":350,"height":200,"srcset":"https:\/\/i0.wp.com\/www.24baires.com\/wp-content\/uploads\/2014\/10\/TELERMAN-SCIOLI.jpg?resize=350%2C200 1x, https:\/\/i0.wp.com\/www.24baires.com\/wp-content\/uploads\/2014\/10\/TELERMAN-SCIOLI.jpg?resize=525%2C300 1.5x"},"classes":[]},{"id":119156,"url":"http:\/\/www.24baires.com\/?p=119156","url_meta":{"origin":69091,"position":4},"title":"Massa asumir\u00e1 como superministro de Econom\u00eda","author":"AF","date":"28\/07\/2022","format":false,"excerpt":"Alberto Fern\u00e1ndez decidi\u00f3 reorganizar las \u00e1reas econ\u00f3micas para un mejor funcionamiento, coordinaci\u00f3n y gesti\u00f3n: se unificar\u00e1n los ministerios de Econom\u00eda, Desarrollo Productivo y Agricultura, Ganader\u00eda y Pesca, que quedar\u00e1n bajo la \u00f3rbita del actual presidente de la C\u00e1mara de Diputados. Massa anunci\u00f3 que el lunes comenzar\u00e1 a designar a los\u2026","rel":"","context":"En \u00abEconom\u00eda\u00bb","block_context":{"text":"Econom\u00eda","link":"http:\/\/www.24baires.com\/?cat=45"},"img":{"alt_text":"","src":"https:\/\/i0.wp.com\/www.24baires.com\/wp-content\/uploads\/2022\/07\/6243529d100ad_900.jpg?resize=350%2C200","width":350,"height":200,"srcset":"https:\/\/i0.wp.com\/www.24baires.com\/wp-content\/uploads\/2022\/07\/6243529d100ad_900.jpg?resize=350%2C200 1x, https:\/\/i0.wp.com\/www.24baires.com\/wp-content\/uploads\/2022\/07\/6243529d100ad_900.jpg?resize=525%2C300 1.5x, https:\/\/i0.wp.com\/www.24baires.com\/wp-content\/uploads\/2022\/07\/6243529d100ad_900.jpg?resize=700%2C400 2x"},"classes":[]},{"id":112051,"url":"http:\/\/www.24baires.com\/?p=112051","url_meta":{"origin":69091,"position":5},"title":"Alberto Fern\u00e1ndez se reuni\u00f3 con la UIA y la CGT","author":"GB","date":"12\/09\/2019","format":false,"excerpt":"El candidato presidencial del Frente de Todos se junt\u00f3 con Miguel Acevedo, de la Uni\u00f3n Industrial Argentina; H\u00e9ctor Daer y el candidato a diputado nacional Sergio Massa. El m\u00e1s votado en las PASO apuesta a un acuerdo para recomponer el salario en lo que ser\u00eda el primer semestre de su\u2026","rel":"","context":"En \u00abPol\u00edtica\u00bb","block_context":{"text":"Pol\u00edtica","link":"http:\/\/www.24baires.com\/?cat=51"},"img":{"alt_text":"","src":"https:\/\/i0.wp.com\/www.24baires.com\/wp-content\/uploads\/2019\/09\/alberto-cgt.jpg?resize=350%2C200","width":350,"height":200,"srcset":"https:\/\/i0.wp.com\/www.24baires.com\/wp-content\/uploads\/2019\/09\/alberto-cgt.jpg?resize=350%2C200 1x, https:\/\/i0.wp.com\/www.24baires.com\/wp-content\/uploads\/2019\/09\/alberto-cgt.jpg?resize=525%2C300 1.5x"},"classes":[]}],"jetpack_sharing_enabled":true,"jetpack_likes_enabled":true,"jetpack_featured_media_url":"","_links":{"self":[{"href":"http:\/\/www.24baires.com\/index.php?rest_route=\/wp\/v2\/posts\/69091","targetHints":{"allow":["GET"]}}],"collection":[{"href":"http:\/\/www.24baires.com\/index.php?rest_route=\/wp\/v2\/posts"}],"about":[{"href":"http:\/\/www.24baires.com\/index.php?rest_route=\/wp\/v2\/types\/post"}],"author":[{"embeddable":true,"href":"http:\/\/www.24baires.com\/index.php?rest_route=\/wp\/v2\/users\/4"}],"replies":[{"embeddable":true,"href":"http:\/\/www.24baires.com\/index.php?rest_route=%2Fwp%2Fv2%2Fcomments&post=69091"}],"version-history":[{"count":1,"href":"http:\/\/www.24baires.com\/index.php?rest_route=\/wp\/v2\/posts\/69091\/revisions"}],"predecessor-version":[{"id":69092,"href":"http:\/\/www.24baires.com\/index.php?rest_route=\/wp\/v2\/posts\/69091\/revisions\/69092"}],"wp:attachment":[{"href":"http:\/\/www.24baires.com\/index.php?rest_route=%2Fwp%2Fv2%2Fmedia&parent=69091"}],"wp:term":[{"taxonomy":"category","embeddable":true,"href":"http:\/\/www.24baires.com\/index.php?rest_route=%2Fwp%2Fv2%2Fcategories&post=69091"},{"taxonomy":"post_tag","embeddable":true,"href":"http:\/\/www.24baires.com\/index.php?rest_route=%2Fwp%2Fv2%2Ftags&post=69091"}],"curies":[{"name":"wp","href":"https:\/\/api.w.org\/{rel}","templated":true}]}}