{"id":69076,"date":"2015-07-14T22:00:52","date_gmt":"2015-07-15T01:00:52","guid":{"rendered":"http:\/\/www.24baires.com\/?p=69076"},"modified":"2015-07-15T10:19:17","modified_gmt":"2015-07-15T13:19:17","slug":"cristina-critico-el-tratamiento-de-la-prensa-con-el-acuerdo-eeuu-iran-e-ironizo-sobre-bonadio","status":"publish","type":"post","link":"http:\/\/www.24baires.com\/?p=69076","title":{"rendered":"Cristina critic\u00f3 el tratamiento de la prensa con el acuerdo EEUU-Ir\u00e1n e ironiz\u00f3 sobre Bonad\u00edo"},"content":{"rendered":"<p><img data-recalc-dims=\"1\" loading=\"lazy\" decoding=\"async\" class=\" size-full wp-image-67273 aligncenter\" src=\"https:\/\/i0.wp.com\/www.24baires.com\/wp-content\/uploads\/2015\/06\/cristina-italia.jpg?resize=560%2C373\" alt=\"cristina italia\" width=\"560\" height=\"373\" srcset=\"https:\/\/i0.wp.com\/www.24baires.com\/wp-content\/uploads\/2015\/06\/cristina-italia.jpg?w=560 560w, https:\/\/i0.wp.com\/www.24baires.com\/wp-content\/uploads\/2015\/06\/cristina-italia.jpg?resize=300%2C200 300w\" sizes=\"auto, (max-width: 560px) 100vw, 560px\" \/><\/p>\n<p>\u00abEs notable. \u201cAcuerdo\u201d e \u201cIr\u00e1n\u201d. Casi la contracara perfecta de c\u00f3mo titulaban y escrib\u00edan sobre el Memor\u00e1ndum de Entendimiento celebrado entre Argentina y la Rep\u00fablica Isl\u00e1mica de Ir\u00e1n\u00bb, afirm\u00f3 la presidenta. Tambi\u00e9n hizo referencia al juez Bonad\u00edo.<!--more--><\/p>\n<p>La presidenta de la naci\u00f3n public\u00f3 en su p\u00e1gina web un extenso an\u00e1lisis sobre el acuerdo nuclear alcanzado hoy en Viena entre Estados Unidos y la Rep\u00fablica de Ir\u00e1n, haciendo foco especialmente en el diferente tratamiento que se le dio a este pacto, calificado como \u00abacuerdo hist\u00f3rico\u00bb, y el acuerdo rubricado en su momento en el Memor\u00e1ndum de Entendimiento oal que lleg\u00f3 la Argentina con Ir\u00e1n en funci\u00f3n de avanzar en el esclarecimiento del atentado a la AMIA ocurrido en 1994.<\/p>\n<p>Adem\u00e1s, dedic\u00f3 unas sentidas palabras al canciller H\u00e9ctor Timerman, quien fuera duramente criticado por el acuerdo de cooperaci\u00f3n judicial y que se encuentra atravesando un delicado problema de salud. \u00abPor m\u00ed no se preocupen pero\u2026 \u00bfAlguien se disculpar\u00e1 con H\u00e9ctor? \u00bfAlguien le pedir\u00e1 perd\u00f3n? Pero adem\u00e1s, \u00bfUtilizar\u00e1n los mismos t\u00e9rminos que usaron contra el Gobierno de SU PA\u00cdS, la Rep\u00fablica Argentina, para referirse al Gobierno de los EEUU? \u00bfAlguna instituci\u00f3n comunitaria har\u00e1 una presentaci\u00f3n judicial en los EEUU para que se declare inconstitucional el \u201cPacto\u201d? \u00bfAbuchear\u00e1n o insultar\u00e1n al Embajador de EEUU cuando concurra el 18 de julio a un nuevo aniversario del atentado de la AMIA?\u00bb, escribi\u00f3.<\/p>\n<p><strong>El C\u00edrculo Rojo<\/strong><br \/>\nCristina tambi\u00e9n hizo referencia esta noche al cumplea\u00f1os de su nieto N\u00e9stor Iv\u00e1n e ironiz\u00f3 sobre el juez Bonad\u00edo, que ayer orden\u00f3 un operativo en el marco de la causa Hotesur con un inusitado despliegue en la ciudad de R\u00edo Gallegos.Cristina en su texto hizo referencia a la tarjeta de invitaci\u00f3n al cumplea\u00f1os de su nieto y agreg\u00f3: \u00abNo te muestro el otro lado de la tarjeta porque est\u00e1 la hora y la direcci\u00f3n de la fiestita\u2026No sea cosa que Bonad\u00edo y la Metropolitana de Macri le allanen el cumplea\u00f1os. Ya le dije a Roc\u00edo, mientras no se quieran llevar la torta (por que a estos les encanta la torta) que no se haga problema\u2026<\/p>\n<p>\u00bfPero qu\u00e9 dec\u00eds CFK? N\u00e9stor Iv\u00e1n tiene 2 a\u00f1os! Si, ya lo se, pero su apellido es Kirchner y sab\u00e9s qu\u00e9, el \u201cC\u00edrculo Rojo\u201d, que nadie te explica pero que todos conocen: las m\u00e1s poderosas corporaciones econ\u00f3micas y medi\u00e1ticas que cuentan con el auxilio inestimable de jueces de servilleta o inescrupulosos, no nos van a perdonar nunca las transformaciones, la inclusi\u00f3n social, econ\u00f3mica y cultural, el desendeudamiento, la independencia, la Soberan\u00eda y mucho menos la Patria recuperada. No importa. La historia, la verdadera, no se escribe ni en los diarios\u2026<\/p>\n<p>Ni en un expediente, sino en el coraz\u00f3n y la memoria de los pueblos.\u00bb<\/p>\n","protected":false},"excerpt":{"rendered":"<p>\u00abEs notable. \u201cAcuerdo\u201d e \u201cIr\u00e1n\u201d. Casi la contracara perfecta de c\u00f3mo titulaban y escrib\u00edan sobre el Memor\u00e1ndum de Entendimiento celebrado entre Argentina y la Rep\u00fablica Isl\u00e1mica de Ir\u00e1n\u00bb, afirm\u00f3 la presidenta. Tambi\u00e9n hizo referencia al juez Bonad\u00edo.<\/p>\n","protected":false},"author":11,"featured_media":0,"comment_status":"open","ping_status":"open","sticky":false,"template":"","format":"standard","meta":{"_jetpack_newsletter_access":"","_jetpack_dont_email_post_to_subs":false,"_jetpack_newsletter_tier_id":0,"_jetpack_memberships_contains_paywalled_content":false,"_jetpack_memberships_contains_paid_content":false,"footnotes":""},"categories":[51],"tags":[],"class_list":["post-69076","post","type-post","status-publish","format-standard","hentry","category-politica"],"jetpack_shortlink":"https:\/\/wp.me\/p2JWE0-hY8","jetpack-related-posts":[{"id":99358,"url":"http:\/\/www.24baires.com\/?p=99358","url_meta":{"origin":69076,"position":0},"title":"Claudio Bonadio rechaz\u00f3 el pedido de excarcelaci\u00f3n de Timerman","author":"AF","date":"12\/12\/2017","format":false,"excerpt":"De esta manera el ex Canciller seguir\u00e1 bajo arresto domiciliario en el marco de la causa en que se lo investiga por posible \"Traici\u00f3n a la Patria\" a ra\u00edz de la firma del Memor\u00e1ndum de Entendimiento con Ir\u00e1n. El juez Claudio Bonadio rechaz\u00f3 este martes excarcelar al ex canciller H\u00e9ctor\u2026","rel":"","context":"En \u00abJUDICIALES\u00bb","block_context":{"text":"JUDICIALES","link":"http:\/\/www.24baires.com\/?cat=68"},"img":{"alt_text":"","src":"https:\/\/i0.wp.com\/www.24baires.com\/wp-content\/uploads\/2014\/08\/timerman.jpg?resize=350%2C200","width":350,"height":200,"srcset":"https:\/\/i0.wp.com\/www.24baires.com\/wp-content\/uploads\/2014\/08\/timerman.jpg?resize=350%2C200 1x, https:\/\/i0.wp.com\/www.24baires.com\/wp-content\/uploads\/2014\/08\/timerman.jpg?resize=525%2C300 1.5x"},"classes":[]},{"id":35691,"url":"http:\/\/www.24baires.com\/?p=35691","url_meta":{"origin":69076,"position":1},"title":"El Gobierno propuso a Ir\u00e1n concretar en 12 meses los objetivos del memor\u00e1ndum","author":"Grupo Sierra","date":"24\/11\/2013","format":false,"excerpt":"El canciller H\u00e9ctor Timerman inform\u00f3 que funcionarios del Gobierno argentino se reunieron en Zurich con pares iran\u00edes para avanzar en la concreci\u00f3n de los objetivos del memor\u00e1ndum de entendimiento con ese pa\u00eds, dentro de un lapso de 12 meses. Timerman habl\u00f3 en la sala de conferencias de la Casa Rosada,\u2026","rel":"","context":"En \u00abPol\u00edtica\u00bb","block_context":{"text":"Pol\u00edtica","link":"http:\/\/www.24baires.com\/?cat=51"},"img":{"alt_text":"","src":"","width":0,"height":0},"classes":[]},{"id":105522,"url":"http:\/\/www.24baires.com\/?p=105522","url_meta":{"origin":69076,"position":2},"title":"No lograron el qu\u00f3rum para tratar el pedido de desafuero de Cristina","author":"AF","date":"20\/11\/2018","format":false,"excerpt":"El oficialismo no logr\u00f3 reunir el n\u00famero necesario para habilitar la sesi\u00f3n por lo que el tratamiento del pedido de desafuero se suspendi\u00f3. El interbloque Cambiemos del Senado de la Naci\u00f3n no obtuvo este martes el qu\u00f3rum requerido para debatir el desafuero de la ex presidenta y actual senadora por\u2026","rel":"","context":"En \u00abPol\u00edtica\u00bb","block_context":{"text":"Pol\u00edtica","link":"http:\/\/www.24baires.com\/?cat=51"},"img":{"alt_text":"","src":"https:\/\/i0.wp.com\/www.24baires.com\/wp-content\/uploads\/2018\/11\/cristina.jpg?resize=350%2C200","width":350,"height":200,"srcset":"https:\/\/i0.wp.com\/www.24baires.com\/wp-content\/uploads\/2018\/11\/cristina.jpg?resize=350%2C200 1x, https:\/\/i0.wp.com\/www.24baires.com\/wp-content\/uploads\/2018\/11\/cristina.jpg?resize=525%2C300 1.5x"},"classes":[]},{"id":111120,"url":"http:\/\/www.24baires.com\/?p=111120","url_meta":{"origin":69076,"position":3},"title":"Alberto Fern\u00e1ndez declar\u00f3 en la causa por el memor\u00e1ndum con Ir\u00e1n","author":"GB","date":"10\/07\/2019","format":false,"excerpt":"El precandidato a presidente por el Frente de Todos cuestion\u00f3 su citaci\u00f3n y recomend\u00f3 a la querella repasar el Derecho Procesal. \"Alguien que opina no es un testigo\", se\u00f1al\u00f3. El precandidato a presidente por el Frente de Todos, Alberto Fern\u00e1ndez, declar\u00f3 este mi\u00e9rcoles en los tribunales de Comodoro Py en\u2026","rel":"","context":"En \u00abPol\u00edtica\u00bb","block_context":{"text":"Pol\u00edtica","link":"http:\/\/www.24baires.com\/?cat=51"},"img":{"alt_text":"","src":"https:\/\/i0.wp.com\/www.24baires.com\/wp-content\/uploads\/2019\/05\/alberto-fernandez.jpg?resize=350%2C200","width":350,"height":200,"srcset":"https:\/\/i0.wp.com\/www.24baires.com\/wp-content\/uploads\/2019\/05\/alberto-fernandez.jpg?resize=350%2C200 1x, https:\/\/i0.wp.com\/www.24baires.com\/wp-content\/uploads\/2019\/05\/alberto-fernandez.jpg?resize=525%2C300 1.5x"},"classes":[]},{"id":76277,"url":"http:\/\/www.24baires.com\/?p=76277","url_meta":{"origin":69076,"position":4},"title":"El nuevo gobierno buscar\u00e1 dejar sin efecto el Memor\u00e1ndum con Ir\u00e1n","author":"GB","date":"11\/12\/2015","format":false,"excerpt":"El lunes pr\u00f3ximo el flamante ministro de Justicia, Germ\u00e1n Garavano, presentar\u00e1 un escrito para dar de baja el acuerdo de entendimiento. Desistir\u00e1 de la apelaci\u00f3n que hab\u00eda presentado el Estado para revertir el fallo que lo hab\u00eda declarado inconstitucional. El recientemente designado ministro de Justicia, Germ\u00e1n Garavano, presentar\u00e1 la pr\u00f3xima\u2026","rel":"","context":"En \u00abPol\u00edtica\u00bb","block_context":{"text":"Pol\u00edtica","link":"http:\/\/www.24baires.com\/?cat=51"},"img":{"alt_text":"","src":"","width":0,"height":0},"classes":[]},{"id":117875,"url":"http:\/\/www.24baires.com\/?p=117875","url_meta":{"origin":69076,"position":5},"title":"Cristina consider\u00f3 \u00abdisparate judicial, institucional y pol\u00edtico\u00bb a la causa del memor\u00e1ndum","author":"AF","date":"16\/07\/2021","format":false,"excerpt":"La vicepresidenta expuso durante la audiencia p\u00fablica, que fue escuchada por m\u00e1s de 20 mil personas a trav\u00e9s de YouTube. \"Se hicieron maniobras persecutorias para perjudicarnos a m\u00ed y mi familia\", asegur\u00f3. El Tribunal Oral Federal 8 debe resolver si declara o no la nulidad del proceso. La vicepresidenta Cristina\u2026","rel":"","context":"En \u00abJUDICIALES\u00bb","block_context":{"text":"JUDICIALES","link":"http:\/\/www.24baires.com\/?cat=68"},"img":{"alt_text":"","src":"https:\/\/i0.wp.com\/www.24baires.com\/wp-content\/uploads\/2021\/07\/cfk.jpg?resize=350%2C200","width":350,"height":200,"srcset":"https:\/\/i0.wp.com\/www.24baires.com\/wp-content\/uploads\/2021\/07\/cfk.jpg?resize=350%2C200 1x, https:\/\/i0.wp.com\/www.24baires.com\/wp-content\/uploads\/2021\/07\/cfk.jpg?resize=525%2C300 1.5x"},"classes":[]}],"jetpack_sharing_enabled":true,"jetpack_likes_enabled":true,"jetpack_featured_media_url":"","_links":{"self":[{"href":"http:\/\/www.24baires.com\/index.php?rest_route=\/wp\/v2\/posts\/69076","targetHints":{"allow":["GET"]}}],"collection":[{"href":"http:\/\/www.24baires.com\/index.php?rest_route=\/wp\/v2\/posts"}],"about":[{"href":"http:\/\/www.24baires.com\/index.php?rest_route=\/wp\/v2\/types\/post"}],"author":[{"embeddable":true,"href":"http:\/\/www.24baires.com\/index.php?rest_route=\/wp\/v2\/users\/11"}],"replies":[{"embeddable":true,"href":"http:\/\/www.24baires.com\/index.php?rest_route=%2Fwp%2Fv2%2Fcomments&post=69076"}],"version-history":[{"count":3,"href":"http:\/\/www.24baires.com\/index.php?rest_route=\/wp\/v2\/posts\/69076\/revisions"}],"predecessor-version":[{"id":69079,"href":"http:\/\/www.24baires.com\/index.php?rest_route=\/wp\/v2\/posts\/69076\/revisions\/69079"}],"wp:attachment":[{"href":"http:\/\/www.24baires.com\/index.php?rest_route=%2Fwp%2Fv2%2Fmedia&parent=69076"}],"wp:term":[{"taxonomy":"category","embeddable":true,"href":"http:\/\/www.24baires.com\/index.php?rest_route=%2Fwp%2Fv2%2Fcategories&post=69076"},{"taxonomy":"post_tag","embeddable":true,"href":"http:\/\/www.24baires.com\/index.php?rest_route=%2Fwp%2Fv2%2Ftags&post=69076"}],"curies":[{"name":"wp","href":"https:\/\/api.w.org\/{rel}","templated":true}]}}