{"id":68973,"date":"2015-07-13T11:17:54","date_gmt":"2015-07-13T14:17:54","guid":{"rendered":"http:\/\/www.24baires.com\/?p=68973"},"modified":"2015-07-14T10:34:07","modified_gmt":"2015-07-14T13:34:07","slug":"anibal-fernandez-el-domingo-en-capital-se-enfrentara-macri-contra-macri","status":"publish","type":"post","link":"http:\/\/www.24baires.com\/?p=68973","title":{"rendered":"An\u00edbal Fern\u00e1ndez: \u201cEl domingo en Capital se enfrentar\u00e1 Macri contra Macri\u201d"},"content":{"rendered":"<p><img data-recalc-dims=\"1\" loading=\"lazy\" decoding=\"async\" class=\"aligncenter size-full wp-image-63981\" src=\"https:\/\/i0.wp.com\/www.24baires.com\/wp-content\/uploads\/2015\/04\/anibal-conferencia.jpg?resize=560%2C379\" alt=\"anibal conferencia\" width=\"560\" height=\"379\" srcset=\"https:\/\/i0.wp.com\/www.24baires.com\/wp-content\/uploads\/2015\/04\/anibal-conferencia.jpg?w=560 560w, https:\/\/i0.wp.com\/www.24baires.com\/wp-content\/uploads\/2015\/04\/anibal-conferencia.jpg?resize=300%2C203 300w\" sizes=\"auto, (max-width: 560px) 100vw, 560px\" \/>El jefe de Gabinete se refiri\u00f3 esta ma\u00f1ana al balotaje porte\u00f1o del pr\u00f3ximo domingo entre Horacio Rodr\u00edguez Larreta (PRO) y Mart\u00edn Lousteau (ECO). \u201cFelicitaremos a Macri o daremos el p\u00e9same a Macri, es lo mismo\u201d, dijo.<!--more--><\/p>\n<p>En ese sentido, Fern\u00e1ndez recalc\u00f3 que la postura adoptada por el Frente para la Victoria porte\u00f1o dejar en libertad de acci\u00f3n a sus votantes de cara a la segunda vuelta.<\/p>\n<p>\u201cMe reconfort\u00f3 la postura tomada y anunciada por Mariano Recalde, de que no son los due\u00f1os de los votos\u201d, recalc\u00f3.<\/p>\n<p>El balotaje se resolver\u00e1 entre Rodr\u00edguez Larreta, quien obtuvo 45,5 por ciento en la primera vuelta, Lousteau, que sum\u00f3 25,5 por ciento de los votos.<\/p>\n<p>El Frente para la Victoria (FpV), que qued\u00f3 en el tercer lugar con el 21.9 por ciento de los votos, anunci\u00f3 el viernes que no iba a pronunciarse a favor de ninguno de los dos postulantes de cara a la segunda vuelta, por considerar que eran aspirantes de una misma coalici\u00f3n pol\u00edtica nacional, uno de cuyos referentes es el precandidato presidencial del PRO, Mauricio Macri.<\/p>\n<p>A su vez, el fincionario afirm\u00f3 que un eventual triunfo del l\u00edder del PRO en las presidenciales de octubre, junto al frente Cambiamos que comparte con la UCR y la Coalici\u00f3n C\u00edvica, ser\u00e1 \u00abla puerta de inicio a la quiebra de la Argentina\u00bb.<\/p>\n<p>\u00abEllos y sus propuestas y las pol\u00edticas del PRO y Macri hoy nos dicen: voy a (el juez estadounidense Thomas) Griesa y pago (a los fondos buitre) y eso es la puerta de inicio a la quiebra de un pa\u00eds\u00bb, afirm\u00f3 el funcionario en declaraciones a la prensa en Casa de Gobierno.<\/p>\n<p>En ese marco, Fern\u00e1ndez asever\u00f3 que \u00abeso es la p\u00e9rdida de la soberan\u00eda argentina, lisa y llana\u00bb.<\/p>\n","protected":false},"excerpt":{"rendered":"<p>El jefe de Gabinete se refiri\u00f3 esta ma\u00f1ana al balotaje porte\u00f1o del pr\u00f3ximo domingo entre Horacio Rodr\u00edguez Larreta (PRO) y Mart\u00edn Lousteau (ECO). \u201cFelicitaremos a Macri o daremos el p\u00e9same a Macri, es lo mismo\u201d, dijo.<\/p>\n","protected":false},"author":4,"featured_media":0,"comment_status":"open","ping_status":"open","sticky":false,"template":"","format":"standard","meta":{"_jetpack_newsletter_access":"","_jetpack_dont_email_post_to_subs":false,"_jetpack_newsletter_tier_id":0,"_jetpack_memberships_contains_paywalled_content":false,"_jetpack_memberships_contains_paid_content":false,"footnotes":""},"categories":[51],"tags":[],"class_list":["post-68973","post","type-post","status-publish","format-standard","hentry","category-politica"],"jetpack_shortlink":"https:\/\/wp.me\/p2JWE0-hWt","jetpack-related-posts":[{"id":69262,"url":"http:\/\/www.24baires.com\/?p=69262","url_meta":{"origin":68973,"position":0},"title":"Contin\u00faan realiz\u00e1ndose con normalidad los comicios porte\u00f1os","author":"Grupo Sierra","date":"19\/07\/2015","format":false,"excerpt":"M\u00e1s de dos millones y medio de ciudadanos habilitados para votar eligen desde la 8 al futuro jefe de Gobierno entre Rodr\u00edguez Larreta y Mart\u00edn Lousteu, en una segunda vuelta de los comicios del 5 de julio. Los comicios se desarrollan con total normalidad. El electorado porte\u00f1o, integrado por 2.541.642\u2026","rel":"","context":"En \u00abElecciones 2015\u00bb","block_context":{"text":"Elecciones 2015","link":"http:\/\/www.24baires.com\/?cat=74"},"img":{"alt_text":"","src":"https:\/\/i0.wp.com\/www.24baires.com\/wp-content\/uploads\/2015\/07\/balotaje-electronico.jpg?resize=350%2C200","width":350,"height":200,"srcset":"https:\/\/i0.wp.com\/www.24baires.com\/wp-content\/uploads\/2015\/07\/balotaje-electronico.jpg?resize=350%2C200 1x, https:\/\/i0.wp.com\/www.24baires.com\/wp-content\/uploads\/2015\/07\/balotaje-electronico.jpg?resize=525%2C300 1.5x"},"classes":[]},{"id":68628,"url":"http:\/\/www.24baires.com\/?p=68628","url_meta":{"origin":68973,"position":1},"title":"Larreta gan\u00f3 en la Ciudad, pero no pudo evitar el balotaje","author":"GB","date":"05\/07\/2015","format":false,"excerpt":"Se impuso en las elecciones para elegir al pr\u00f3ximo jefe de Gobierno porte\u00f1o al obtener el 45,44% de los votos, pero no le alcanz\u00f3 para evitar la segunda vuelta que deber\u00e1 disputar contra Mart\u00edn Lousteau. Con el 66,12 de las mesas escrutadas, minutos pasadas las 20, el funcionario del PRO\u2026","rel":"","context":"En \u00abElecciones 2015\u00bb","block_context":{"text":"Elecciones 2015","link":"http:\/\/www.24baires.com\/?cat=74"},"img":{"alt_text":"","src":"https:\/\/i0.wp.com\/www.24baires.com\/wp-content\/uploads\/2015\/07\/larreta-pro.jpg?resize=350%2C200","width":350,"height":200,"srcset":"https:\/\/i0.wp.com\/www.24baires.com\/wp-content\/uploads\/2015\/07\/larreta-pro.jpg?resize=350%2C200 1x, https:\/\/i0.wp.com\/www.24baires.com\/wp-content\/uploads\/2015\/07\/larreta-pro.jpg?resize=525%2C300 1.5x"},"classes":[]},{"id":68905,"url":"http:\/\/www.24baires.com\/?p=68905","url_meta":{"origin":68973,"position":2},"title":"El Frente para la Victoria no apoyar\u00e1 a Rodr\u00edguez Larreta ni a Lousteau","author":"GB","date":"10\/07\/2015","format":false,"excerpt":"Mariano Recalde dio una conferencia de prensa y dijo: \"Si apoyamos a Larreta, gana Macri; y si apoyamos a Losteau, tambi\u00e9n\". El ex candidato a jefe de Gobierno porte\u00f1o por el Frente para la Victoria, Mariano Recalde, dijo hoy que \u201cel FpV no va a apoyar a ninguno de los\u2026","rel":"","context":"En \u00abElecciones 2015\u00bb","block_context":{"text":"Elecciones 2015","link":"http:\/\/www.24baires.com\/?cat=74"},"img":{"alt_text":"mariano recalde","src":"https:\/\/i0.wp.com\/www.24baires.com\/wp-content\/uploads\/2015\/07\/mariano-recalde.jpg?resize=350%2C200","width":350,"height":200},"classes":[]},{"id":69279,"url":"http:\/\/www.24baires.com\/?p=69279","url_meta":{"origin":68973,"position":3},"title":"Larreta se impone en la CABA por un ajustado margen frente a Lousteau","author":"Grupo Sierra","date":"19\/07\/2015","format":false,"excerpt":"Escrutado cerca del 80% de los votos, la diferencia del PRO es muy ajustada (51,2% a 48,7%) y hay sorpresa en el b\u00fanker oficialista, que esperaba entre 8 y 10 puntos de ventaja. Con casi el 86% de las mesas escrutadas, el candidato del PRO, Horacio Rodr\u00edguez Larreta, aventaja con\u2026","rel":"","context":"En \u00abElecciones 2015\u00bb","block_context":{"text":"Elecciones 2015","link":"http:\/\/www.24baires.com\/?cat=74"},"img":{"alt_text":"","src":"https:\/\/i0.wp.com\/www.24baires.com\/wp-content\/uploads\/2015\/07\/larreta.jpg?resize=350%2C200","width":350,"height":200,"srcset":"https:\/\/i0.wp.com\/www.24baires.com\/wp-content\/uploads\/2015\/07\/larreta.jpg?resize=350%2C200 1x, https:\/\/i0.wp.com\/www.24baires.com\/wp-content\/uploads\/2015\/07\/larreta.jpg?resize=525%2C300 1.5x"},"classes":[]},{"id":68646,"url":"http:\/\/www.24baires.com\/?p=68646","url_meta":{"origin":68973,"position":4},"title":"An\u00edbal asegur\u00f3 que el PRO es un partido \u00abde la Ciudad, sin proyecci\u00f3n en otro lugar\u00bb","author":"AF","date":"06\/07\/2015","format":false,"excerpt":"El jefe de Gabinete destac\u00f3 hoy el desarrollo de los comicios de ayer en distintos distritos del pa\u00eds e insisti\u00f3 en que los proyectos pol\u00edticos de Horacio Rodr\u00edguez Larreta y de Mart\u00edn Lousteau \"son exactamente lo mismo\". Sobre las elecciones de ayer, el funcionario destac\u00f3 que \"tenemos la mejor de\u2026","rel":"","context":"En \u00abElecciones 2015\u00bb","block_context":{"text":"Elecciones 2015","link":"http:\/\/www.24baires.com\/?cat=74"},"img":{"alt_text":"anibal conferencia","src":"https:\/\/i0.wp.com\/www.24baires.com\/wp-content\/uploads\/2015\/04\/anibal-conferencia.jpg?resize=350%2C200","width":350,"height":200,"srcset":"https:\/\/i0.wp.com\/www.24baires.com\/wp-content\/uploads\/2015\/04\/anibal-conferencia.jpg?resize=350%2C200 1x, https:\/\/i0.wp.com\/www.24baires.com\/wp-content\/uploads\/2015\/04\/anibal-conferencia.jpg?resize=525%2C300 1.5x"},"classes":[]},{"id":68523,"url":"http:\/\/www.24baires.com\/?p=68523","url_meta":{"origin":68973,"position":5},"title":"Candidatos a jefe de gobierno porte\u00f1o cerraron sus campa\u00f1as","author":"GB","date":"02\/07\/2015","format":false,"excerpt":"Los cinco candidatos a jefe de gobierno porte\u00f1o -Horacio Rodriguez Larreta (PRO), Mariano Recalde (FpV), Mart\u00edn Lousteau (ECO), Myriam Bregman (FIT) y Luis Zamora (AyL)- cerraron hoy sus respectivas campa\u00f1as proselitistas de cara a las elecciones del pr\u00f3ximo domingo para las que est\u00e1n habilitados para votar m\u00e1s de dos millones\u2026","rel":"","context":"En \u00abElecciones 2015\u00bb","block_context":{"text":"Elecciones 2015","link":"http:\/\/www.24baires.com\/?cat=74"},"img":{"alt_text":"","src":"","width":0,"height":0},"classes":[]}],"jetpack_sharing_enabled":true,"jetpack_likes_enabled":true,"jetpack_featured_media_url":"","_links":{"self":[{"href":"http:\/\/www.24baires.com\/index.php?rest_route=\/wp\/v2\/posts\/68973","targetHints":{"allow":["GET"]}}],"collection":[{"href":"http:\/\/www.24baires.com\/index.php?rest_route=\/wp\/v2\/posts"}],"about":[{"href":"http:\/\/www.24baires.com\/index.php?rest_route=\/wp\/v2\/types\/post"}],"author":[{"embeddable":true,"href":"http:\/\/www.24baires.com\/index.php?rest_route=\/wp\/v2\/users\/4"}],"replies":[{"embeddable":true,"href":"http:\/\/www.24baires.com\/index.php?rest_route=%2Fwp%2Fv2%2Fcomments&post=68973"}],"version-history":[{"count":1,"href":"http:\/\/www.24baires.com\/index.php?rest_route=\/wp\/v2\/posts\/68973\/revisions"}],"predecessor-version":[{"id":68974,"href":"http:\/\/www.24baires.com\/index.php?rest_route=\/wp\/v2\/posts\/68973\/revisions\/68974"}],"wp:attachment":[{"href":"http:\/\/www.24baires.com\/index.php?rest_route=%2Fwp%2Fv2%2Fmedia&parent=68973"}],"wp:term":[{"taxonomy":"category","embeddable":true,"href":"http:\/\/www.24baires.com\/index.php?rest_route=%2Fwp%2Fv2%2Fcategories&post=68973"},{"taxonomy":"post_tag","embeddable":true,"href":"http:\/\/www.24baires.com\/index.php?rest_route=%2Fwp%2Fv2%2Ftags&post=68973"}],"curies":[{"name":"wp","href":"https:\/\/api.w.org\/{rel}","templated":true}]}}