{"id":68942,"date":"2015-07-11T19:00:07","date_gmt":"2015-07-11T22:00:07","guid":{"rendered":"http:\/\/www.24baires.com\/?p=68942"},"modified":"2015-07-11T14:46:57","modified_gmt":"2015-07-11T17:46:57","slug":"timerman-va-a-seguir-en-su-cargo-hasta-el-ultimo-dia-de-gestion-de-la-presidenta","status":"publish","type":"post","link":"http:\/\/www.24baires.com\/?p=68942","title":{"rendered":"\u00abTimerman va a seguir en su cargo hasta el \u00faltimo d\u00eda de gesti\u00f3n de la Presidenta\u00bb"},"content":{"rendered":"<p>El jefe de Gabinete An\u00edbal Fern\u00e1ndez asegur\u00f3 que el canciller H\u00e9ctor Timerman va a seguir en su cargo \u201chasta el \u00faltimo d\u00eda de gesti\u00f3n de la presidenta\u201d Cristina Fern\u00e1ndez de Kirchner.<!--more--><\/p>\n<p>El funcionario y precandidato a gobernador bonaerense confirm\u00f3 -en declaraciones a Radio Continental- que el titular de la diplomacia argentina \u00abtiene una dolencia\u00bb y afirm\u00f3 que \u00abla Presidenta lo va a sostener hasta el \u00faltimo d\u00eda de su gesti\u00f3n\u00bb.<\/p>\n<p>Fern\u00e1ndez dijo que \u00abalguien con mala fe dijo que se iba a ir (del gobierno) por decisi\u00f3n de la Presidenta\u00bb pero \u00absalvo que el canciller decida otra cosa\u00bb seguir\u00e1 en su cargo \u00abhasta el 10 de diciembre de 2015\u201d.<\/p>\n<p>\u00ab(El canciller) estaba bien, esperando resultados y decisiones de su m\u00e9dico\u201d, dijo Fern\u00e1ndez quien afirm\u00f3 haber hablado anteayer con Timerman, de quien agreg\u00f3 que lo escuch\u00f3 de \u201cmuy bien de \u00e1nimo\u201d.<\/p>\n","protected":false},"excerpt":{"rendered":"<p>El jefe de Gabinete An\u00edbal Fern\u00e1ndez asegur\u00f3 que el canciller H\u00e9ctor Timerman va a seguir en su cargo \u201chasta el \u00faltimo d\u00eda de gesti\u00f3n de la presidenta\u201d Cristina Fern\u00e1ndez de Kirchner.<\/p>\n","protected":false},"author":4,"featured_media":0,"comment_status":"open","ping_status":"open","sticky":false,"template":"","format":"standard","meta":{"_jetpack_newsletter_access":"","_jetpack_dont_email_post_to_subs":false,"_jetpack_newsletter_tier_id":0,"_jetpack_memberships_contains_paywalled_content":false,"_jetpack_memberships_contains_paid_content":false,"footnotes":""},"categories":[51],"tags":[],"class_list":["post-68942","post","type-post","status-publish","format-standard","hentry","category-politica"],"jetpack_shortlink":"https:\/\/wp.me\/p2JWE0-hVY","jetpack-related-posts":[{"id":114108,"url":"http:\/\/www.24baires.com\/?p=114108","url_meta":{"origin":68942,"position":0},"title":"Bolsonaro le propuso a Alberto Fern\u00e1ndez reunirse en marzo","author":"AF","date":"12\/02\/2020","format":false,"excerpt":"Ser\u00eda en el marco de la asunci\u00f3n de Luis Lacalle Pou como presidente de Uruguay. La propuesta se realiz\u00f3 durante la reuni\u00f3n que el mandatario brasile\u00f1o mantuvo con el canciller Felipe Sol\u00e1. El presidente de Brasil, Jair Bolsonaro, le propuso este mi\u00e9rcoles al canciller Felipe Sol\u00e1 reunirse el pr\u00f3ximo 1\u00ba\u2026","rel":"","context":"En \u00abLocales\u00bb","block_context":{"text":"Locales","link":"http:\/\/www.24baires.com\/?cat=38"},"img":{"alt_text":"","src":"https:\/\/i0.wp.com\/www.24baires.com\/wp-content\/uploads\/2018\/10\/bolsonaro-brasil.jpg?resize=350%2C200","width":350,"height":200,"srcset":"https:\/\/i0.wp.com\/www.24baires.com\/wp-content\/uploads\/2018\/10\/bolsonaro-brasil.jpg?resize=350%2C200 1x, https:\/\/i0.wp.com\/www.24baires.com\/wp-content\/uploads\/2018\/10\/bolsonaro-brasil.jpg?resize=525%2C300 1.5x"},"classes":[]},{"id":67391,"url":"http:\/\/www.24baires.com\/?p=67391","url_meta":{"origin":68942,"position":1},"title":"\u00abEl problema de Cameron es que no lee los documentos de Naciones Unidas\u00bb","author":"AF","date":"11\/06\/2015","format":false,"excerpt":"Timerman se refiri\u00f3 as\u00ed a la controversia que mantuvo con el primer ministro brit\u00e1nico en el marco de la Segunda Cumbre de la Celac y la UE, que se desarrolla hasta ma\u00f1ana en la ciudad belga de Bruselas. El canciller H\u00e9ctor Timerman afirm\u00f3 que el primer ministro brit\u00e1nico, David Cameron,\u2026","rel":"","context":"En \u00abInternacionales\u00bb","block_context":{"text":"Internacionales","link":"http:\/\/www.24baires.com\/?cat=73"},"img":{"alt_text":"timerman","src":"https:\/\/i0.wp.com\/www.24baires.com\/wp-content\/uploads\/2014\/08\/timerman.jpg?resize=350%2C200","width":350,"height":200,"srcset":"https:\/\/i0.wp.com\/www.24baires.com\/wp-content\/uploads\/2014\/08\/timerman.jpg?resize=350%2C200 1x, https:\/\/i0.wp.com\/www.24baires.com\/wp-content\/uploads\/2014\/08\/timerman.jpg?resize=525%2C300 1.5x"},"classes":[]},{"id":62594,"url":"http:\/\/www.24baires.com\/?p=62594","url_meta":{"origin":68942,"position":2},"title":"Timerman anunci\u00f3 comunicaciones con Israel por AMIA","author":"Grupo Sierra","date":"03\/03\/2015","format":false,"excerpt":"El canciller argentino dio a conocer una carta de su par israel\u00ed, Avigdon Liberman, d\u00f3nde muestra el inter\u00e9s de su pa\u00eds por esclarecer los ataques a la embajada y la AMIA. H\u00e9ctor Timerman, habl\u00f3 esta tarde desde la Sala de Conferencias de Casa de Gobierno e hizo menci\u00f3n a una\u2026","rel":"","context":"En \u00abInternacionales\u00bb","block_context":{"text":"Internacionales","link":"http:\/\/www.24baires.com\/?cat=73"},"img":{"alt_text":"timerman","src":"https:\/\/i0.wp.com\/www.24baires.com\/wp-content\/uploads\/2014\/08\/timerman.jpg?resize=350%2C200","width":350,"height":200,"srcset":"https:\/\/i0.wp.com\/www.24baires.com\/wp-content\/uploads\/2014\/08\/timerman.jpg?resize=350%2C200 1x, https:\/\/i0.wp.com\/www.24baires.com\/wp-content\/uploads\/2014\/08\/timerman.jpg?resize=525%2C300 1.5x"},"classes":[]},{"id":118446,"url":"http:\/\/www.24baires.com\/?p=118446","url_meta":{"origin":68942,"position":3},"title":"El Presidente revis\u00f3 el informe del Sistema Nacional de Gesti\u00f3n de Riesgo sobre altas temperaturas","author":"AF","date":"12\/01\/2022","format":false,"excerpt":"Se interioriz\u00f3 sobre los \"recaudos\" que est\u00e1 tomando el Estado para garantizar el servicio de agua y electricidad en diversas regiones del pa\u00eds. El presidente Alberto Fern\u00e1ndez analiz\u00f3 el mi\u00e9rcoles con el jefe de Gabinete, Juan Manzur, el informe del Sistema Nacional de Gesti\u00f3n de Riesgo sobre la situaci\u00f3n derivada\u2026","rel":"","context":"En \u00abSociedad\u00bb","block_context":{"text":"Sociedad","link":"http:\/\/www.24baires.com\/?cat=1"},"img":{"alt_text":"","src":"https:\/\/i0.wp.com\/www.24baires.com\/wp-content\/uploads\/2021\/03\/fern%C3%A1ndez-PJ.jpg?resize=350%2C200","width":350,"height":200,"srcset":"https:\/\/i0.wp.com\/www.24baires.com\/wp-content\/uploads\/2021\/03\/fern%C3%A1ndez-PJ.jpg?resize=350%2C200 1x, https:\/\/i0.wp.com\/www.24baires.com\/wp-content\/uploads\/2021\/03\/fern%C3%A1ndez-PJ.jpg?resize=525%2C300 1.5x"},"classes":[]},{"id":61058,"url":"http:\/\/www.24baires.com\/?p=61058","url_meta":{"origin":68942,"position":4},"title":"\u00abHicimos todo lo posible para ayudar al juez a llevar justicia a las v\u00edctimas de la AMIA\u00bb","author":"AF","date":"31\/01\/2015","format":false,"excerpt":"El canciller H\u00e9ctor Timerman asegur\u00f3 hoy que tanto la presidenta Cristina Fern\u00e1ndez de Kirchner como \u00e9l hicieron \u201ctodo lo posible para ayudar al juez a que lleve justicia a las v\u00edctimas del ataque\u201d a la AMIA, ocurrido en 1994. En una entrevista radial con NPR, uno de los medios de\u2026","rel":"","context":"En \u00abJUDICIALES\u00bb","block_context":{"text":"JUDICIALES","link":"http:\/\/www.24baires.com\/?cat=68"},"img":{"alt_text":"timerman","src":"https:\/\/i0.wp.com\/www.24baires.com\/wp-content\/uploads\/2014\/08\/timerman.jpg?resize=350%2C200","width":350,"height":200,"srcset":"https:\/\/i0.wp.com\/www.24baires.com\/wp-content\/uploads\/2014\/08\/timerman.jpg?resize=350%2C200 1x, https:\/\/i0.wp.com\/www.24baires.com\/wp-content\/uploads\/2014\/08\/timerman.jpg?resize=525%2C300 1.5x"},"classes":[]},{"id":117083,"url":"http:\/\/www.24baires.com\/?p=117083","url_meta":{"origin":68942,"position":5},"title":"Fern\u00e1ndez llam\u00f3 a los pa\u00edses latinoamericanos a buscar \u00abuna salida com\u00fan\u00bb","author":"AF","date":"27\/01\/2021","format":false,"excerpt":"\"Tenemos que estar unidos, m\u00e1s all\u00e1 de nuestras diferencias, para enfrentar los desaf\u00edos de un mundo complejo\", indic\u00f3 el Presidente durante una conferencia de prensa en la embajada argentina en Chile. El presidente Alberto Fern\u00e1ndez expres\u00f3 que \"no tiene sentido\" que los pa\u00edses de Am\u00e9rica Latina \"sigan divididos y segregados\"\u2026","rel":"","context":"En \u00abPol\u00edtica\u00bb","block_context":{"text":"Pol\u00edtica","link":"http:\/\/www.24baires.com\/?cat=51"},"img":{"alt_text":"","src":"https:\/\/i0.wp.com\/www.24baires.com\/wp-content\/uploads\/2020\/08\/alberto-fern%C3%A1ndez.jpg?resize=350%2C200","width":350,"height":200,"srcset":"https:\/\/i0.wp.com\/www.24baires.com\/wp-content\/uploads\/2020\/08\/alberto-fern%C3%A1ndez.jpg?resize=350%2C200 1x, https:\/\/i0.wp.com\/www.24baires.com\/wp-content\/uploads\/2020\/08\/alberto-fern%C3%A1ndez.jpg?resize=525%2C300 1.5x"},"classes":[]}],"jetpack_sharing_enabled":true,"jetpack_likes_enabled":true,"jetpack_featured_media_url":"","_links":{"self":[{"href":"http:\/\/www.24baires.com\/index.php?rest_route=\/wp\/v2\/posts\/68942","targetHints":{"allow":["GET"]}}],"collection":[{"href":"http:\/\/www.24baires.com\/index.php?rest_route=\/wp\/v2\/posts"}],"about":[{"href":"http:\/\/www.24baires.com\/index.php?rest_route=\/wp\/v2\/types\/post"}],"author":[{"embeddable":true,"href":"http:\/\/www.24baires.com\/index.php?rest_route=\/wp\/v2\/users\/4"}],"replies":[{"embeddable":true,"href":"http:\/\/www.24baires.com\/index.php?rest_route=%2Fwp%2Fv2%2Fcomments&post=68942"}],"version-history":[{"count":1,"href":"http:\/\/www.24baires.com\/index.php?rest_route=\/wp\/v2\/posts\/68942\/revisions"}],"predecessor-version":[{"id":68943,"href":"http:\/\/www.24baires.com\/index.php?rest_route=\/wp\/v2\/posts\/68942\/revisions\/68943"}],"wp:attachment":[{"href":"http:\/\/www.24baires.com\/index.php?rest_route=%2Fwp%2Fv2%2Fmedia&parent=68942"}],"wp:term":[{"taxonomy":"category","embeddable":true,"href":"http:\/\/www.24baires.com\/index.php?rest_route=%2Fwp%2Fv2%2Fcategories&post=68942"},{"taxonomy":"post_tag","embeddable":true,"href":"http:\/\/www.24baires.com\/index.php?rest_route=%2Fwp%2Fv2%2Ftags&post=68942"}],"curies":[{"name":"wp","href":"https:\/\/api.w.org\/{rel}","templated":true}]}}