{"id":68894,"date":"2015-07-10T16:37:36","date_gmt":"2015-07-10T19:37:36","guid":{"rendered":"http:\/\/www.24baires.com\/?p=68894"},"modified":"2015-07-11T09:34:38","modified_gmt":"2015-07-11T12:34:38","slug":"hay-que-construir-sobre-los-cimientos-de-este-proyecto-aseguro-scioli","status":"publish","type":"post","link":"http:\/\/www.24baires.com\/?p=68894","title":{"rendered":"\u00abHay que construir sobre los cimientos de este proyecto\u00bb, asegur\u00f3 Scioli"},"content":{"rendered":"<p><img data-recalc-dims=\"1\" loading=\"lazy\" decoding=\"async\" class=\"aligncenter wp-image-68895\" src=\"https:\/\/i0.wp.com\/www.24baires.com\/wp-content\/uploads\/2015\/07\/scioli-moreno.jpg?resize=560%2C373\" alt=\"scioli moreno\" width=\"560\" height=\"373\" srcset=\"https:\/\/i0.wp.com\/www.24baires.com\/wp-content\/uploads\/2015\/07\/scioli-moreno.jpg?w=515 515w, https:\/\/i0.wp.com\/www.24baires.com\/wp-content\/uploads\/2015\/07\/scioli-moreno.jpg?resize=300%2C200 300w\" sizes=\"auto, (max-width: 560px) 100vw, 560px\" \/>El gobernador bonaerense y precandidato a presidente del Frente para la Victoria asegur\u00f3 que para su espacio pol\u00edtico \u00abla verdadera victoria es la ampliaci\u00f3n de derechos\u00bb y asever\u00f3 que para el kirchnerismo \u00abla inclusi\u00f3n es un Estado en movimiento con rol activo\u00bb. Fue al inaugurar la UPA n\u00famero 12 en la Provincia.<!--more--><\/p>\n<p>Al inaugurar un centro hospital intermedio Unidad de Pronta Atenci\u00f3n UPA 12, ubicado en Cuartel Quinto de Moreno, y acompa\u00f1ado por el vicegobernador Gabriel Mariotto; el intendente Mariano West; el precandidato a gobernador de la provincia de Buenos Aires, Juli\u00e1n Dom\u00ednguez y su compa\u00f1ero de f\u00f3rmula Fernando Espinoza; Scioli se\u00f1al\u00f3 diferencias con Mauricio Macri al advertir que \u00abcon el jefe de la nueva alianza tenemos distintas prioridades\u00bb.<\/p>\n<p>\u00abTenemos obras de infraestructura y tambi\u00e9n equipamiento de los hospitales, en la sanci\u00f3n de la ley de fertilizaci\u00f3n asistida, en la cobertura de agua potable,\u201d enumer\u00f3 y recalc\u00f3 que la concepci\u00f3n del Frente para la Victoria \u201ces un un modelo humanista\u201d mientras que \u201cellos creen en el mercado\u201d y asever\u00f3 que \u201cmientras para ellos la gente es un n\u00famero, y para nosotros son almas que necesitan realizarse\u201d.<\/p>\n<p>En un acto con fuerte presencia de militantes, Scioli destac\u00f3 que \u00abesta inauguraci\u00f3n es una realidad para la Provincia de Buenos Aires, en la que estamos acercando el servicio de salud a los barrios y en los que se pueden atender al 98 por ciento de las consultas, y no hace falta que lleguen a los hospitales\u00bb.<\/p>\n<p>\u00abHemos hecho una reforma hist\u00f3rica en esta provincia y vamos a seguir sembrando parques industriales con escuelas t\u00e9cnicas porque estamos ante un Estado social activo que tiene como agenda de prioridades la salud y la educaci\u00f3n\u00bb, resalt\u00f3 Scioli.<\/p>\n<p>Antes de recorrer el hospital que ser\u00e1 el n\u00famero 12 y se espera que antes de fin de a\u00f1o sean 20 los centros UPA en total en toda la provincia, el gobernador asegur\u00f3 que llevar\u00e1n \u00abeste proyecto a la victoria que no ser\u00e1 la nuestra personal sino la victoria de los trabajadores y de los mas humildes que no es otra cosa que la felicidad del pueblo\u00bb.<\/p>\n<p>Por parte, West record\u00f3 al trabajador municipal Anastasio Soria, que falleci\u00f3 trabajando en ese lugar y anunci\u00f3 que por ese motivo y \u00abcomo forma de homenajear a un trabajador que dej\u00f3 todo como servidor p\u00fablico\u00bb, ese hospital llevar\u00e1 su nombre.<\/p>\n<p>Acompa\u00f1ado tambi\u00e9n por los ministros de Salud, Alejandro Collia; de Gobierno, Cristina Alvarez Rodr\u00edguez; de Infraestructura, Alejandro Arlia; Scioli record\u00f3 el mensaje de ayer del Papa Francisco y afirm\u00f3 que \u201cel Papa Francisco con su sabidur\u00eda marc\u00f3 una agenda que tiene que ver con lo social\u201d, y destac\u00f3 que \u201cel Frente para la Victoria significa la victoria de los humildes, de los peque\u00f1os y medianos productores\u201d.<\/p>\n<p>En esa l\u00ednea, el presidente de la C\u00e1mara de Diputados sostuvo que para el FpV esta obra el modelo humanista, social porque creemos en la solidaridad en la comunidad\u00bb y marc\u00f3 la diferencia con la oposici\u00f3n porque asegur\u00f3 que \u00abpara ellos la prioridad es otra porque creen en el mercado\u00bb.<\/p>\n","protected":false},"excerpt":{"rendered":"<p>El gobernador bonaerense y precandidato a presidente del Frente para la Victoria asegur\u00f3 que para su espacio pol\u00edtico \u00abla verdadera victoria es la ampliaci\u00f3n de derechos\u00bb y asever\u00f3 que para el kirchnerismo \u00abla inclusi\u00f3n es un Estado en movimiento con rol activo\u00bb. Fue al inaugurar la UPA n\u00famero 12 en la Provincia.<\/p>\n","protected":false},"author":8,"featured_media":0,"comment_status":"open","ping_status":"open","sticky":false,"template":"","format":"standard","meta":{"_jetpack_newsletter_access":"","_jetpack_dont_email_post_to_subs":false,"_jetpack_newsletter_tier_id":0,"_jetpack_memberships_contains_paywalled_content":false,"_jetpack_memberships_contains_paid_content":false,"footnotes":""},"categories":[51],"tags":[],"class_list":["post-68894","post","type-post","status-publish","format-standard","hentry","category-politica"],"jetpack_shortlink":"https:\/\/wp.me\/p2JWE0-hVc","jetpack-related-posts":[{"id":101122,"url":"http:\/\/www.24baires.com\/?p=101122","url_meta":{"origin":68894,"position":0},"title":"Indagar\u00e1n a Scioli por irregularidades en la construcci\u00f3n de las UPA 24","author":"AF","date":"17\/03\/2018","format":false,"excerpt":"El ex gobernador Daniel Scioli y quien fuera su ministro de Salud, Alejandro Collia, fueron imputados y citados a prestar declaraci\u00f3n indagatoria en el marco de una causa que investiga presuntas irregularidades en la adjudicaci\u00f3n de ocho Unidades de Pronta Atenci\u00f3n (UPA 24) para las que se destinaron m\u00e1s de\u2026","rel":"","context":"En \u00abJUDICIALES\u00bb","block_context":{"text":"JUDICIALES","link":"http:\/\/www.24baires.com\/?cat=68"},"img":{"alt_text":"","src":"https:\/\/i0.wp.com\/www.24baires.com\/wp-content\/uploads\/2014\/05\/Daniel-Scioli.jpg?resize=350%2C200","width":350,"height":200,"srcset":"https:\/\/i0.wp.com\/www.24baires.com\/wp-content\/uploads\/2014\/05\/Daniel-Scioli.jpg?resize=350%2C200 1x, https:\/\/i0.wp.com\/www.24baires.com\/wp-content\/uploads\/2014\/05\/Daniel-Scioli.jpg?resize=525%2C300 1.5x"},"classes":[]},{"id":64239,"url":"http:\/\/www.24baires.com\/?p=64239","url_meta":{"origin":68894,"position":1},"title":"Avanza la creaci\u00f3n de la nueva Universidad Nacional de Hurlingham","author":"Grupo Sierra","date":"14\/04\/2015","format":false,"excerpt":"La semana que viene se conocer\u00e1 el plan de carreras y qui\u00e9n ser\u00e1 el rector normalizador. En un mes se inaugurar\u00e1 la UPA de Villa Tesei. El concejal Juan Zabaleta y precandidato a intendente de Hurlingham elogi\u00f3 la entrega de 200 escrituras que presidi\u00f3 Daniel Scioli. \u201cEsto es generar derechos\u2026","rel":"","context":"En \u00abLocales\u00bb","block_context":{"text":"Locales","link":"http:\/\/www.24baires.com\/?cat=38"},"img":{"alt_text":"","src":"","width":0,"height":0},"classes":[]},{"id":33434,"url":"http:\/\/www.24baires.com\/?p=33434","url_meta":{"origin":68894,"position":2},"title":"Nueva unidad de pronta atenci\u00f3n para Los Hornos","author":"AF","date":"12\/10\/2013","format":false,"excerpt":"Los m\u00e1s de cien mil vecinos de la localidad platense de Los Hornos, la localidad m\u00e1s populosa del partido de La Plata, cuenta desde este viernes con la flamante sexta Unidad de Pronta Atenci\u00f3n (UPA) de la provincia de Buenos Aires.\u00a0 La UPA fue inaugurada esta ma\u00f1ana por el gobernador\u2026","rel":"","context":"En \u00abLocales\u00bb","block_context":{"text":"Locales","link":"http:\/\/www.24baires.com\/?cat=38"},"img":{"alt_text":"","src":"","width":0,"height":0},"classes":[]},{"id":73082,"url":"http:\/\/www.24baires.com\/?p=73082","url_meta":{"origin":68894,"position":3},"title":"Scioli inaugura una Unidad de Pronta Atenci\u00f3n en Quilmes","author":"GB","date":"04\/10\/2015","format":false,"excerpt":"El gobernador Daniel Scioli inaugurar\u00e1 este domingo desde las 10.30, en Quilmes, el hospital intermedio Unidad de Pronta Atenci\u00f3n n\u00famero 17 (UPA 24), junto al intendente local, Francisco \u201cBarba\u201d Guti\u00e9rrez. La actividad se desarrollar\u00e1 en la UPA ubicada en Cabo Sessa entre 185 y 186, a 400 metros de Camino\u2026","rel":"","context":"En \u00abPol\u00edtica\u00bb","block_context":{"text":"Pol\u00edtica","link":"http:\/\/www.24baires.com\/?cat=51"},"img":{"alt_text":"scioli cierre campa\u00f1a","src":"https:\/\/i0.wp.com\/www.24baires.com\/wp-content\/uploads\/2015\/08\/scioli-cierre-campa%C3%B1a.jpg?resize=350%2C200","width":350,"height":200,"srcset":"https:\/\/i0.wp.com\/www.24baires.com\/wp-content\/uploads\/2015\/08\/scioli-cierre-campa%C3%B1a.jpg?resize=350%2C200 1x, https:\/\/i0.wp.com\/www.24baires.com\/wp-content\/uploads\/2015\/08\/scioli-cierre-campa%C3%B1a.jpg?resize=525%2C300 1.5x"},"classes":[]},{"id":120181,"url":"http:\/\/www.24baires.com\/?p=120181","url_meta":{"origin":68894,"position":4},"title":"El Frente de Todos pasa a llamarse \u00abUni\u00f3n por la Patria\u00bb","author":"AF","date":"14\/06\/2023","format":false,"excerpt":"Los distintos sectores que componen el frente oficialista mantienen reuniones para definir, entre otras cosas, la constituci\u00f3n de su junta partidaria y el reglamento electoral que fijar\u00e1 pisos y porcentajes para la integraci\u00f3n de listas. El Frente de Todos (FdT) se llamar\u00e1 Uni\u00f3n por la Patria (UxP) en las pr\u00f3ximas\u2026","rel":"","context":"En \u00abPol\u00edtica\u00bb","block_context":{"text":"Pol\u00edtica","link":"http:\/\/www.24baires.com\/?cat=51"},"img":{"alt_text":"","src":"https:\/\/i0.wp.com\/www.24baires.com\/wp-content\/uploads\/2023\/06\/cfk-25-5.png?resize=350%2C200","width":350,"height":200,"srcset":"https:\/\/i0.wp.com\/www.24baires.com\/wp-content\/uploads\/2023\/06\/cfk-25-5.png?resize=350%2C200 1x, https:\/\/i0.wp.com\/www.24baires.com\/wp-content\/uploads\/2023\/06\/cfk-25-5.png?resize=525%2C300 1.5x, https:\/\/i0.wp.com\/www.24baires.com\/wp-content\/uploads\/2023\/06\/cfk-25-5.png?resize=700%2C400 2x, https:\/\/i0.wp.com\/www.24baires.com\/wp-content\/uploads\/2023\/06\/cfk-25-5.png?resize=1050%2C600 3x"},"classes":[]},{"id":70821,"url":"http:\/\/www.24baires.com\/?p=70821","url_meta":{"origin":68894,"position":5},"title":"\u201cAunque algunos quieran cambiar la agenda, vamos a focalizar en lo que importa\u201d","author":"AF","date":"19\/08\/2015","format":false,"excerpt":"El candidato presidencial por el Frente para la Victoria y gobernador bonaerense, Daniel Scioli, asegur\u00f3 hoy que las UPA (Unidades de Pronta Atenci\u00f3n) van a llegar al \"interior profundo\" de la Argentina en el caso de que se consagre como presidente en octubre y dijo que lo mismo har\u00e1 con\u2026","rel":"","context":"En \u00abPol\u00edtica\u00bb","block_context":{"text":"Pol\u00edtica","link":"http:\/\/www.24baires.com\/?cat=51"},"img":{"alt_text":"scioli zannini","src":"https:\/\/i0.wp.com\/www.24baires.com\/wp-content\/uploads\/2015\/07\/scioli-zannini-e1437751154538.jpg?resize=350%2C200","width":350,"height":200,"srcset":"https:\/\/i0.wp.com\/www.24baires.com\/wp-content\/uploads\/2015\/07\/scioli-zannini-e1437751154538.jpg?resize=350%2C200 1x, https:\/\/i0.wp.com\/www.24baires.com\/wp-content\/uploads\/2015\/07\/scioli-zannini-e1437751154538.jpg?resize=525%2C300 1.5x"},"classes":[]}],"jetpack_sharing_enabled":true,"jetpack_likes_enabled":true,"jetpack_featured_media_url":"","_links":{"self":[{"href":"http:\/\/www.24baires.com\/index.php?rest_route=\/wp\/v2\/posts\/68894","targetHints":{"allow":["GET"]}}],"collection":[{"href":"http:\/\/www.24baires.com\/index.php?rest_route=\/wp\/v2\/posts"}],"about":[{"href":"http:\/\/www.24baires.com\/index.php?rest_route=\/wp\/v2\/types\/post"}],"author":[{"embeddable":true,"href":"http:\/\/www.24baires.com\/index.php?rest_route=\/wp\/v2\/users\/8"}],"replies":[{"embeddable":true,"href":"http:\/\/www.24baires.com\/index.php?rest_route=%2Fwp%2Fv2%2Fcomments&post=68894"}],"version-history":[{"count":1,"href":"http:\/\/www.24baires.com\/index.php?rest_route=\/wp\/v2\/posts\/68894\/revisions"}],"predecessor-version":[{"id":68896,"href":"http:\/\/www.24baires.com\/index.php?rest_route=\/wp\/v2\/posts\/68894\/revisions\/68896"}],"wp:attachment":[{"href":"http:\/\/www.24baires.com\/index.php?rest_route=%2Fwp%2Fv2%2Fmedia&parent=68894"}],"wp:term":[{"taxonomy":"category","embeddable":true,"href":"http:\/\/www.24baires.com\/index.php?rest_route=%2Fwp%2Fv2%2Fcategories&post=68894"},{"taxonomy":"post_tag","embeddable":true,"href":"http:\/\/www.24baires.com\/index.php?rest_route=%2Fwp%2Fv2%2Ftags&post=68894"}],"curies":[{"name":"wp","href":"https:\/\/api.w.org\/{rel}","templated":true}]}}