{"id":68809,"date":"2015-07-08T20:15:51","date_gmt":"2015-07-08T23:15:51","guid":{"rendered":"http:\/\/www.24baires.com\/?p=68809"},"modified":"2015-07-08T19:49:01","modified_gmt":"2015-07-08T22:49:01","slug":"sola-trato-de-traidores-y-cagones-a-de-narvaez-y-giustozzi","status":"publish","type":"post","link":"http:\/\/www.24baires.com\/?p=68809","title":{"rendered":"Sol\u00e1 trat\u00f3 de \u00abtraidores y cagones\u00bb a De Narv\u00e1ez y Giustozzi"},"content":{"rendered":"<p><img data-recalc-dims=\"1\" loading=\"lazy\" decoding=\"async\" class=\"aligncenter size-full wp-image-50552\" src=\"https:\/\/i0.wp.com\/www.24baires.com\/wp-content\/uploads\/2014\/07\/felipe-sol%C3%A1.jpg?resize=560%2C336\" alt=\"felipe sol\u00e1\" width=\"560\" height=\"336\" srcset=\"https:\/\/i0.wp.com\/www.24baires.com\/wp-content\/uploads\/2014\/07\/felipe-sol%C3%A1.jpg?w=560 560w, https:\/\/i0.wp.com\/www.24baires.com\/wp-content\/uploads\/2014\/07\/felipe-sol%C3%A1.jpg?resize=300%2C180 300w\" sizes=\"auto, (max-width: 560px) 100vw, 560px\" \/>El precandidato a Gobernador bonaerense se refiri\u00f3 a la interna que sufri\u00f3 el Frente Renovador. Sostuvo que \u00abhubo errores de conducci\u00f3n, pero el que tiene que dar explicaciones es el que se va, no el que se queda\u00bb. \u00abHay que preguntarle a Giustozzi qu\u00e9 pas\u00f3, si su mam\u00e1 lo hizo traidor o \u00e9l se volvi\u00f3 traidor, y a De Narv\u00e1ez por qu\u00e9 cree que la pol\u00edtica es un negocio, que si puede perder plata se va\u00bb, dispar\u00f3.<!--more--><\/p>\n<p>Felipe Sol\u00e1 se refiri\u00f3 a la brutal interna que sufri\u00f3 el Frente Renovador y se refiri\u00f3 a las bajas de Dar\u00edo Giustozzi y Francisco De Narv\u00e1ez, quienes se hab\u00edan postulado para Gobernador.<\/p>\n<p>\u00abHay que preguntarle a Giustozzi qu\u00e9 pas\u00f3, si su mam\u00e1 lo hizo traidor o \u00e9l se volvi\u00f3 traidor, y a De Narv\u00e1ez por qu\u00e9 cree que la pol\u00edtica es un negocio, que si puede perder plata se va\u00bb, dispar\u00f3.<\/p>\n<p>Sol\u00e1 consider\u00f3 que tanto Giustozzi como De Narv\u00e1ez saltaron del Frente Renovador \u00abporque son cagones, y \u00e9sa es una de las condiciones. Las otras las tendr\u00edan que explicar los que se fueron.<\/p>\n<p>Tendr\u00edan que explicar por qu\u00e9 est\u00e1n en pol\u00edtica. El que huye y el traicionero es el que debe explicar\u00bb, agreg\u00f3 en declaraciones a la agencia de noticias AgenHoy.<\/p>\n<p>Sobre el escenario electoral de cara a las PASO, el exgobernador aclar\u00f3 que \u00abnuestra aspiraci\u00f3n es entrar al balotaje. Mi candidatura trata de ayudar en todo lo posible a una mejor performance de Massa\u00bb.<\/p>\n<p>El dirigente record\u00f3 que \u00abgracias a Sergio Massa no hay C\u00f3digo Penal abolicionista y no hay re-reelecci\u00f3n, lo que le permite una posibilidad de cambio al pa\u00eds\u00bb.<\/p>\n<p>&nbsp;<\/p>\n<p>&nbsp;<\/p>\n<p>&nbsp;<\/p>\n<p>&nbsp;<\/p>\n<p>&nbsp;<\/p>\n<p>&nbsp;<\/p>\n<p>&nbsp;<\/p>\n<p>&nbsp;<\/p>\n<p>&nbsp;<\/p>\n<p>&nbsp;<\/p>\n<p>&nbsp;<\/p>\n<p>&nbsp;<\/p>\n<p>&nbsp;<\/p>\n<p>&nbsp;<\/p>\n<p>&nbsp;<\/p>\n<p>&nbsp;<\/p>\n<p>&nbsp;<\/p>\n<p>&nbsp;<\/p>\n","protected":false},"excerpt":{"rendered":"<p>El precandidato a Gobernador bonaerense se refiri\u00f3 a la interna que sufri\u00f3 el Frente Renovador. Sostuvo que \u00abhubo errores de conducci\u00f3n, pero el que tiene que dar explicaciones es el que se va, no el que se queda\u00bb. \u00abHay que preguntarle a Giustozzi qu\u00e9 pas\u00f3, si su mam\u00e1 lo hizo traidor o \u00e9l se volvi\u00f3 traidor, y a De Narv\u00e1ez [&#8230;]<\/p>\n","protected":false},"author":8,"featured_media":0,"comment_status":"open","ping_status":"open","sticky":false,"template":"","format":"standard","meta":{"_jetpack_newsletter_access":"","_jetpack_dont_email_post_to_subs":false,"_jetpack_newsletter_tier_id":0,"_jetpack_memberships_contains_paywalled_content":false,"_jetpack_memberships_contains_paid_content":false,"footnotes":""},"categories":[51],"tags":[],"class_list":["post-68809","post","type-post","status-publish","format-standard","hentry","category-politica"],"jetpack_shortlink":"https:\/\/wp.me\/p2JWE0-hTP","jetpack-related-posts":[{"id":65066,"url":"http:\/\/www.24baires.com\/?p=65066","url_meta":{"origin":68809,"position":0},"title":"\u00abDe Narv\u00e1ez no tiene capacidad para ser Gobernador\u00bb","author":"GB","date":"29\/04\/2015","format":false,"excerpt":"El Intendente de Almirante Brown y referenciado en el giustozzismo, Daniel Bolettieri, cruz\u00f3 a Francisco De Narv\u00e1ez, el rival a vencer para esa tropa. Un cruce que reanima la interna provincial por la Gobernaci\u00f3n. El Intendente interino del distrito, precandidato a erigirse como el sucesor oficial, reaviv\u00f3 la interna en\u2026","rel":"","context":"En \u00abLocales\u00bb","block_context":{"text":"Locales","link":"http:\/\/www.24baires.com\/?cat=38"},"img":{"alt_text":"","src":"https:\/\/i0.wp.com\/www.24baires.com\/wp-content\/uploads\/2015\/04\/Bolettieri.jpg?resize=350%2C200","width":350,"height":200,"srcset":"https:\/\/i0.wp.com\/www.24baires.com\/wp-content\/uploads\/2015\/04\/Bolettieri.jpg?resize=350%2C200 1x, https:\/\/i0.wp.com\/www.24baires.com\/wp-content\/uploads\/2015\/04\/Bolettieri.jpg?resize=525%2C300 1.5x"},"classes":[]},{"id":61017,"url":"http:\/\/www.24baires.com\/?p=61017","url_meta":{"origin":68809,"position":1},"title":"Giustozzi perdi\u00f3 un hombre a manos de Insaurralde","author":"Grupo Sierra","date":"30\/01\/2015","format":false,"excerpt":"El exintendente de Almirante Brown vive sus horas m\u00e1s dif\u00edciles en el Frente Renovador. A la dura competencia interna, reforzada por la llegada de De Narv\u00e1ez, se le sum\u00f3 el despegue de Randazzo y la cercan\u00eda de un intendente que le responde a Mart\u00edn Insaurralde. No son horas f\u00e1ciles para\u2026","rel":"","context":"En \u00abElecciones 2015\u00bb","block_context":{"text":"Elecciones 2015","link":"http:\/\/www.24baires.com\/?cat=74"},"img":{"alt_text":"Giustozzi","src":"https:\/\/i0.wp.com\/www.24baires.com\/wp-content\/uploads\/2013\/08\/Giustozzi.jpg?resize=350%2C200","width":350,"height":200},"classes":[]},{"id":65463,"url":"http:\/\/www.24baires.com\/?p=65463","url_meta":{"origin":68809,"position":2},"title":"Giustozzi ratific\u00f3 su alianza con Massa, aunque no descarta alejarse del FR","author":"AF","date":"06\/05\/2015","format":false,"excerpt":"El diputado nacional del Frente Renovador Dar\u00edo Giustozzi confirm\u00f3 su pertenencia al Frente Renovador, pese a que en ese espacio que lidera Sergio Massa admiten que est\u00e1 \"conversando\" con otros sectores y no descartan una posible salida, disconforme con los t\u00e9rminos en que se plantea la interna de precandidatos a\u2026","rel":"","context":"En \u00abElecciones 2015\u00bb","block_context":{"text":"Elecciones 2015","link":"http:\/\/www.24baires.com\/?cat=74"},"img":{"alt_text":"","src":"https:\/\/i0.wp.com\/www.24baires.com\/wp-content\/uploads\/2015\/05\/giustozzi.jpg?resize=350%2C200","width":350,"height":200,"srcset":"https:\/\/i0.wp.com\/www.24baires.com\/wp-content\/uploads\/2015\/05\/giustozzi.jpg?resize=350%2C200 1x, https:\/\/i0.wp.com\/www.24baires.com\/wp-content\/uploads\/2015\/05\/giustozzi.jpg?resize=525%2C300 1.5x"},"classes":[]},{"id":58358,"url":"http:\/\/www.24baires.com\/?p=58358","url_meta":{"origin":68809,"position":3},"title":"El Frente Renovador buscar\u00e1 sumar a De Narv\u00e1ez en sus filas","author":"GB","date":"09\/12\/2014","format":false,"excerpt":"Dirigentes del FR avanzan en las negociaciones con el diputado Francisco De Narv\u00e1ez para incorporarlo a su abanico de precandidatos a gobernador bonaerense, aunque a\u00fan resta que mantenga una reuni\u00f3n con el propio Sergio Massa. Seg\u00fan pudo confirmar T\u00e9lam de fuentes del FR, De Narv\u00e1ez se habr\u00eda reunido para hablar\u2026","rel":"","context":"En \u00abElecciones 2015\u00bb","block_context":{"text":"Elecciones 2015","link":"http:\/\/www.24baires.com\/?cat=74"},"img":{"alt_text":"de narv\u00e1ez2","src":"https:\/\/i0.wp.com\/www.24baires.com\/wp-content\/uploads\/2013\/05\/de-narv%C3%A1ez2.jpg?resize=350%2C200","width":350,"height":200,"srcset":"https:\/\/i0.wp.com\/www.24baires.com\/wp-content\/uploads\/2013\/05\/de-narv%C3%A1ez2.jpg?resize=350%2C200 1x, https:\/\/i0.wp.com\/www.24baires.com\/wp-content\/uploads\/2013\/05\/de-narv%C3%A1ez2.jpg?resize=525%2C300 1.5x"},"classes":[]},{"id":63018,"url":"http:\/\/www.24baires.com\/?p=63018","url_meta":{"origin":68809,"position":4},"title":"\u00abSi De Narv\u00e1ez se baja, podr\u00eda ser parte del Gabinete massista\u00bb","author":"Grupo Sierra","date":"11\/03\/2015","format":false,"excerpt":"El diputado Mario Giacobbe, que responde a Giustozzi, opin\u00f3 que \u201cser\u00eda viable\u201d que De Narv\u00e1ez renuncia a su precandidatura. Le ofreci\u00f3 ser \u201cministro de Seguridad\u201d. El diputado giustozzista Mario Giacobbe, emprendi\u00f3 un duro diagn\u00f3stico sobre el futuro de Francisco De Narv\u00e1ez, candidato a Gobernador por el Frente Renovador, a quien\u2026","rel":"","context":"En \u00abElecciones 2015\u00bb","block_context":{"text":"Elecciones 2015","link":"http:\/\/www.24baires.com\/?cat=74"},"img":{"alt_text":"denarvaez1","src":"https:\/\/i0.wp.com\/www.24baires.com\/wp-content\/uploads\/2012\/12\/denarvaez1.jpg?resize=350%2C200","width":350,"height":200,"srcset":"https:\/\/i0.wp.com\/www.24baires.com\/wp-content\/uploads\/2012\/12\/denarvaez1.jpg?resize=350%2C200 1x, https:\/\/i0.wp.com\/www.24baires.com\/wp-content\/uploads\/2012\/12\/denarvaez1.jpg?resize=525%2C300 1.5x"},"classes":[]},{"id":47583,"url":"http:\/\/www.24baires.com\/?p=47583","url_meta":{"origin":68809,"position":5},"title":"Felipe Sol\u00e1 quiere volver a la gobernaci\u00f3n","author":"Grupo Sierra","date":"07\/06\/2014","format":false,"excerpt":"El diputado va en las filas del massismo y se enfrentar\u00eda en las primarias del Frente Renovador a Dar\u00edo Giustozzi y Gustavo Posse. El diputado Felipe Sol\u00e1 afirm\u00f3 que quiere \u201cvolver a ser gobernador compitiendo en las primarias\u201d del Frente Renovador para la Provincia y se\u00f1al\u00f3 que cuenta con \u201cel\u2026","rel":"","context":"En \u00abElecciones 2015\u00bb","block_context":{"text":"Elecciones 2015","link":"http:\/\/www.24baires.com\/?cat=74"},"img":{"alt_text":"sol\u00e1","src":"https:\/\/i0.wp.com\/www.24baires.com\/wp-content\/uploads\/2012\/10\/sol%C3%A1.jpg?resize=350%2C200","width":350,"height":200,"srcset":"https:\/\/i0.wp.com\/www.24baires.com\/wp-content\/uploads\/2012\/10\/sol%C3%A1.jpg?resize=350%2C200 1x, https:\/\/i0.wp.com\/www.24baires.com\/wp-content\/uploads\/2012\/10\/sol%C3%A1.jpg?resize=525%2C300 1.5x"},"classes":[]}],"jetpack_sharing_enabled":true,"jetpack_likes_enabled":true,"jetpack_featured_media_url":"","_links":{"self":[{"href":"http:\/\/www.24baires.com\/index.php?rest_route=\/wp\/v2\/posts\/68809","targetHints":{"allow":["GET"]}}],"collection":[{"href":"http:\/\/www.24baires.com\/index.php?rest_route=\/wp\/v2\/posts"}],"about":[{"href":"http:\/\/www.24baires.com\/index.php?rest_route=\/wp\/v2\/types\/post"}],"author":[{"embeddable":true,"href":"http:\/\/www.24baires.com\/index.php?rest_route=\/wp\/v2\/users\/8"}],"replies":[{"embeddable":true,"href":"http:\/\/www.24baires.com\/index.php?rest_route=%2Fwp%2Fv2%2Fcomments&post=68809"}],"version-history":[{"count":1,"href":"http:\/\/www.24baires.com\/index.php?rest_route=\/wp\/v2\/posts\/68809\/revisions"}],"predecessor-version":[{"id":68810,"href":"http:\/\/www.24baires.com\/index.php?rest_route=\/wp\/v2\/posts\/68809\/revisions\/68810"}],"wp:attachment":[{"href":"http:\/\/www.24baires.com\/index.php?rest_route=%2Fwp%2Fv2%2Fmedia&parent=68809"}],"wp:term":[{"taxonomy":"category","embeddable":true,"href":"http:\/\/www.24baires.com\/index.php?rest_route=%2Fwp%2Fv2%2Fcategories&post=68809"},{"taxonomy":"post_tag","embeddable":true,"href":"http:\/\/www.24baires.com\/index.php?rest_route=%2Fwp%2Fv2%2Ftags&post=68809"}],"curies":[{"name":"wp","href":"https:\/\/api.w.org\/{rel}","templated":true}]}}