{"id":68764,"date":"2015-07-08T11:10:12","date_gmt":"2015-07-08T14:10:12","guid":{"rendered":"http:\/\/www.24baires.com\/?p=68764"},"modified":"2015-07-08T12:18:37","modified_gmt":"2015-07-08T15:18:37","slug":"ratifican-que-la-afi-no-hara-inteligencia-sobre-actividades-politicas","status":"publish","type":"post","link":"http:\/\/www.24baires.com\/?p=68764","title":{"rendered":"Ratifican que la AFI no har\u00e1 inteligencia sobre actividades pol\u00edticas"},"content":{"rendered":"<p>Lo hizo An\u00edbal Fern\u00e1ndez, quien asegur\u00f3 que uno de los objetivos del organismo ser\u00e1 \u00abinvestigar a bancos, empresas o compa\u00f1\u00edas financieras que sean las que motiven o generen corridas bancarias o desestabilizaciones\u00bb que intenten \u00abafectar la gesti\u00f3n del Gobierno\u00bb.<!--more--><\/p>\n<p>\u00abUno de los puntos que toca, son los que le han hecho mucho da\u00f1o a la Argentina y que es imperioso que sean investigados y analizados, espec\u00edficamente cuando bancos, empresas o cuando compa\u00f1\u00edas financieras sean las que motiven o generen corridas bancarias, desestabilizaciones o movimientos de mercados. Acciones de esas caracter\u00edsticas que desestabilicen a la gesti\u00f3n de Gobierno o que puedan ser nocivas e impacten concretamente contra la gesti\u00f3n del Gobierno\u00bb, dijo cuando ingresaba a Casa de Gobierno.<\/p>\n<p>Fern\u00e1ndez puso como ejemplo la posibilidad de que cierto tipo de operaciones financieras tengan como objetivo poner \u00aben vilo la situaci\u00f3n del Gobierno de los argentinos, sobre todo en funci\u00f3n de defensa de los intereses de los argentinos\u00bb.<\/p>\n<p>Al argumentar sobre la creaci\u00f3n de la AFI, el jefe de Gabinete asegur\u00f3 que \u00abcuando ocurren situaciones, graves situaciones de esas caracter\u00edsticas, como pueden ser corridas bancarias o corridas cambiarias, y en el caso de las cambiarias, hay que recordar, -hemos recibido tres muy fuertes, una de 15 mil millones de d\u00f3lares-, que impacta de lleno sobre los argentinos y hay que evitar esa situaci\u00f3n\u00bb.<\/p>\n<p>Ayer, el titular de la Agencia Federal de Inteligencia (AFI), Oscar Parrilli asegur\u00f3 que el objetivo del flamante organismo es el de \u00abcuidar, no espiar a los argentinos\u201d y calific\u00f3 como \u00abun d\u00eda hist\u00f3rico para la calidad institucional\u201d de la Argentina la puesta en marcha del nuevo ente.<\/p>\n<p>Fern\u00e1ndez destac\u00f3 que \u00ablo que permitir\u00e1n estas investigaciones (de la AFI) es determinar a los responsables de esas maniobras y que la legislaci\u00f3n argentina los juzgue\u00bb.<\/p>\n<p>Consultado sobre c\u00f3mo ser\u00e1 la metodolog\u00eda de las investigaciones, respondi\u00f3 que \u00abes un tema muy puntual que no puedo yo responder, es un tema muy particular que no lo puedo conocer\u00bb.<\/p>\n<p>Sobre si el accionar de la AFI puede ser utilizado \u00abpol\u00edticamente\u00bb, asegur\u00f3 que \u00abla legislaci\u00f3n proh\u00edbe expresamente ese accionar. La ley 25.520, la ley de Inteligencia, dice espec\u00edficamente hasta d\u00f3nde se puede llegar con cada una de esas investigaciones. La AFI no se va a apartar de la Ley de Inteligencia de ninguna manera, con lo cual como no puede hacer inteligencia sobre particulares. \u00bfY cu\u00e1ndo lo puede hacer?. Cuando el Ministerio P\u00fablico Fiscal, espec\u00edficamente a trav\u00e9s de la decisi\u00f3n de un juez, tome la decisi\u00f3n de que se investigue\u00bb.<\/p>\n<p>Consultado sobre el rechazo de un sector empresario, Fern\u00e1ndez respondi\u00f3: \u00abyo no los he escuchado, pero el objetivo que se persigue es otra cosa, no es contra ellos. Me parece que el empresario que no tiene nada que ver con las corridas cambiarias o bancarias o desestabilizaciones del mercado, no tendr\u00edan porqu\u00e9 preocuparse por nada. \u00bfPor qu\u00e9 se tienen que preocupar?\u00bb.<\/p>\n","protected":false},"excerpt":{"rendered":"<p>Lo hizo An\u00edbal Fern\u00e1ndez, quien asegur\u00f3 que uno de los objetivos del organismo ser\u00e1 \u00abinvestigar a bancos, empresas o compa\u00f1\u00edas financieras que sean las que motiven o generen corridas bancarias o desestabilizaciones\u00bb que intenten \u00abafectar la gesti\u00f3n del Gobierno\u00bb.<\/p>\n","protected":false},"author":4,"featured_media":0,"comment_status":"open","ping_status":"open","sticky":false,"template":"","format":"standard","meta":{"_jetpack_newsletter_access":"","_jetpack_dont_email_post_to_subs":false,"_jetpack_newsletter_tier_id":0,"_jetpack_memberships_contains_paywalled_content":false,"_jetpack_memberships_contains_paid_content":false,"footnotes":""},"categories":[51],"tags":[],"class_list":["post-68764","post","type-post","status-publish","format-standard","hentry","category-politica"],"jetpack_shortlink":"https:\/\/wp.me\/p2JWE0-hT6","jetpack-related-posts":[{"id":120545,"url":"http:\/\/www.24baires.com\/?p=120545","url_meta":{"origin":68764,"position":0},"title":"Acusan a Milei de hacer \u00abterrorismo econ\u00f3mico\u00bb para desestabilizar el sistema","author":"AF","date":"10\/10\/2023","format":false,"excerpt":"Desde Agust\u00edn Rossi y Axel Kicillof a Daniel Men\u00e9ndez, Myriam Bregman y Patricia Bullrich rechazaron las declaraciones del candidato de LLA sobre el peso, los plazos fijos y el funcionamiento del sistema financiero. \u00abTiene una clara intenci\u00f3n de generar zozobra y provocar una crisis financiera\u00bb, denunci\u00f3 la Asociaci\u00f3n Bancaria. Las\u2026","rel":"","context":"En \u00abPol\u00edtica\u00bb","block_context":{"text":"Pol\u00edtica","link":"http:\/\/www.24baires.com\/?cat=51"},"img":{"alt_text":"","src":"https:\/\/i0.wp.com\/www.24baires.com\/wp-content\/uploads\/2023\/08\/milei-2.webp?resize=350%2C200","width":350,"height":200,"srcset":"https:\/\/i0.wp.com\/www.24baires.com\/wp-content\/uploads\/2023\/08\/milei-2.webp?resize=350%2C200 1x, https:\/\/i0.wp.com\/www.24baires.com\/wp-content\/uploads\/2023\/08\/milei-2.webp?resize=525%2C300 1.5x, https:\/\/i0.wp.com\/www.24baires.com\/wp-content\/uploads\/2023\/08\/milei-2.webp?resize=700%2C400 2x"},"classes":[]},{"id":102825,"url":"http:\/\/www.24baires.com\/?p=102825","url_meta":{"origin":68764,"position":1},"title":"La Bancaria confirm\u00f3 que se suma al paro general del pr\u00f3ximo lunes","author":"GB","date":"18\/06\/2018","format":false,"excerpt":"Los bancos permanecer\u00e1n cerrados durante tres d\u00edas seguidos: s\u00e1bado 23, domingo 24 y lunes 25. El gremio exigi\u00f3 un cambio urgente de pol\u00edtica econ\u00f3mica del gobierno de Mauricio Macri. La Asociaci\u00f3n Bancaria confirm\u00f3 este lunes que adherir\u00e1 al paro general convocado por la CGT para el pr\u00f3ximo lunes 25 de\u2026","rel":"","context":"En \u00abPol\u00edtica\u00bb","block_context":{"text":"Pol\u00edtica","link":"http:\/\/www.24baires.com\/?cat=51"},"img":{"alt_text":"","src":"https:\/\/i0.wp.com\/www.24baires.com\/wp-content\/uploads\/2014\/06\/paro-bancario.jpg?resize=350%2C200","width":350,"height":200,"srcset":"https:\/\/i0.wp.com\/www.24baires.com\/wp-content\/uploads\/2014\/06\/paro-bancario.jpg?resize=350%2C200 1x, https:\/\/i0.wp.com\/www.24baires.com\/wp-content\/uploads\/2014\/06\/paro-bancario.jpg?resize=525%2C300 1.5x"},"classes":[]},{"id":101946,"url":"http:\/\/www.24baires.com\/?p=101946","url_meta":{"origin":68764,"position":2},"title":"La revista Forbes dijo que \u00abes hora de salir corriendo de Argentina\u00bb","author":"AF","date":"03\/05\/2018","format":false,"excerpt":"As\u00ed lo sostuvo la consultada publicaci\u00f3n econ\u00f3mica de gran influencia sobre los principales inversionistas del mundo. \"El pensamiento es que podr\u00edamos ver una repetici\u00f3n de 2001 en Argentina\", dice la publicaci\u00f3n. La publicaci\u00f3n econ\u00f3mica estadounidense, muy consultada por las principales entidades financieras del Planeta, escribi\u00f3 un art\u00edculo titulado \"Podr\u00eda ser\u2026","rel":"","context":"En \u00abEconom\u00eda\u00bb","block_context":{"text":"Econom\u00eda","link":"http:\/\/www.24baires.com\/?cat=45"},"img":{"alt_text":"","src":"https:\/\/i0.wp.com\/www.24baires.com\/wp-content\/uploads\/2018\/01\/macri-ojos.jpg?resize=350%2C200","width":350,"height":200,"srcset":"https:\/\/i0.wp.com\/www.24baires.com\/wp-content\/uploads\/2018\/01\/macri-ojos.jpg?resize=350%2C200 1x, https:\/\/i0.wp.com\/www.24baires.com\/wp-content\/uploads\/2018\/01\/macri-ojos.jpg?resize=525%2C300 1.5x"},"classes":[]},{"id":115644,"url":"http:\/\/www.24baires.com\/?p=115644","url_meta":{"origin":68764,"position":3},"title":"Pymes reclaman cr\u00e9ditos \u00abblandos\u00bb de la banca privada para pagar los aguinaldos","author":"GB","date":"16\/07\/2020","format":false,"excerpt":"Desde la CGERA reconocieron que \"no podemos pedir mas al Estado en este momento\", por lo que reclamaron la intervenci\u00f3n del sistema financiero privado para mitigar la situaci\u00f3n. Las C\u00e1maras empresarias asociadas a la Confederaci\u00f3n General Empresaria de la Rep\u00fablica Argentina (CGERA) advirtieron que el pago del medio aguinaldo les\u2026","rel":"","context":"En \u00abEconom\u00eda\u00bb","block_context":{"text":"Econom\u00eda","link":"http:\/\/www.24baires.com\/?cat=45"},"img":{"alt_text":"","src":"https:\/\/i0.wp.com\/www.24baires.com\/wp-content\/uploads\/2020\/04\/alberto-pyme.jpg?resize=350%2C200","width":350,"height":200,"srcset":"https:\/\/i0.wp.com\/www.24baires.com\/wp-content\/uploads\/2020\/04\/alberto-pyme.jpg?resize=350%2C200 1x, https:\/\/i0.wp.com\/www.24baires.com\/wp-content\/uploads\/2020\/04\/alberto-pyme.jpg?resize=525%2C300 1.5x"},"classes":[]},{"id":111396,"url":"http:\/\/www.24baires.com\/?p=111396","url_meta":{"origin":68764,"position":4},"title":"Alberto Fern\u00e1ndez dijo que el Gobierno sube la tasa de las Leliq para aguantar el d\u00f3lar","author":"AF","date":"30\/07\/2019","format":false,"excerpt":"El Banco Central elev\u00f3 otra vez el rendimiento de estas letras y cerr\u00f3 en 60,272% anual, el m\u00e1ximo valor desde el 5 de julio pasado. El precandidato presidencial por el Frente de Todos, Alberto Fern\u00e1ndez, critic\u00f3 este martes al titular del Banco Central, Guido Sandleris, por volver a incrementar la\u2026","rel":"","context":"En \u00abPol\u00edtica\u00bb","block_context":{"text":"Pol\u00edtica","link":"http:\/\/www.24baires.com\/?cat=51"},"img":{"alt_text":"","src":"https:\/\/i0.wp.com\/www.24baires.com\/wp-content\/uploads\/2019\/07\/fern%C3%A1ndez.jpg?resize=350%2C200","width":350,"height":200,"srcset":"https:\/\/i0.wp.com\/www.24baires.com\/wp-content\/uploads\/2019\/07\/fern%C3%A1ndez.jpg?resize=350%2C200 1x, https:\/\/i0.wp.com\/www.24baires.com\/wp-content\/uploads\/2019\/07\/fern%C3%A1ndez.jpg?resize=525%2C300 1.5x"},"classes":[]},{"id":115306,"url":"http:\/\/www.24baires.com\/?p=115306","url_meta":{"origin":68764,"position":5},"title":"Alberto Fern\u00e1ndez se reunir\u00e1 con el CEO de Vicent\u00edn","author":"AF","date":"10\/06\/2020","format":false,"excerpt":"Tras anunciar la intervenci\u00f3n de la compa\u00f1\u00eda agroexportadora, el Presidente buscar\u00e1 un di\u00e1logo en persona con uno de los nietos del fundador de Vicentin. El presidente Alberto Fern\u00e1ndez se reunir\u00e1 este jueves a las 18 con Sergio Nardelli, CEO de la agroexportadora Vicentin, en medio del plan del Gobierno para\u2026","rel":"","context":"En \u00abPol\u00edtica\u00bb","block_context":{"text":"Pol\u00edtica","link":"http:\/\/www.24baires.com\/?cat=51"},"img":{"alt_text":"","src":"https:\/\/i0.wp.com\/www.24baires.com\/wp-content\/uploads\/2020\/06\/vicent%C3%ADn.jpg?resize=350%2C200","width":350,"height":200,"srcset":"https:\/\/i0.wp.com\/www.24baires.com\/wp-content\/uploads\/2020\/06\/vicent%C3%ADn.jpg?resize=350%2C200 1x, https:\/\/i0.wp.com\/www.24baires.com\/wp-content\/uploads\/2020\/06\/vicent%C3%ADn.jpg?resize=525%2C300 1.5x"},"classes":[]}],"jetpack_sharing_enabled":true,"jetpack_likes_enabled":true,"jetpack_featured_media_url":"","_links":{"self":[{"href":"http:\/\/www.24baires.com\/index.php?rest_route=\/wp\/v2\/posts\/68764","targetHints":{"allow":["GET"]}}],"collection":[{"href":"http:\/\/www.24baires.com\/index.php?rest_route=\/wp\/v2\/posts"}],"about":[{"href":"http:\/\/www.24baires.com\/index.php?rest_route=\/wp\/v2\/types\/post"}],"author":[{"embeddable":true,"href":"http:\/\/www.24baires.com\/index.php?rest_route=\/wp\/v2\/users\/4"}],"replies":[{"embeddable":true,"href":"http:\/\/www.24baires.com\/index.php?rest_route=%2Fwp%2Fv2%2Fcomments&post=68764"}],"version-history":[{"count":1,"href":"http:\/\/www.24baires.com\/index.php?rest_route=\/wp\/v2\/posts\/68764\/revisions"}],"predecessor-version":[{"id":68765,"href":"http:\/\/www.24baires.com\/index.php?rest_route=\/wp\/v2\/posts\/68764\/revisions\/68765"}],"wp:attachment":[{"href":"http:\/\/www.24baires.com\/index.php?rest_route=%2Fwp%2Fv2%2Fmedia&parent=68764"}],"wp:term":[{"taxonomy":"category","embeddable":true,"href":"http:\/\/www.24baires.com\/index.php?rest_route=%2Fwp%2Fv2%2Fcategories&post=68764"},{"taxonomy":"post_tag","embeddable":true,"href":"http:\/\/www.24baires.com\/index.php?rest_route=%2Fwp%2Fv2%2Ftags&post=68764"}],"curies":[{"name":"wp","href":"https:\/\/api.w.org\/{rel}","templated":true}]}}