{"id":68754,"date":"2015-07-07T20:30:19","date_gmt":"2015-07-07T23:30:19","guid":{"rendered":"http:\/\/www.24baires.com\/?p=68754"},"modified":"2015-07-07T20:21:02","modified_gmt":"2015-07-07T23:21:02","slug":"emiten-dictamen-al-proyecto-sobre-la-actualizacion-automatica-de-asignaciones-familiares","status":"publish","type":"post","link":"http:\/\/www.24baires.com\/?p=68754","title":{"rendered":"Emiten dictamen al proyecto sobre la actualizaci\u00f3n autom\u00e1tica de asignaciones familiares"},"content":{"rendered":"<p>Lo emiti\u00f3 la comisi\u00f3n de Presupuesto y Hacienda de Diputados. El proyecto del Ejecutivo establece un mecanismo para actualizar dos veces al a\u00f1o y de manera autom\u00e1tica las asignaciones familiares.<!--more--><\/p>\n<p>La iniciativa, que cont\u00f3 con el respaldo de la mayor\u00eda de los bloques parlamentarios que integran la comisi\u00f3n, ser\u00eda debatida en el recinto de la c\u00e1mara baja el pr\u00f3ximo mi\u00e9rcoles 15 de julio.<\/p>\n<p>&nbsp;<\/p>\n<p>&nbsp;<\/p>\n<p>&nbsp;<\/p>\n<p>&nbsp;<\/p>\n<p>&nbsp;<\/p>\n<p>&nbsp;<\/p>\n<p>&nbsp;<\/p>\n<p>&nbsp;<\/p>\n<p>&nbsp;<\/p>\n<p>&nbsp;<\/p>\n","protected":false},"excerpt":{"rendered":"<p>Lo emiti\u00f3 la comisi\u00f3n de Presupuesto y Hacienda de Diputados. El proyecto del Ejecutivo establece un mecanismo para actualizar dos veces al a\u00f1o y de manera autom\u00e1tica las asignaciones familiares.<\/p>\n","protected":false},"author":8,"featured_media":0,"comment_status":"open","ping_status":"open","sticky":false,"template":"","format":"standard","meta":{"_jetpack_newsletter_access":"","_jetpack_dont_email_post_to_subs":false,"_jetpack_newsletter_tier_id":0,"_jetpack_memberships_contains_paywalled_content":false,"_jetpack_memberships_contains_paid_content":false,"footnotes":""},"categories":[51],"tags":[],"class_list":["post-68754","post","type-post","status-publish","format-standard","hentry","category-politica"],"jetpack_shortlink":"https:\/\/wp.me\/p2JWE0-hSW","jetpack-related-posts":[{"id":67615,"url":"http:\/\/www.24baires.com\/?p=67615","url_meta":{"origin":68754,"position":0},"title":"An\u00edbal conf\u00eda en una r\u00e1pida actualizaci\u00f3n de asignaciones","author":"AF","date":"16\/06\/2015","format":false,"excerpt":"El jefe de Gabinete. An\u00edbal Fern\u00e1ndez, destac\u00f3 hoy el env\u00edo por parte del Gobierno del proyecto de ley para actualizar en forma autom\u00e1tica las asignaciones familiares, la Asignaci\u00f3n Universal por Hijo (AUH) y la asignaci\u00f3n por embarazo. \"A m\u00ed me da la sensaci\u00f3n que es un proyecto de tr\u00e1mite muy\u2026","rel":"","context":"En \u00abSociedad\u00bb","block_context":{"text":"Sociedad","link":"http:\/\/www.24baires.com\/?cat=1"},"img":{"alt_text":"anibal conferencia","src":"https:\/\/i0.wp.com\/www.24baires.com\/wp-content\/uploads\/2015\/04\/anibal-conferencia.jpg?resize=350%2C200","width":350,"height":200,"srcset":"https:\/\/i0.wp.com\/www.24baires.com\/wp-content\/uploads\/2015\/04\/anibal-conferencia.jpg?resize=350%2C200 1x, https:\/\/i0.wp.com\/www.24baires.com\/wp-content\/uploads\/2015\/04\/anibal-conferencia.jpg?resize=525%2C300 1.5x"},"classes":[]},{"id":112176,"url":"http:\/\/www.24baires.com\/?p=112176","url_meta":{"origin":68754,"position":1},"title":"Docentes bonaerenses piden aumentos y emergencia alimentaria en la Provincia","author":"GB","date":"22\/09\/2019","format":false,"excerpt":"Los docentes que integran el Frente de Unidad bonaerense (FUDB) realizar\u00e1n el pr\u00f3ximo martes, en el marco de una jornada provincial de lucha, la entrega de petitorios en cada consejo escolar distrital para reclamar por la cl\u00e1usula gatillo mensual, y por m\u00e1s cupos a comedores. El petitorio fue enviado por\u2026","rel":"","context":"En \u00abProvincia\u00bb","block_context":{"text":"Provincia","link":"http:\/\/www.24baires.com\/?cat=40"},"img":{"alt_text":"","src":"https:\/\/i0.wp.com\/www.24baires.com\/wp-content\/uploads\/2019\/03\/docentes.jpg?resize=350%2C200","width":350,"height":200,"srcset":"https:\/\/i0.wp.com\/www.24baires.com\/wp-content\/uploads\/2019\/03\/docentes.jpg?resize=350%2C200 1x, https:\/\/i0.wp.com\/www.24baires.com\/wp-content\/uploads\/2019\/03\/docentes.jpg?resize=525%2C300 1.5x"},"classes":[]},{"id":67743,"url":"http:\/\/www.24baires.com\/?p=67743","url_meta":{"origin":68754,"position":2},"title":"Oficializan el 30% de aumento para Asignaciones","author":"AF","date":"18\/06\/2015","format":false,"excerpt":"La actualizaci\u00f3n hab\u00eda sido anunciada esta semana por la presidenta Cristina Fern\u00e1ndez de Kirchner en el marco de un acto en el que tambi\u00e9n dio a conocer un proyecto de ley enviado al Congreso para que esos beneficios se incrementen autom\u00e1ticamente dos veces al a\u00f1o. La medida -que abarca la\u2026","rel":"","context":"En \u00abSociedad\u00bb","block_context":{"text":"Sociedad","link":"http:\/\/www.24baires.com\/?cat=1"},"img":{"alt_text":"escuela03","src":"https:\/\/i0.wp.com\/www.24baires.com\/wp-content\/uploads\/2014\/05\/escuela03.jpg?resize=350%2C200","width":350,"height":200,"srcset":"https:\/\/i0.wp.com\/www.24baires.com\/wp-content\/uploads\/2014\/05\/escuela03.jpg?resize=350%2C200 1x, https:\/\/i0.wp.com\/www.24baires.com\/wp-content\/uploads\/2014\/05\/escuela03.jpg?resize=525%2C300 1.5x"},"classes":[]},{"id":68010,"url":"http:\/\/www.24baires.com\/?p=68010","url_meta":{"origin":68754,"position":3},"title":"Ya entr\u00f3 al Senado el proyecto para la actualizaci\u00f3n de la AUH","author":"AF","date":"23\/06\/2015","format":false,"excerpt":"La norma establece que Asignaci\u00f3n Universal por Hijo, por embarazo y las asignaciones familiares aumenten con el mismo \u00edndice con el que se ajustan las jubilaciones, dos veces por a\u00f1o. El proyecto de ley que establece que la Asignaci\u00f3n Universal por Hijo (AUH), por embarazo y las asignaciones familiares aumenten\u2026","rel":"","context":"En \u00abSociedad\u00bb","block_context":{"text":"Sociedad","link":"http:\/\/www.24baires.com\/?cat=1"},"img":{"alt_text":"","src":"","width":0,"height":0},"classes":[]},{"id":112013,"url":"http:\/\/www.24baires.com\/?p=112013","url_meta":{"origin":68754,"position":4},"title":"Docentes bonaerenses se movilizaron para exigir actualizaci\u00f3n salarial","author":"GB","date":"10\/09\/2019","format":false,"excerpt":"Desde las 10, sindicatos nucleados en el Frente de Unidad Docente Bonaerense se movilizar\u00e1n el Ministerio de Trabajo, ubicado en la calle 115, esquina 67 de La Plata. Entre otros pedidos, reclamar\u00e1n ejecuci\u00f3n mensual de la cl\u00e1usula gatillo por inflaci\u00f3n, convocatoria a la comisi\u00f3n t\u00e9cnica salarial, actualizaci\u00f3n de asignaciones familiares,\u2026","rel":"","context":"En \u00abProvincia\u00bb","block_context":{"text":"Provincia","link":"http:\/\/www.24baires.com\/?cat=40"},"img":{"alt_text":"","src":"https:\/\/i0.wp.com\/www.24baires.com\/wp-content\/uploads\/2019\/03\/docentes.jpg?resize=350%2C200","width":350,"height":200,"srcset":"https:\/\/i0.wp.com\/www.24baires.com\/wp-content\/uploads\/2019\/03\/docentes.jpg?resize=350%2C200 1x, https:\/\/i0.wp.com\/www.24baires.com\/wp-content\/uploads\/2019\/03\/docentes.jpg?resize=525%2C300 1.5x"},"classes":[]},{"id":116060,"url":"http:\/\/www.24baires.com\/?p=116060","url_meta":{"origin":68754,"position":5},"title":"Gremios docentes piden que Kicillof los convoque a discutir paritarias","author":"GB","date":"25\/08\/2020","format":false,"excerpt":"Plantean la necesidad de avanzar en los temas de agenda de cada una de las comisiones: Salarial, Condiciones Laborales, Salud y Relaciones Colectivas. La FEB, junto con los dem\u00e1s integrantes del FUDB, solicit\u00f3 al Ministerio de Trabajo bonaerense que convoque a las Comisiones T\u00e9cnicas de la Paritaria Docente, tal como\u2026","rel":"","context":"En \u00abProvincia\u00bb","block_context":{"text":"Provincia","link":"http:\/\/www.24baires.com\/?cat=40"},"img":{"alt_text":"","src":"https:\/\/i0.wp.com\/www.24baires.com\/wp-content\/uploads\/2020\/08\/feb.jpg?resize=350%2C200","width":350,"height":200,"srcset":"https:\/\/i0.wp.com\/www.24baires.com\/wp-content\/uploads\/2020\/08\/feb.jpg?resize=350%2C200 1x, https:\/\/i0.wp.com\/www.24baires.com\/wp-content\/uploads\/2020\/08\/feb.jpg?resize=525%2C300 1.5x"},"classes":[]}],"jetpack_sharing_enabled":true,"jetpack_likes_enabled":true,"jetpack_featured_media_url":"","_links":{"self":[{"href":"http:\/\/www.24baires.com\/index.php?rest_route=\/wp\/v2\/posts\/68754","targetHints":{"allow":["GET"]}}],"collection":[{"href":"http:\/\/www.24baires.com\/index.php?rest_route=\/wp\/v2\/posts"}],"about":[{"href":"http:\/\/www.24baires.com\/index.php?rest_route=\/wp\/v2\/types\/post"}],"author":[{"embeddable":true,"href":"http:\/\/www.24baires.com\/index.php?rest_route=\/wp\/v2\/users\/8"}],"replies":[{"embeddable":true,"href":"http:\/\/www.24baires.com\/index.php?rest_route=%2Fwp%2Fv2%2Fcomments&post=68754"}],"version-history":[{"count":1,"href":"http:\/\/www.24baires.com\/index.php?rest_route=\/wp\/v2\/posts\/68754\/revisions"}],"predecessor-version":[{"id":68755,"href":"http:\/\/www.24baires.com\/index.php?rest_route=\/wp\/v2\/posts\/68754\/revisions\/68755"}],"wp:attachment":[{"href":"http:\/\/www.24baires.com\/index.php?rest_route=%2Fwp%2Fv2%2Fmedia&parent=68754"}],"wp:term":[{"taxonomy":"category","embeddable":true,"href":"http:\/\/www.24baires.com\/index.php?rest_route=%2Fwp%2Fv2%2Fcategories&post=68754"},{"taxonomy":"post_tag","embeddable":true,"href":"http:\/\/www.24baires.com\/index.php?rest_route=%2Fwp%2Fv2%2Ftags&post=68754"}],"curies":[{"name":"wp","href":"https:\/\/api.w.org\/{rel}","templated":true}]}}