{"id":68742,"date":"2015-07-07T19:00:20","date_gmt":"2015-07-07T22:00:20","guid":{"rendered":"http:\/\/www.24baires.com\/?p=68742"},"modified":"2015-07-08T00:58:53","modified_gmt":"2015-07-08T03:58:53","slug":"hebe-de-bonafini-a-scioli-no-lo-puedo-ni-ver","status":"publish","type":"post","link":"http:\/\/www.24baires.com\/?p=68742","title":{"rendered":"Hebe de Bonafini: \u00abA Scioli no lo puedo ni ver\u00bb"},"content":{"rendered":"<p><img data-recalc-dims=\"1\" loading=\"lazy\" decoding=\"async\" class=\"aligncenter size-full wp-image-39456\" src=\"https:\/\/i0.wp.com\/www.24baires.com\/wp-content\/uploads\/2014\/01\/hebe-de-bonafini.jpg?resize=560%2C335\" alt=\"hebe-de-bonafini\" width=\"560\" height=\"335\" srcset=\"https:\/\/i0.wp.com\/www.24baires.com\/wp-content\/uploads\/2014\/01\/hebe-de-bonafini.jpg?w=560 560w, https:\/\/i0.wp.com\/www.24baires.com\/wp-content\/uploads\/2014\/01\/hebe-de-bonafini.jpg?resize=300%2C179 300w\" sizes=\"auto, (max-width: 560px) 100vw, 560px\" \/>La presidenta de Madres de Plaza de Mayo, Hebe de Bonafini, se\u00f1al\u00f3 que no puede \u00abni ver\u00bb al precandidato presidencial Daniel Scioli, pero rescat\u00f3 que la mandataria Cristina Kirchner al menos \u00abpuso\u00bb a Carlos Zannini en la f\u00f3rmula nacional del Frente para la Victoria.<!--more--><\/p>\n<p>Bonafini se expres\u00f3 de esta forma al participar este en el Foro Nacional y Latinoamericano para una Nueva Independencia, en San Miguel de Tucum\u00e1n.<\/p>\n<p>\u00abNo tenemos ning\u00fan puesto pol\u00edtico, somos una organizaci\u00f3n pol\u00edtica, que hasta hace poco no ten\u00eda partido, pero ahora s\u00ed lo tenemos, porque para nosotros el Frente para la Victoria es nuestro partido. A muchos esto no les gusta, pero qu\u00e9 le vamos a hacer. Las Madres hemos elegido siempre y ya hace mucho tiempo que elegimos que este sea nuestro partido\u00bb, enfatiz\u00f3 la dirigente.<\/p>\n<p>Frente a un auditorio de militantes kirchneristas, Bonafini sostuvo que para las elecciones \u00abhay que trabajar mucho, porque hay muchos candidatos y hay que ver a qui\u00e9n votar\u00bb.<\/p>\n<p>\u00abYo a Scioli no lo puedo ni ver. Pero bueno, la Presi mand\u00f3, que se yo\u00bb, afirm\u00f3 Bonafini, quien siempre fue cr\u00edtica del gobernador de Buenos Aires.<\/p>\n<p>En ese marco, la presidenta de Madres de Plaza de Mayo resalt\u00f3 que la mandataria nacional \u00ablo puso a Zannini\u00bb como integrante de la f\u00f3rmula.<\/p>\n<p>\u00abAhora habr\u00e1 que ver, porque Zannini, a quien escucho mucho, dijo algo muy importante, dijo que Scioli hab\u00eda cambiado mucho y eso es lo que espero. Para cambiar (Scioli) lo tiene que demostrar, vamos a ver c\u00f3mo: se pondr\u00e1 un tut\u00fa, saldr\u00e1 a bailar, no s\u00e9\u00bb, ironiz\u00f3 Bonafini.<\/p>\n<p>La l\u00edder de la entidad, en tanto, expres\u00f3 su respaldo en la competencia bonaerense del FpV al jefe de Gabinete, An\u00edbal Fern\u00e1ndez.<\/p>\n<p>\u00abUno est\u00e1 en esto y tiene que escuchar y mirar. En la Provincia de Buenos Aires lo tenemos a Fern\u00e1ndez, que lo amamos, porque es un tipo que es capaz de hacer much\u00edsimas cosas\u00bb, recalc\u00f3 durante el Foro, impulsado por el Ministerio de Cultura y organizado por la Secretar\u00eda de Coordinaci\u00f3n Estrat\u00e9gica para el Pensamiento Nacional, que conduce Ricardo Forster.<\/p>\n<p>&nbsp;<\/p>\n<p>&nbsp;<\/p>\n<p>&nbsp;<\/p>\n<p>&nbsp;<\/p>\n<p>&nbsp;<\/p>\n<p>&nbsp;<\/p>\n<p>&nbsp;<\/p>\n<p>&nbsp;<\/p>\n<p>&nbsp;<\/p>\n<p>&nbsp;<\/p>\n<p>&nbsp;<\/p>\n<p>&nbsp;<\/p>\n<p>&nbsp;<\/p>\n<p>&nbsp;<\/p>\n<p>&nbsp;<\/p>\n","protected":false},"excerpt":{"rendered":"<p>La presidenta de Madres de Plaza de Mayo, Hebe de Bonafini, se\u00f1al\u00f3 que no puede \u00abni ver\u00bb al precandidato presidencial Daniel Scioli, pero rescat\u00f3 que la mandataria Cristina Kirchner al menos \u00abpuso\u00bb a Carlos Zannini en la f\u00f3rmula nacional del Frente para la Victoria.<\/p>\n","protected":false},"author":8,"featured_media":0,"comment_status":"open","ping_status":"open","sticky":false,"template":"","format":"standard","meta":{"_jetpack_newsletter_access":"","_jetpack_dont_email_post_to_subs":false,"_jetpack_newsletter_tier_id":0,"_jetpack_memberships_contains_paywalled_content":false,"_jetpack_memberships_contains_paid_content":false,"footnotes":""},"categories":[51],"tags":[],"class_list":["post-68742","post","type-post","status-publish","format-standard","hentry","category-politica"],"jetpack_shortlink":"https:\/\/wp.me\/p2JWE0-hSK","jetpack-related-posts":[{"id":74303,"url":"http:\/\/www.24baires.com\/?p=74303","url_meta":{"origin":68742,"position":0},"title":"Hebe dispar\u00f3 la pol\u00e9mica: \u201cMacri es la dictadura y la tortura\u201d","author":"GB","date":"28\/10\/2015","format":false,"excerpt":"La Titular de Madres de Plaza de Mayo admiti\u00f3 que, pese a las diferencias, votar\u00e1 a Daniel Scioli. Asegur\u00f3 que dentro del Frente para la Victoria \u201chay traidores\u201d. La pol\u00e9mica volvi\u00f3 a desatarse. Esta vez, la titular de Madres de Plaza de Mayo, Hebe de Bonafini, se refiri\u00f3 a la\u2026","rel":"","context":"En \u00abPol\u00edtica\u00bb","block_context":{"text":"Pol\u00edtica","link":"http:\/\/www.24baires.com\/?cat=51"},"img":{"alt_text":"hebe-de-bonafini","src":"https:\/\/i0.wp.com\/www.24baires.com\/wp-content\/uploads\/2014\/01\/hebe-de-bonafini.jpg?resize=350%2C200","width":350,"height":200,"srcset":"https:\/\/i0.wp.com\/www.24baires.com\/wp-content\/uploads\/2014\/01\/hebe-de-bonafini.jpg?resize=350%2C200 1x, https:\/\/i0.wp.com\/www.24baires.com\/wp-content\/uploads\/2014\/01\/hebe-de-bonafini.jpg?resize=525%2C300 1.5x"},"classes":[]},{"id":101348,"url":"http:\/\/www.24baires.com\/?p=101348","url_meta":{"origin":68742,"position":1},"title":"Bonafini sobre Meijide: \u00abNunca le import\u00f3 su hijo, queda claro, si no, no pedir\u00eda la libertad de Astiz\u00bb","author":"AF","date":"29\/03\/2018","format":false,"excerpt":"As\u00ed lo sostuvo Hebe. La titular de la Asociaci\u00f3n de Madres de Plaza de Mayo apunt\u00f3 contra la ex miembro de la Conadep, Graciela Fern\u00e1ndez Meijide, luego de haber apoyado la prisi\u00f3n domiciliaria del genocida Astiz. Hebe de Bonafini, titular de la Asociaci\u00f3n de Madres de Plaza de Mayo, sali\u00f3\u2026","rel":"","context":"En \u00abSociedad\u00bb","block_context":{"text":"Sociedad","link":"http:\/\/www.24baires.com\/?cat=1"},"img":{"alt_text":"","src":"https:\/\/i0.wp.com\/www.24baires.com\/wp-content\/uploads\/2018\/03\/bonafini-meijide.jpg?resize=350%2C200","width":350,"height":200,"srcset":"https:\/\/i0.wp.com\/www.24baires.com\/wp-content\/uploads\/2018\/03\/bonafini-meijide.jpg?resize=350%2C200 1x, https:\/\/i0.wp.com\/www.24baires.com\/wp-content\/uploads\/2018\/03\/bonafini-meijide.jpg?resize=525%2C300 1.5x"},"classes":[]},{"id":119564,"url":"http:\/\/www.24baires.com\/?p=119564","url_meta":{"origin":68742,"position":2},"title":"Muri\u00f3 a los 93 a\u00f1os Hebe de Bonafini, presidenta de Madres de Plaza de Ma","author":"GB","date":"20\/11\/2022","format":false,"excerpt":"La presidenta de Madres de Plaza de Mayo, Hebe de Bonafini, falleci\u00f3 hoy a los 93 a\u00f1os en el Hospital Italiano de La Plata Hebe de Bonafini muri\u00f3 hoy a los 93 a\u00f1os. La presidenta de Madres de Plaza de Mayo hab\u00eda sido dada de alta el 13 de octubre,\u2026","rel":"","context":"En \u00abSociedad\u00bb","block_context":{"text":"Sociedad","link":"http:\/\/www.24baires.com\/?cat=1"},"img":{"alt_text":"","src":"https:\/\/i0.wp.com\/www.24baires.com\/wp-content\/uploads\/2014\/01\/hebe-de-bonafini.jpg?resize=350%2C200","width":350,"height":200,"srcset":"https:\/\/i0.wp.com\/www.24baires.com\/wp-content\/uploads\/2014\/01\/hebe-de-bonafini.jpg?resize=350%2C200 1x, https:\/\/i0.wp.com\/www.24baires.com\/wp-content\/uploads\/2014\/01\/hebe-de-bonafini.jpg?resize=525%2C300 1.5x, https:\/\/i0.wp.com\/www.24baires.com\/wp-content\/uploads\/2014\/01\/hebe-de-bonafini.jpg?resize=700%2C400 2x"},"classes":[]},{"id":101332,"url":"http:\/\/www.24baires.com\/?p=101332","url_meta":{"origin":68742,"position":3},"title":"Bonafini, sobre la vuelta del bast\u00f3n en la Bonaerense: \u00abEs aterrador\u00bb","author":"GB","date":"28\/03\/2018","format":false,"excerpt":"En una dura carta, la titular de Madres cuestion\u00f3 a Vidal y a Ritondo y advirti\u00f3 que los polic\u00edas \"van a llevar ese palo para matar a cualquiera\". La titular de la Asociaci\u00f3n Madres de Plaza de Mayo, Hebe de Bonafini, le apunt\u00f3 a Mar\u00eda Eugenia Vidal y a Cristian\u2026","rel":"","context":"En \u00abSociedad\u00bb","block_context":{"text":"Sociedad","link":"http:\/\/www.24baires.com\/?cat=1"},"img":{"alt_text":"","src":"https:\/\/i0.wp.com\/www.24baires.com\/wp-content\/uploads\/2014\/01\/hebe-de-bonafini.jpg?resize=350%2C200","width":350,"height":200,"srcset":"https:\/\/i0.wp.com\/www.24baires.com\/wp-content\/uploads\/2014\/01\/hebe-de-bonafini.jpg?resize=350%2C200 1x, https:\/\/i0.wp.com\/www.24baires.com\/wp-content\/uploads\/2014\/01\/hebe-de-bonafini.jpg?resize=525%2C300 1.5x"},"classes":[]},{"id":61360,"url":"http:\/\/www.24baires.com\/?p=61360","url_meta":{"origin":68742,"position":4},"title":"Hebe de Bonafini tild\u00f3 de \u00abinepto\u00bb a Daniel Scioli","author":"AF","date":"06\/02\/2015","format":false,"excerpt":"En un nuevo embate de los que suele tener, la Presidenta de Madres de Plaza de Mayo, Hebe de Bonafini, tild\u00f3 de \"inepto\" al precandidato a presidente por el Frente para la Victoria, Daniel Scioli. Hebe se refiri\u00f3 a la situaci\u00f3n de la provincia de Buenos Aires en materia de\u2026","rel":"","context":"En \u00abPol\u00edtica\u00bb","block_context":{"text":"Pol\u00edtica","link":"http:\/\/www.24baires.com\/?cat=51"},"img":{"alt_text":"Scioli2","src":"https:\/\/i0.wp.com\/www.24baires.com\/wp-content\/uploads\/2014\/05\/Scioli2.jpg?resize=350%2C200","width":350,"height":200,"srcset":"https:\/\/i0.wp.com\/www.24baires.com\/wp-content\/uploads\/2014\/05\/Scioli2.jpg?resize=350%2C200 1x, https:\/\/i0.wp.com\/www.24baires.com\/wp-content\/uploads\/2014\/05\/Scioli2.jpg?resize=525%2C300 1.5x"},"classes":[]},{"id":63538,"url":"http:\/\/www.24baires.com\/?p=63538","url_meta":{"origin":68742,"position":5},"title":"Hebe quiere a Cristina como gobernadora porque \u00abla Provincia est\u00e1 hecha moco\u00bb","author":"GB","date":"24\/03\/2015","format":false,"excerpt":"La titular de la asociaci\u00f3n Madres de Plaza de Mayo acus\u00f3 a Scioli de haber apoyado la \u00faltima dictadura. La titular de la asociaci\u00f3n Madres de Plaza de Mayo, Hebe de Bonafini, acus\u00f3 este martes al gobernador bonaerense, Daniel Scioli, de apoyar la \u00faltima dictadura y pidi\u00f3 que la presidenta\u2026","rel":"","context":"En \u00abPol\u00edtica\u00bb","block_context":{"text":"Pol\u00edtica","link":"http:\/\/www.24baires.com\/?cat=51"},"img":{"alt_text":"hebe-de-bonafini","src":"https:\/\/i0.wp.com\/www.24baires.com\/wp-content\/uploads\/2014\/01\/hebe-de-bonafini.jpg?resize=350%2C200","width":350,"height":200,"srcset":"https:\/\/i0.wp.com\/www.24baires.com\/wp-content\/uploads\/2014\/01\/hebe-de-bonafini.jpg?resize=350%2C200 1x, https:\/\/i0.wp.com\/www.24baires.com\/wp-content\/uploads\/2014\/01\/hebe-de-bonafini.jpg?resize=525%2C300 1.5x"},"classes":[]}],"jetpack_sharing_enabled":true,"jetpack_likes_enabled":true,"jetpack_featured_media_url":"","_links":{"self":[{"href":"http:\/\/www.24baires.com\/index.php?rest_route=\/wp\/v2\/posts\/68742","targetHints":{"allow":["GET"]}}],"collection":[{"href":"http:\/\/www.24baires.com\/index.php?rest_route=\/wp\/v2\/posts"}],"about":[{"href":"http:\/\/www.24baires.com\/index.php?rest_route=\/wp\/v2\/types\/post"}],"author":[{"embeddable":true,"href":"http:\/\/www.24baires.com\/index.php?rest_route=\/wp\/v2\/users\/8"}],"replies":[{"embeddable":true,"href":"http:\/\/www.24baires.com\/index.php?rest_route=%2Fwp%2Fv2%2Fcomments&post=68742"}],"version-history":[{"count":2,"href":"http:\/\/www.24baires.com\/index.php?rest_route=\/wp\/v2\/posts\/68742\/revisions"}],"predecessor-version":[{"id":68761,"href":"http:\/\/www.24baires.com\/index.php?rest_route=\/wp\/v2\/posts\/68742\/revisions\/68761"}],"wp:attachment":[{"href":"http:\/\/www.24baires.com\/index.php?rest_route=%2Fwp%2Fv2%2Fmedia&parent=68742"}],"wp:term":[{"taxonomy":"category","embeddable":true,"href":"http:\/\/www.24baires.com\/index.php?rest_route=%2Fwp%2Fv2%2Fcategories&post=68742"},{"taxonomy":"post_tag","embeddable":true,"href":"http:\/\/www.24baires.com\/index.php?rest_route=%2Fwp%2Fv2%2Ftags&post=68742"}],"curies":[{"name":"wp","href":"https:\/\/api.w.org\/{rel}","templated":true}]}}