{"id":68736,"date":"2015-07-07T18:00:42","date_gmt":"2015-07-07T21:00:42","guid":{"rendered":"http:\/\/www.24baires.com\/?p=68736"},"modified":"2015-07-07T18:55:30","modified_gmt":"2015-07-07T21:55:30","slug":"para-dominguez-la-educacion-es-el-puente-de-ascenso-social","status":"publish","type":"post","link":"http:\/\/www.24baires.com\/?p=68736","title":{"rendered":"Para Dom\u00ednguez, la educaci\u00f3n es \u00abel puente de ascenso social\u00bb"},"content":{"rendered":"<p><img data-recalc-dims=\"1\" loading=\"lazy\" decoding=\"async\" class=\"aligncenter size-full wp-image-68737\" src=\"https:\/\/i0.wp.com\/www.24baires.com\/wp-content\/uploads\/2015\/07\/k.jpg?resize=560%2C306\" alt=\".k\" width=\"560\" height=\"306\" srcset=\"https:\/\/i0.wp.com\/www.24baires.com\/wp-content\/uploads\/2015\/07\/k.jpg?w=560 560w, https:\/\/i0.wp.com\/www.24baires.com\/wp-content\/uploads\/2015\/07\/k.jpg?resize=300%2C164 300w\" sizes=\"auto, (max-width: 560px) 100vw, 560px\" \/><strong>AVELLANEDA-<\/strong>El precandidato a gobernador de la Provincia por el FpV recorri\u00f3 Avellaneda y consider\u00f3 que a la educaci\u00f3n \u00abcomo la herramienta m\u00e1s efectiva para el combate contra las desigualdades\u00bb.<!--more--><\/p>\n<p>\u00abPor eso vamos a jerarquizar el rol del docente, potenciar la tarea de los consejos escolares y profundizar la capacitaci\u00f3n de los 20.900 directores de nuestra Provincia\u201d, sostuvo el actual titular de la C\u00e1mara de Diputados.<\/p>\n<p>En el marco de una visita que realiz\u00f3 a la Escuela N\u00b0 13 de Avellaneda junto al intendente local, Jorge Ferraresi, y al viceministro de Educaci\u00f3n nacional, Jaime Perczik y despu\u00e9s de dialogar con docentes y directivos, los dirigentes partieron al Instituto Superior de Formaci\u00f3n Docente (ISDF) N\u00b0 1, donde el titular de la c\u00e1mara baja afirm\u00f3 que \u201cla educaci\u00f3n es el \u00fanico puente de ascenso social para nuestros pibes\u201d.<\/p>\n<p>El precandidato a gobernador sostuvo que \u201cen Buenos Aires la tecnolog\u00eda tiene que estar al servicio de la educaci\u00f3n. Vamos a profundizar lo hecho en cuanto a acceso a Internet, divulgaci\u00f3n cient\u00edfica y transferencia de tecnolog\u00eda para que potencien el proceso de aprendizaje de las nuevas generaciones. Porque un chico adentro de un aula es un chico con futuro\u201d.<\/p>\n<p>\u201cLa experiencia del Plan FINES, la construcci\u00f3n de nueve nuevas universidades en Buenos Aires y el Plan PROGRESAR son las bases donde pararnos para seguir creciendo. A la Argentina le conviene que Daniel Scioli sea el pr\u00f3ximo presidente de la Naci\u00f3n porque tiene el mismo concepto: la igualdad de oportunidades para que todos puedan desarrollar sus capacidades, comienza con la educaci\u00f3n\u201d, asegur\u00f3 Juli\u00e1n Dom\u00ednguez.<\/p>\n<p>Modificaciones. El precandidato del FPV anticip\u00f3 que impulsar\u00e1 la obligatoriedad de la sala de 3 a\u00f1os en caso de acceder a la gobernaci\u00f3n bonaerense y destac\u00f3 la necesidad de \u201cavanzar en la doble escolaridad, mejorar la formaci\u00f3n de nuestros formadores y dar el salto de calidad definitivo para que no quede un solo chico sin poder estudiar\u00bb.<\/p>\n<p>En la misma l\u00ednea, el titular de la c\u00e1mara baja dijo que cree \u201cen una escuela inclusiva, donde los chicos sean art\u00edfices de sus propios sue\u00f1os y los docentes quienes los gu\u00eden en ese camino\u00bb y concluy\u00f3 que junto a su compa\u00f1ero de f\u00f3rmula, Fernando Espinoza, trabajar\u00e1 \u201cpara reincorporar a los 110.000 adolescentes que todav\u00eda no asisten al colegio porque el futuro de la Provincia se define en las aulas\u00bb.<\/p>\n<p>Recorrida. Dom\u00ednguez y Ferraresi se acercaron hasta el Auditorio Rodr\u00edguez Faure para participar de la reuni\u00f3n mensual de presidentes de Centro de Jubilados locales, donde fueron recibidos por alrededor de 200 abuelos.<\/p>\n<p>Acompa\u00f1aron al precandidato a gobernador en su recorrida el diputado nacional Carlos Kunkel y su par provincial Mar\u00eda Del Carmen Pan Rivas y Alejandro Garay, director Nacional de Pol\u00edticas Socioeducativas.<\/p>\n<p>&nbsp;<\/p>\n<p>&nbsp;<\/p>\n<p>&nbsp;<\/p>\n<p>&nbsp;<\/p>\n<p>&nbsp;<\/p>\n<p>&nbsp;<\/p>\n<p>&nbsp;<\/p>\n<p>&nbsp;<\/p>\n<p>&nbsp;<\/p>\n<p>&nbsp;<\/p>\n<p>&nbsp;<\/p>\n<p>&nbsp;<\/p>\n<p>&nbsp;<\/p>\n<p>&nbsp;<\/p>\n<p>&nbsp;<\/p>\n<p>&nbsp;<\/p>\n<p>&nbsp;<\/p>\n","protected":false},"excerpt":{"rendered":"<p>AVELLANEDA-El precandidato a gobernador de la Provincia por el FpV recorri\u00f3 Avellaneda y consider\u00f3 que a la educaci\u00f3n \u00abcomo la herramienta m\u00e1s efectiva para el combate contra las desigualdades\u00bb.<\/p>\n","protected":false},"author":8,"featured_media":0,"comment_status":"open","ping_status":"open","sticky":false,"template":"","format":"standard","meta":{"_jetpack_newsletter_access":"","_jetpack_dont_email_post_to_subs":false,"_jetpack_newsletter_tier_id":0,"_jetpack_memberships_contains_paywalled_content":false,"_jetpack_memberships_contains_paid_content":false,"footnotes":""},"categories":[51],"tags":[],"class_list":["post-68736","post","type-post","status-publish","format-standard","hentry","category-politica"],"jetpack_shortlink":"https:\/\/wp.me\/p2JWE0-hSE","jetpack-related-posts":[{"id":105621,"url":"http:\/\/www.24baires.com\/?p=105621","url_meta":{"origin":68736,"position":0},"title":"\u201cNadie discute a la Universidad P\u00fablica como un lugar de esperanza para el ascenso social\u201d","author":"GB","date":"27\/11\/2018","format":false,"excerpt":"La Gobernadora encabez\u00f3 el acto de colaci\u00f3n de la Universidad Provincial de Ezeiza y volvi\u00f3 a referirse al rol de la universidad p\u00fablica tras la pol\u00e9mica frase que hab\u00eda dejado a mitad de a\u00f1o. La gobernadora Mar\u00eda Eugenia Vidal volvi\u00f3 a referirse, tras la pol\u00e9mica frase que pronunci\u00f3 este a\u00f1o,\u2026","rel":"","context":"En \u00abProvincia\u00bb","block_context":{"text":"Provincia","link":"http:\/\/www.24baires.com\/?cat=40"},"img":{"alt_text":"","src":"https:\/\/i0.wp.com\/www.24baires.com\/wp-content\/uploads\/2018\/11\/vidal-ezeiza.jpg?resize=350%2C200","width":350,"height":200,"srcset":"https:\/\/i0.wp.com\/www.24baires.com\/wp-content\/uploads\/2018\/11\/vidal-ezeiza.jpg?resize=350%2C200 1x, https:\/\/i0.wp.com\/www.24baires.com\/wp-content\/uploads\/2018\/11\/vidal-ezeiza.jpg?resize=525%2C300 1.5x"},"classes":[]},{"id":45758,"url":"http:\/\/www.24baires.com\/?p=45758","url_meta":{"origin":68736,"position":1},"title":"Vidal inaugur\u00f3 en Avellaneda la Casa de los Docentes PRO","author":"AF","date":"11\/05\/2014","format":false,"excerpt":"La referente del PRO, Mar\u00eda Eugenia Vidal, inaugur\u00f3 en la localidad de Avellaneda la primera casa de Docentes PRO de la provincia de Buenos Aires, lugar en el que se realizar\u00e1n capacitaciones gratuitas, talleres para padres, y encuentros de trabajo basados en el objetivo de alcanzar una educaci\u00f3n p\u00fablica de\u2026","rel":"","context":"En \u00abLocales\u00bb","block_context":{"text":"Locales","link":"http:\/\/www.24baires.com\/?cat=38"},"img":{"alt_text":"","src":"","width":0,"height":0},"classes":[]},{"id":103640,"url":"http:\/\/www.24baires.com\/?p=103640","url_meta":{"origin":68736,"position":2},"title":"Docentes parar\u00e1n este viernes por la tragedia en la escuela de Moreno","author":"AF","date":"02\/08\/2018","format":false,"excerpt":"El titular de Suteba, Roberto Baradel, anunci\u00f3 la huelga para este viernes en reclamo de que el gobierno bonaerense declare \"la emergencia edilicia y educativa\" tras la explosi\u00f3n de gas que mat\u00f3 a dos trabajadores. \"El l\u00edmite es la muerte\", asegur\u00f3. Los trabajadores de la educaci\u00f3n de la provincia de\u2026","rel":"","context":"En \u00abSociedad\u00bb","block_context":{"text":"Sociedad","link":"http:\/\/www.24baires.com\/?cat=1"},"img":{"alt_text":"","src":"https:\/\/i0.wp.com\/www.24baires.com\/wp-content\/uploads\/2018\/08\/5b63067b90306.jpg?resize=350%2C200","width":350,"height":200,"srcset":"https:\/\/i0.wp.com\/www.24baires.com\/wp-content\/uploads\/2018\/08\/5b63067b90306.jpg?resize=350%2C200 1x, https:\/\/i0.wp.com\/www.24baires.com\/wp-content\/uploads\/2018\/08\/5b63067b90306.jpg?resize=525%2C300 1.5x"},"classes":[]},{"id":111086,"url":"http:\/\/www.24baires.com\/?p=111086","url_meta":{"origin":68736,"position":3},"title":"Desmantelan organizaci\u00f3n que exped\u00eda certificados m\u00e9dicos truchos para docentes y auxiliares","author":"GB","date":"05\/07\/2019","format":false,"excerpt":"Hubo 35 allanamientos, que incluy\u00f3 el Consejo Escolar de Lan\u00fas. Hay 28 procesados. Otorgaban licencias de hasta un mes con sellos y firmas falsas. Y luego se deb\u00eda contratar y pagar a maestros suplentes. Lo detect\u00f3 la cartera educativa de la Provincia y radic\u00f3 la denuncia penal. Interviene la justicia\u2026","rel":"","context":"En \u00abProvincia\u00bb","block_context":{"text":"Provincia","link":"http:\/\/www.24baires.com\/?cat=40"},"img":{"alt_text":"","src":"","width":0,"height":0},"classes":[]},{"id":101047,"url":"http:\/\/www.24baires.com\/?p=101047","url_meta":{"origin":68736,"position":4},"title":"Vidal le quit\u00f3 apoyo econ\u00f3mico a institutos educativos de Avellaneda","author":"GB","date":"14\/03\/2018","format":false,"excerpt":"Se trata de institutos de Cer\u00e1mica, Artes Pl\u00e1sticas, M\u00fasica y Fotograf\u00eda. Los subsidios se usaban para pagar sueldos docentes. La Municipalidad de Avellaneda denunci\u00f3 que el Gobierno bonaerense le quit\u00f3 aportes econ\u00f3micos a institutos educativos y de formaci\u00f3n cultural del distrito. Se trata del Instituto Municipal de Cer\u00e1mica, el Instituto\u2026","rel":"","context":"En \u00abProvincia\u00bb","block_context":{"text":"Provincia","link":"http:\/\/www.24baires.com\/?cat=40"},"img":{"alt_text":"","src":"https:\/\/i0.wp.com\/www.24baires.com\/wp-content\/uploads\/2018\/03\/escuelas-avellaneda.jpg?resize=350%2C200","width":350,"height":200,"srcset":"https:\/\/i0.wp.com\/www.24baires.com\/wp-content\/uploads\/2018\/03\/escuelas-avellaneda.jpg?resize=350%2C200 1x, https:\/\/i0.wp.com\/www.24baires.com\/wp-content\/uploads\/2018\/03\/escuelas-avellaneda.jpg?resize=525%2C300 1.5x"},"classes":[]},{"id":19863,"url":"http:\/\/www.24baires.com\/?p=19863","url_meta":{"origin":68736,"position":5},"title":"\u00abScioli es quien tiene la m\u00e1xima responsabilidad de resolver el problema\u00bb de los docentes","author":"Grupo Sierra","date":"31\/03\/2013","format":false,"excerpt":"El intendente de Avellaneda, Jorge Ferraresi, asegur\u00f3 hoy que el gobernador bonaerense es quien tiene la m\u00e1xima responsabilidad de resolver el problema referido al reclamo salarial docente en la Provincia. Fue al referirse a la solicitada a la que adhiri\u00f3 junto a otros 88 intendentes bonaerenses para pedir a los\u2026","rel":"","context":"En \u00abProvincia\u00bb","block_context":{"text":"Provincia","link":"http:\/\/www.24baires.com\/?cat=40"},"img":{"alt_text":"","src":"","width":0,"height":0},"classes":[]}],"jetpack_sharing_enabled":true,"jetpack_likes_enabled":true,"jetpack_featured_media_url":"","_links":{"self":[{"href":"http:\/\/www.24baires.com\/index.php?rest_route=\/wp\/v2\/posts\/68736","targetHints":{"allow":["GET"]}}],"collection":[{"href":"http:\/\/www.24baires.com\/index.php?rest_route=\/wp\/v2\/posts"}],"about":[{"href":"http:\/\/www.24baires.com\/index.php?rest_route=\/wp\/v2\/types\/post"}],"author":[{"embeddable":true,"href":"http:\/\/www.24baires.com\/index.php?rest_route=\/wp\/v2\/users\/8"}],"replies":[{"embeddable":true,"href":"http:\/\/www.24baires.com\/index.php?rest_route=%2Fwp%2Fv2%2Fcomments&post=68736"}],"version-history":[{"count":2,"href":"http:\/\/www.24baires.com\/index.php?rest_route=\/wp\/v2\/posts\/68736\/revisions"}],"predecessor-version":[{"id":68750,"href":"http:\/\/www.24baires.com\/index.php?rest_route=\/wp\/v2\/posts\/68736\/revisions\/68750"}],"wp:attachment":[{"href":"http:\/\/www.24baires.com\/index.php?rest_route=%2Fwp%2Fv2%2Fmedia&parent=68736"}],"wp:term":[{"taxonomy":"category","embeddable":true,"href":"http:\/\/www.24baires.com\/index.php?rest_route=%2Fwp%2Fv2%2Fcategories&post=68736"},{"taxonomy":"post_tag","embeddable":true,"href":"http:\/\/www.24baires.com\/index.php?rest_route=%2Fwp%2Fv2%2Ftags&post=68736"}],"curies":[{"name":"wp","href":"https:\/\/api.w.org\/{rel}","templated":true}]}}