{"id":68730,"date":"2015-07-07T16:10:40","date_gmt":"2015-07-07T19:10:40","guid":{"rendered":"http:\/\/www.24baires.com\/?p=68730"},"modified":"2015-07-08T12:16:35","modified_gmt":"2015-07-08T15:16:35","slug":"la-corte-suprema-reconocio-el-derecho-de-todo-paciente-a-decidir-su-muerte-digna","status":"publish","type":"post","link":"http:\/\/www.24baires.com\/?p=68730","title":{"rendered":"La Corte Suprema reconoci\u00f3 el derecho de todo paciente a decidir su muerte digna"},"content":{"rendered":"<p><img data-recalc-dims=\"1\" loading=\"lazy\" decoding=\"async\" class=\"aligncenter size-full wp-image-59350\" src=\"https:\/\/i0.wp.com\/www.24baires.com\/wp-content\/uploads\/2014\/12\/corte.jpg?resize=560%2C419\" alt=\"corte\" width=\"560\" height=\"419\" srcset=\"https:\/\/i0.wp.com\/www.24baires.com\/wp-content\/uploads\/2014\/12\/corte.jpg?w=560 560w, https:\/\/i0.wp.com\/www.24baires.com\/wp-content\/uploads\/2014\/12\/corte.jpg?resize=300%2C224 300w\" sizes=\"auto, (max-width: 560px) 100vw, 560px\" \/>La Corte garantiz\u00f3 que se respete la voluntad de un paciente para que se suspendan las medidas que desde hace 20 a\u00f1os prolongan artificialmente su vida, un \u00abcaso \u00fanico\u00bb en la jurisprudencia nacional.<!--more--><\/p>\n<p>La Corte Suprema de Justicia de la Naci\u00f3n garantiz\u00f3 que se respete la voluntad de un paciente -cuyas iniciales son M.A.D y su nombre completo se resguard\u00f3 por razones de privacidad- para que se suspendan las medidas que desde hace m\u00e1s de 20 a\u00f1os prolongan artificialmente su vida, un \u00abcaso \u00fanico\u00bb en la jurisprudencia nacional, destacaron fuentes judiciales.<\/p>\n<p>En cuanto a la implementaci\u00f3n de la resoluci\u00f3n, la Corte remarc\u00f3 la importancia de que, al hacer efectiva la voluntad de M.A.D. y proceder al retiro de las medidas de soporte vital, \u00abse adopten todos los recaudos necesarios para el adecuado control y alivio de un eventual sufrimiento del paciente\u00bb.<\/p>\n<p>La Corte confirm\u00f3 la decisi\u00f3n tomada por el Tribunal Superior de Justicia de la provincia de Neuqu\u00e9n, ante la demanda promovida por las hermanas del paciente.<\/p>\n<p>Como consecuencia de un accidente automovil\u00edstico, el paciente se encuentra postrado desde 1995, con una grave secuela con destrucci\u00f3n del l\u00f3bulo frontal y severas lesiones en los l\u00f3bulos temporales y occipitales.<\/p>\n<p>Seg\u00fan constancias del expediente, M.A.D. \u00abdesde hace 20 a\u00f1os no habla, no muestra respuestas gestuales o verbales, no vocaliza ni gesticula ante est\u00edmulos verbales o visuales\u00bb y \u00abcarece de conciencia del medio que lo rodea, de capacidad para elaborar una comunicaci\u00f3n, comprensi\u00f3n o expresi\u00f3n a trav\u00e9s de lenguaje alguno\u00bb.<\/p>\n<p>El paciente \u00abnecesita atenci\u00f3n permanente para satisfacer sus necesidades b\u00e1sicas y es alimentado por una sonda conectada a su intestino delgado\u00bb, indic\u00f3.<\/p>\n<p>Para resolver la cuesti\u00f3n, la Corte encomend\u00f3 estudios a la Fundaci\u00f3n Favaloro, los que corroboraron el car\u00e1cter \u00abirreversible\u00bb e \u00abincurable\u00bb del paciente.<\/p>\n<p>Si bien M.A.D. no hab\u00eda brindado ninguna instrucci\u00f3n formalizada por escrito respecto qu\u00e9 conducta m\u00e9dica deb\u00eda adoptarse en una situaci\u00f3n como la que se encuentra en la actualidad, la Corte ponder\u00f3 los testimonios de las hermanas del paciente, quienes manifestaron conocer su voluntad.<\/p>\n<p>Las parientes manifestaron, bajo declaraci\u00f3n jurada, que la voluntad de su hermano era suspender las medidas artificiales que lo mantienen vivo.<\/p>\n<p>En tal sentido \u00absolicitaron la suspensi\u00f3n de las medidas de soporte vital que se le vienen suministrando desde hace dos d\u00e9cadas\u00bb, consign\u00f3 el fallo de la Corte.<\/p>\n<p>\u00abEs indiscutible que M.A.D. es una persona en sentido pleno, que sus derechos fundamentales deben ser protegidos sin discriminaci\u00f3n alguna y que, por ello, goza del derecho a la plena autodeterminaci\u00f3n de decidir tanto de recibir las necesarias prestaciones como tambi\u00e9n cesar su tratamiento m\u00e9dico\u00bb, sostuvo la Corte.<\/p>\n<p>\u00abA ning\u00fan otro poder del Estado, instituci\u00f3n o persona distinta de M.A.D. le corresponde decidir si su vida, tal como hoy transcurre, merece ser vivida\u00bb, agreg\u00f3.<\/p>\n<p>El m\u00e1ximo tribunal, con la firma de su presidente, Ricardo Lorenzetti, y los ministros Elena Highton y Juan Carlos Maqueda, aclar\u00f3 que el presente no es un caso de eutanasia.<\/p>\n<p>\u00abEn los casos de la eutanasia hay que actuar para interrumpir la vida, en el resulto por la Corte hay &#8216;abstenci\u00f3n terap\u00e9utica'\u00bb, explicaron las fuentes vinculadas al m\u00e1ximo tribunal.<\/p>\n<p>Las fuentes se\u00f1alaron que el del M.A.D., con sus caracter\u00edsticas, es \u00abun caso \u00fanico\u00bb en la jurisprudencia nacional y con un solo antecedente a nivel mundial, correspondiente al expediente \u00abLambert vs. Francia\u00bb.<\/p>\n","protected":false},"excerpt":{"rendered":"<p>La Corte garantiz\u00f3 que se respete la voluntad de un paciente para que se suspendan las medidas que desde hace 20 a\u00f1os prolongan artificialmente su vida, un \u00abcaso \u00fanico\u00bb en la jurisprudencia nacional.<\/p>\n","protected":false},"author":8,"featured_media":0,"comment_status":"open","ping_status":"open","sticky":false,"template":"","format":"standard","meta":{"_jetpack_newsletter_access":"","_jetpack_dont_email_post_to_subs":false,"_jetpack_newsletter_tier_id":0,"_jetpack_memberships_contains_paywalled_content":false,"_jetpack_memberships_contains_paid_content":false,"footnotes":""},"categories":[51],"tags":[],"class_list":["post-68730","post","type-post","status-publish","format-standard","hentry","category-politica"],"jetpack_shortlink":"https:\/\/wp.me\/p2JWE0-hSy","jetpack-related-posts":[{"id":107617,"url":"http:\/\/www.24baires.com\/?p=107617","url_meta":{"origin":68730,"position":0},"title":"La Suprema Corte ratific\u00f3 la inaplicabilidad de la bonificaci\u00f3n docente","author":"GB","date":"11\/04\/2019","format":false,"excerpt":"MAR DEL PLATA-El m\u00e1ximo tribunal desestim\u00f3 la solicitud del Concejo de levantar la medida cautelar que ordena suspender la aplicaci\u00f3n de la ordenanza Por unanimidad, la Suprema Corte de Justicia ratific\u00f3 la inaplicabilidad de la bonificaci\u00f3n docente. De esta manera, el m\u00e1ximo tribunal desestim\u00f3 la solicitud del Concejo Deliberante de\u2026","rel":"","context":"En \u00abMunicipios\u00bb","block_context":{"text":"Municipios","link":"http:\/\/www.24baires.com\/?cat=44"},"img":{"alt_text":"","src":"https:\/\/i0.wp.com\/www.24baires.com\/wp-content\/uploads\/2017\/09\/arroyo-300x200.jpg?resize=350%2C200","width":350,"height":200},"classes":[]},{"id":101409,"url":"http:\/\/www.24baires.com\/?p=101409","url_meta":{"origin":68730,"position":1},"title":"Brasil: con amenaza de golpe de Estado, se define si Lula va preso","author":"GB","date":"04\/04\/2018","format":false,"excerpt":"Los militares amenazaron con una intervenci\u00f3n militar. Desde las clases populares, con un levantamiento en armas. La Corte Suprema define el destino del pa\u00eds vecino. A horas de que el Supremo Tribunal Federal (STF), la Corte Suprema de Brasil, se expida sobre el posible encarcelamiento al ex presidente Luiz In\u00e1cio\u2026","rel":"","context":"En \u00abInternacionales\u00bb","block_context":{"text":"Internacionales","link":"http:\/\/www.24baires.com\/?cat=73"},"img":{"alt_text":"","src":"https:\/\/i0.wp.com\/www.24baires.com\/wp-content\/uploads\/2018\/04\/lula.jpg?resize=350%2C200","width":350,"height":200,"srcset":"https:\/\/i0.wp.com\/www.24baires.com\/wp-content\/uploads\/2018\/04\/lula.jpg?resize=350%2C200 1x, https:\/\/i0.wp.com\/www.24baires.com\/wp-content\/uploads\/2018\/04\/lula.jpg?resize=525%2C300 1.5x"},"classes":[]},{"id":14389,"url":"http:\/\/www.24baires.com\/?p=14389","url_meta":{"origin":68730,"position":2},"title":"La Ley de Muerte Digna fue promulgada en la Provincia","author":"AF","date":"02\/02\/2013","format":false,"excerpt":"El gobernador Daniel Scioli promulg\u00f3 la Ley de Muerte Digna que permitir\u00e1 a los enfermos terminales rechazar tratamientos que no sirvan para mejorar su estado de salud. La normativa impulsada por el diputado Marcelo Feli\u00fa (FpV-PJ) y aprobada por unanimidad en ambas c\u00e1maras, tendr\u00e1 al ministerio de Salud de la\u2026","rel":"","context":"En \u00abSociedad\u00bb","block_context":{"text":"Sociedad","link":"http:\/\/www.24baires.com\/?cat=1"},"img":{"alt_text":"manos","src":"https:\/\/i0.wp.com\/www.24baires.com\/wp-content\/uploads\/2013\/02\/manos-300x187.jpg?resize=350%2C200","width":350,"height":200},"classes":[]},{"id":87262,"url":"http:\/\/www.24baires.com\/?p=87262","url_meta":{"origin":68730,"position":3},"title":"Forns: el fallo sobre el aumento de luz es un \u00abretroceso en la jurisprudencia\u00bb","author":"AF","date":"07\/09\/2016","format":false,"excerpt":"La jueza federal de San Mart\u00edn, Martina Forns, consider\u00f3 este mi\u00e9rcoles \"un retroceso en la jurisprudencia\" de la Corte Suprema al fallo que habilit\u00f3 la suba en la tarifa de la energ\u00eda el\u00e9ctrica, advirti\u00f3 que los ministros ejercieron \"violencia\" en su contra en la sentencia y denunci\u00f3 que es v\u00edctima\u2026","rel":"","context":"En \u00abJUDICIALES\u00bb","block_context":{"text":"JUDICIALES","link":"http:\/\/www.24baires.com\/?cat=68"},"img":{"alt_text":"electricidad","src":"https:\/\/i0.wp.com\/www.24baires.com\/wp-content\/uploads\/2016\/03\/electricidad.jpg?resize=350%2C200","width":350,"height":200,"srcset":"https:\/\/i0.wp.com\/www.24baires.com\/wp-content\/uploads\/2016\/03\/electricidad.jpg?resize=350%2C200 1x, https:\/\/i0.wp.com\/www.24baires.com\/wp-content\/uploads\/2016\/03\/electricidad.jpg?resize=525%2C300 1.5x"},"classes":[]},{"id":6581,"url":"http:\/\/www.24baires.com\/?p=6581","url_meta":{"origin":68730,"position":4},"title":"Se impuso el &#8216;Momo&#8217; Venegas y suspenden al Intendente de Necochea por 90 d\u00edas","author":"Grupo Sierra","date":"23\/11\/2012","format":false,"excerpt":"La oposici\u00f3n impuso su mayor\u00eda esta noche en una sesi\u00f3n especial del Concejo Deliberante local y dio un nuevo paso en su plan destituyente. Desde el Municipio calificaron la acci\u00f3n como \u201cun golpe a la Presidenta\u201d y ya se preparan para apelar ante la Suprema Corte bonaerense el pr\u00f3ximo martes.\u2026","rel":"","context":"En \u00abMunicipios\u00bb","block_context":{"text":"Municipios","link":"http:\/\/www.24baires.com\/?cat=44"},"img":{"alt_text":"","src":"https:\/\/i0.wp.com\/www.24baires.com\/wp-content\/uploads\/2012\/10\/tellechea-2-300x211.jpg?resize=350%2C200","width":350,"height":200},"classes":[]},{"id":108209,"url":"http:\/\/www.24baires.com\/?p=108209","url_meta":{"origin":68730,"position":5},"title":"El juicio a CFK por la obra p\u00fablica comenzar\u00e1 el pr\u00f3ximo martes, confirm\u00f3 la Corte Suprema","author":"AF","date":"16\/05\/2019","format":false,"excerpt":"El m\u00e1ximo tribunal anunci\u00f3 mediante un comunicado que devolver\u00e1 el expediente al TOF 2 \"en tiempo oportuno\", por lo que el inicio del debate judicial \"no se suspende\". La Corte Suprema confirm\u00f3 este jueves que el juicio contra la ex presidenta Cristina Kirchner por la obra p\u00fablica comenzar\u00e1 el pr\u00f3ximo\u2026","rel":"","context":"En \u00abJUDICIALES\u00bb","block_context":{"text":"JUDICIALES","link":"http:\/\/www.24baires.com\/?cat=68"},"img":{"alt_text":"","src":"https:\/\/i0.wp.com\/www.24baires.com\/wp-content\/uploads\/2017\/05\/corte-suprema.jpg?resize=350%2C200","width":350,"height":200,"srcset":"https:\/\/i0.wp.com\/www.24baires.com\/wp-content\/uploads\/2017\/05\/corte-suprema.jpg?resize=350%2C200 1x, https:\/\/i0.wp.com\/www.24baires.com\/wp-content\/uploads\/2017\/05\/corte-suprema.jpg?resize=525%2C300 1.5x"},"classes":[]}],"jetpack_sharing_enabled":true,"jetpack_likes_enabled":true,"jetpack_featured_media_url":"","_links":{"self":[{"href":"http:\/\/www.24baires.com\/index.php?rest_route=\/wp\/v2\/posts\/68730","targetHints":{"allow":["GET"]}}],"collection":[{"href":"http:\/\/www.24baires.com\/index.php?rest_route=\/wp\/v2\/posts"}],"about":[{"href":"http:\/\/www.24baires.com\/index.php?rest_route=\/wp\/v2\/types\/post"}],"author":[{"embeddable":true,"href":"http:\/\/www.24baires.com\/index.php?rest_route=\/wp\/v2\/users\/8"}],"replies":[{"embeddable":true,"href":"http:\/\/www.24baires.com\/index.php?rest_route=%2Fwp%2Fv2%2Fcomments&post=68730"}],"version-history":[{"count":1,"href":"http:\/\/www.24baires.com\/index.php?rest_route=\/wp\/v2\/posts\/68730\/revisions"}],"predecessor-version":[{"id":68731,"href":"http:\/\/www.24baires.com\/index.php?rest_route=\/wp\/v2\/posts\/68730\/revisions\/68731"}],"wp:attachment":[{"href":"http:\/\/www.24baires.com\/index.php?rest_route=%2Fwp%2Fv2%2Fmedia&parent=68730"}],"wp:term":[{"taxonomy":"category","embeddable":true,"href":"http:\/\/www.24baires.com\/index.php?rest_route=%2Fwp%2Fv2%2Fcategories&post=68730"},{"taxonomy":"post_tag","embeddable":true,"href":"http:\/\/www.24baires.com\/index.php?rest_route=%2Fwp%2Fv2%2Ftags&post=68730"}],"curies":[{"name":"wp","href":"https:\/\/api.w.org\/{rel}","templated":true}]}}