{"id":68726,"date":"2015-07-07T15:00:38","date_gmt":"2015-07-07T18:00:38","guid":{"rendered":"http:\/\/www.24baires.com\/?p=68726"},"modified":"2015-07-07T14:08:32","modified_gmt":"2015-07-07T17:08:32","slug":"randazzo-acompanare-a-los-candidatos-del-frente-para-la-victoria","status":"publish","type":"post","link":"http:\/\/www.24baires.com\/?p=68726","title":{"rendered":"Randazzo: \u201cAcompa\u00f1ar\u00e9 a los candidatos del Frente para la Victoria\u201d"},"content":{"rendered":"<p><img data-recalc-dims=\"1\" loading=\"lazy\" decoding=\"async\" class=\"aligncenter size-full wp-image-35230\" src=\"https:\/\/i0.wp.com\/www.24baires.com\/wp-content\/uploads\/2013\/11\/randazzo-trenes%C3%A7.jpg?resize=560%2C371\" alt=\"randazzo trenes\u00e7\" width=\"560\" height=\"371\" srcset=\"https:\/\/i0.wp.com\/www.24baires.com\/wp-content\/uploads\/2013\/11\/randazzo-trenes%C3%A7.jpg?w=560 560w, https:\/\/i0.wp.com\/www.24baires.com\/wp-content\/uploads\/2013\/11\/randazzo-trenes%C3%A7.jpg?resize=300%2C198 300w\" sizes=\"auto, (max-width: 560px) 100vw, 560px\" \/>El ministro de Transporte apoy\u00f3 la f\u00f3rmula que encabeza Daniel Scioli, sin nombrarlo. Afirm\u00f3 que es \u00abun militante m\u00e1s\u00bb y que acompa\u00f1ar\u00e1 a la Presidenta hasta el 10 de diciembre. \u00abNo renuncio a la pol\u00edtica\u00bb, enfatiz\u00f3.<!--more--><\/p>\n<p>El ministro de Interior y Transporte, Florencio Randazzo, rompi\u00f3 el silencio en un acto p\u00fablico luego de bajar su precandidatura presidencial y afirm\u00f3 que apoyar\u00e1 a los candidatos del Frente para la Victoria en las pr\u00f3ximas elecciones.<\/p>\n<p>\u00abSoy un militante y creo en este proyecto que conduce Cristina. Voy a acompa\u00f1ar a los candidatos del FpV en todos los lugares\u00bb, afirm\u00f3 el funcionario en el marco de una visita al puerto de Buenos Aires para recibir nueve coches 0km para la l\u00ednea Belgrano Sur. De esta manera, brind\u00f3 su apoyo a la f\u00f3rmula que encabeza el gobernador Daniel Scioli, aunque no lo nombr\u00f3.<\/p>\n<p>Ante las consultas por las fuertes cr\u00edticas a Scioli que realiz\u00f3 cuando a\u00fan era precandidato, Randazzo afirm\u00f3 que son temas que marc\u00f3 \u00aben su momento\u00bb pero entiende \u00ablas reglas de juego\u00bb. \u00abSoy un simple militante, no estoy haciendo nada diferente a lo que me hab\u00eda comprometido. Yo he cumplido con la palabra empe\u00f1ada en relaci\u00f3n a mi candidatura\u00bb, agreg\u00f3 ante los medios.<\/p>\n<p>Ante la consulta sobre su futuro, el ministro enfatiz\u00f3 que acompa\u00f1ar\u00e1 a la Presidenta hasta el 10 de diciembre pero descart\u00f3 formar parte de una eventual gesti\u00f3n de Scioli al frente del Ejecutivo. Sin embargo, destac\u00f3 que no renunciar\u00e1 a la pol\u00edtica porque \u00abes la herramienta para transformar la realidad\u00bb.<\/p>\n","protected":false},"excerpt":{"rendered":"<p>El ministro de Transporte apoy\u00f3 la f\u00f3rmula que encabeza Daniel Scioli, sin nombrarlo. Afirm\u00f3 que es \u00abun militante m\u00e1s\u00bb y que acompa\u00f1ar\u00e1 a la Presidenta hasta el 10 de diciembre. \u00abNo renuncio a la pol\u00edtica\u00bb, enfatiz\u00f3.<\/p>\n","protected":false},"author":4,"featured_media":0,"comment_status":"open","ping_status":"open","sticky":false,"template":"","format":"standard","meta":{"_jetpack_newsletter_access":"","_jetpack_dont_email_post_to_subs":false,"_jetpack_newsletter_tier_id":0,"_jetpack_memberships_contains_paywalled_content":false,"_jetpack_memberships_contains_paid_content":false,"footnotes":""},"categories":[51],"tags":[],"class_list":["post-68726","post","type-post","status-publish","format-standard","hentry","category-politica"],"jetpack_shortlink":"https:\/\/wp.me\/p2JWE0-hSu","jetpack-related-posts":[{"id":112373,"url":"http:\/\/www.24baires.com\/?p=112373","url_meta":{"origin":68726,"position":0},"title":"Fern\u00e1ndez tild\u00f3 al Gobierno de \u201cmalandras\u201d: \u00abAgarran el poder y lo usan para sus negocios\u00bb","author":"AF","date":"04\/10\/2019","format":false,"excerpt":"\u00a0JUN\u00cdN - \"Vamos a cumplir con las obligaciones que nos dejan estos malandras pero antes vamos a cumplir con nuestra gente\", sostuvo el candidato a presidente en su primer acto con Randazzo, a quien consider\u00f3 \"ministeriable\". De gira en la cuarta secci\u00f3n electoral, el candidato a presidente del Frente de\u2026","rel":"","context":"En \u00abPol\u00edtica\u00bb","block_context":{"text":"Pol\u00edtica","link":"http:\/\/www.24baires.com\/?cat=51"},"img":{"alt_text":"","src":"https:\/\/i0.wp.com\/www.24baires.com\/wp-content\/uploads\/2019\/10\/fern%C3%A1ndez-jun%C3%ADn.jpg?resize=350%2C200","width":350,"height":200,"srcset":"https:\/\/i0.wp.com\/www.24baires.com\/wp-content\/uploads\/2019\/10\/fern%C3%A1ndez-jun%C3%ADn.jpg?resize=350%2C200 1x, https:\/\/i0.wp.com\/www.24baires.com\/wp-content\/uploads\/2019\/10\/fern%C3%A1ndez-jun%C3%ADn.jpg?resize=525%2C300 1.5x"},"classes":[]},{"id":108349,"url":"http:\/\/www.24baires.com\/?p=108349","url_meta":{"origin":68726,"position":1},"title":"Camino a la unidad: el PJ recibe quince agrupaciones opositoras","author":"AF","date":"23\/05\/2019","format":false,"excerpt":"El presidente del PJ, Jos\u00e9 Luis Gioja, recibe a dirigentes y referentes de unas quince fuerzas pol\u00edticas que se sumar\u00e1n a la coalici\u00f3n, con el objetivo de apoyar la candidatura de Alberto Fern\u00e1ndez y Cristina Kirchner. Gioja intenta llegar a fin de mes con el frente electoral opositor ya delineado.\u2026","rel":"","context":"En \u00abPol\u00edtica\u00bb","block_context":{"text":"Pol\u00edtica","link":"http:\/\/www.24baires.com\/?cat=51"},"img":{"alt_text":"","src":"https:\/\/i0.wp.com\/www.24baires.com\/wp-content\/uploads\/2019\/05\/cumbre-pj.jpeg?resize=350%2C200","width":350,"height":200,"srcset":"https:\/\/i0.wp.com\/www.24baires.com\/wp-content\/uploads\/2019\/05\/cumbre-pj.jpeg?resize=350%2C200 1x, https:\/\/i0.wp.com\/www.24baires.com\/wp-content\/uploads\/2019\/05\/cumbre-pj.jpeg?resize=525%2C300 1.5x"},"classes":[]},{"id":67166,"url":"http:\/\/www.24baires.com\/?p=67166","url_meta":{"origin":68726,"position":2},"title":"Rossi respald\u00f3 la candidatura de Randazzo","author":"GB","date":"06\/06\/2015","format":false,"excerpt":"El ministro del Interior y Transporte y precandidato presidencial, Florencio Randazzo, se mostr\u00f3 con el jefe de la cartera de Defensa, Agust\u00edn Rossi, quien respald\u00f3 su precandidatura, pero descart\u00f3 que esto sea un gui\u00f1o para blanquear a su compa\u00f1ero de f\u00f3rmula, al advertir que su vice \"lo va a definir\u2026","rel":"","context":"En \u00abElecciones 2015\u00bb","block_context":{"text":"Elecciones 2015","link":"http:\/\/www.24baires.com\/?cat=74"},"img":{"alt_text":"","src":"https:\/\/i0.wp.com\/www.24baires.com\/wp-content\/uploads\/2015\/06\/rossi-randazzo.jpg?resize=350%2C200","width":350,"height":200,"srcset":"https:\/\/i0.wp.com\/www.24baires.com\/wp-content\/uploads\/2015\/06\/rossi-randazzo.jpg?resize=350%2C200 1x, https:\/\/i0.wp.com\/www.24baires.com\/wp-content\/uploads\/2015\/06\/rossi-randazzo.jpg?resize=525%2C300 1.5x"},"classes":[]},{"id":59526,"url":"http:\/\/www.24baires.com\/?p=59526","url_meta":{"origin":68726,"position":3},"title":"Randazzo: \u00abLa tapa del Clar\u00edn de hoy es la prueba de que Scioli es su candidato en el FpV\u00bb","author":"Grupo Sierra","date":"03\/01\/2015","format":false,"excerpt":"El ministro del Interior y Transporte, Florencio Randazzo, asegur\u00f3 que el candidato del Grupo Clar\u00edn \u201cdentro de la primaria del Frente para la Victoria es Daniel Scioli\u201d, luego del que el matutino publicara en su tapa de hoy una foto que muestra al gobernador bonaerense como uno de los pol\u00edticos\u2026","rel":"","context":"En \u00abElecciones 2015\u00bb","block_context":{"text":"Elecciones 2015","link":"http:\/\/www.24baires.com\/?cat=74"},"img":{"alt_text":"randazzo-tres","src":"https:\/\/i0.wp.com\/www.24baires.com\/wp-content\/uploads\/2014\/10\/randazzo-tres.jpg?resize=350%2C200","width":350,"height":200,"srcset":"https:\/\/i0.wp.com\/www.24baires.com\/wp-content\/uploads\/2014\/10\/randazzo-tres.jpg?resize=350%2C200 1x, https:\/\/i0.wp.com\/www.24baires.com\/wp-content\/uploads\/2014\/10\/randazzo-tres.jpg?resize=525%2C300 1.5x"},"classes":[]},{"id":74497,"url":"http:\/\/www.24baires.com\/?p=74497","url_meta":{"origin":68726,"position":4},"title":"El massismo de Chaco tambi\u00e9n oficializ\u00f3 su respaldo a la candidatura de Scioli","author":"GB","date":"02\/11\/2015","format":false,"excerpt":"Tras el apoyo a la f\u00f3rmula del FPV del ex candidato massista a gobernador de Entre R\u00edos, los referentes de ese espacio en Chaco se pronunciaron en el mismo sentido y cuestionaron a Macri por representar \"el centralismo porte\u00f1o\". Dirigentes del massismo en Chaco manifestaron este lunes, de cara al\u2026","rel":"","context":"En \u00abElecciones 2015\u00bb","block_context":{"text":"Elecciones 2015","link":"http:\/\/www.24baires.com\/?cat=74"},"img":{"alt_text":"scioli-massa1","src":"https:\/\/i0.wp.com\/www.24baires.com\/wp-content\/uploads\/2013\/08\/scioli-massa1.jpg?resize=350%2C200","width":350,"height":200,"srcset":"https:\/\/i0.wp.com\/www.24baires.com\/wp-content\/uploads\/2013\/08\/scioli-massa1.jpg?resize=350%2C200 1x, https:\/\/i0.wp.com\/www.24baires.com\/wp-content\/uploads\/2013\/08\/scioli-massa1.jpg?resize=525%2C300 1.5x"},"classes":[]},{"id":60072,"url":"http:\/\/www.24baires.com\/?p=60072","url_meta":{"origin":68726,"position":5},"title":"\u00abNo voy a hacer nada que no sea ser candidato en las PASO del Frente para la Victoria\u00bb","author":"GB","date":"14\/01\/2015","format":false,"excerpt":"El ministro de Interior y Transporte, Florencio Randazzo, asegur\u00f3 con iron\u00eda que \u00e9l es \"el candidato\" de la presidenta Cristina Fern\u00e1ndez de Kirchner, destinado a continuar el proceso \"de transformaci\u00f3n\" iniciado por ese espacio. Adem\u00e1s, Randazzo tom\u00f3 distancia del gobernador bonaerense y tambi\u00e9n precandidato presidencial Daniel Scioli quien, junto con\u2026","rel":"","context":"En \u00abElecciones 2015\u00bb","block_context":{"text":"Elecciones 2015","link":"http:\/\/www.24baires.com\/?cat=74"},"img":{"alt_text":"randazzo 1","src":"https:\/\/i0.wp.com\/www.24baires.com\/wp-content\/uploads\/2014\/01\/randazzo-1.jpg?resize=350%2C200","width":350,"height":200,"srcset":"https:\/\/i0.wp.com\/www.24baires.com\/wp-content\/uploads\/2014\/01\/randazzo-1.jpg?resize=350%2C200 1x, https:\/\/i0.wp.com\/www.24baires.com\/wp-content\/uploads\/2014\/01\/randazzo-1.jpg?resize=525%2C300 1.5x"},"classes":[]}],"jetpack_sharing_enabled":true,"jetpack_likes_enabled":true,"jetpack_featured_media_url":"","_links":{"self":[{"href":"http:\/\/www.24baires.com\/index.php?rest_route=\/wp\/v2\/posts\/68726","targetHints":{"allow":["GET"]}}],"collection":[{"href":"http:\/\/www.24baires.com\/index.php?rest_route=\/wp\/v2\/posts"}],"about":[{"href":"http:\/\/www.24baires.com\/index.php?rest_route=\/wp\/v2\/types\/post"}],"author":[{"embeddable":true,"href":"http:\/\/www.24baires.com\/index.php?rest_route=\/wp\/v2\/users\/4"}],"replies":[{"embeddable":true,"href":"http:\/\/www.24baires.com\/index.php?rest_route=%2Fwp%2Fv2%2Fcomments&post=68726"}],"version-history":[{"count":1,"href":"http:\/\/www.24baires.com\/index.php?rest_route=\/wp\/v2\/posts\/68726\/revisions"}],"predecessor-version":[{"id":68728,"href":"http:\/\/www.24baires.com\/index.php?rest_route=\/wp\/v2\/posts\/68726\/revisions\/68728"}],"wp:attachment":[{"href":"http:\/\/www.24baires.com\/index.php?rest_route=%2Fwp%2Fv2%2Fmedia&parent=68726"}],"wp:term":[{"taxonomy":"category","embeddable":true,"href":"http:\/\/www.24baires.com\/index.php?rest_route=%2Fwp%2Fv2%2Fcategories&post=68726"},{"taxonomy":"post_tag","embeddable":true,"href":"http:\/\/www.24baires.com\/index.php?rest_route=%2Fwp%2Fv2%2Ftags&post=68726"}],"curies":[{"name":"wp","href":"https:\/\/api.w.org\/{rel}","templated":true}]}}