{"id":68703,"date":"2015-07-07T10:27:39","date_gmt":"2015-07-07T13:27:39","guid":{"rendered":"http:\/\/www.24baires.com\/?p=68703"},"modified":"2015-07-08T12:16:25","modified_gmt":"2015-07-08T15:16:25","slug":"anibal-la-convocatoria-por-cabral-es-una-marcha-politica-de-la-corporacion-judicial","status":"publish","type":"post","link":"http:\/\/www.24baires.com\/?p=68703","title":{"rendered":"An\u00edbal: la convocatoria por Cabral \u00abes una marcha pol\u00edtica de la corporaci\u00f3n judicial\u00bb"},"content":{"rendered":"<p><img data-recalc-dims=\"1\" loading=\"lazy\" decoding=\"async\" src=\"https:\/\/i0.wp.com\/www.24baires.com\/wp-content\/uploads\/2015\/04\/anibal-conferencia.jpg?resize=560%2C379\" alt=\"anibal conferencia\" width=\"560\" height=\"379\" class=\"aligncenter size-full wp-image-63981\" srcset=\"https:\/\/i0.wp.com\/www.24baires.com\/wp-content\/uploads\/2015\/04\/anibal-conferencia.jpg?w=560 560w, https:\/\/i0.wp.com\/www.24baires.com\/wp-content\/uploads\/2015\/04\/anibal-conferencia.jpg?resize=300%2C203 300w\" sizes=\"auto, (max-width: 560px) 100vw, 560px\" \/>El jefe de Gabinete, An\u00edbal Fern\u00e1ndez, afirm\u00f3 que \u00abotra vez volvemos a las marchas pol\u00edticas de la corporaci\u00f3n judicial\u00bb en referencia a la protesta convocada para reclamar la reposici\u00f3n del juez Luis Mar\u00eda Cabral, quien fuera desplazado de su cargo como subrogante por parte del Consejo de la Magistratura.<!--more--><\/p>\n<p>\u00abOtra vez volvemos a las marchas pol\u00edticas de la corporaci\u00f3n judicial\u00bb, dijo el jefe de Gabinete en referencia al acto que hoy se realizar\u00e1 en las escalinatas del Palacio de Tribunales de la ciudad de Buenos Aires.<\/p>\n<p>En esa l\u00ednea -y en su habitual contacto con la prensa delante de la sede gubernamental- Fern\u00e1ndez se pregunt\u00f3: \u00ab\u00bfCu\u00e1l es el planteo ac\u00e1?\u00bfQu\u00e9 el doctor Cabral no est\u00e1 m\u00e1s en su puesto?. El doctor Cabral fue designado, a propuesta del doctor (Ra\u00fal) Madue\u00f1o que hoy est\u00e1 jubilado, puesto a dedo, no hizo ning\u00fan concurso Cabral para entrar, no trabajaba mucho, con lo cual ten\u00eda un despacho que no estaba al d\u00eda&#8230;\u00bb, remarc\u00f3<\/p>\n<p>Asimismo, el jefe de Gabinete explic\u00f3 que \u00abse sac\u00f3 una ley sancionada por el Congreso de la Naci\u00f3n y promulgada por el Poder Ejecutivo para resolver ese tema que se compone entre jueces y abogados de la matr\u00edcula\u00bb.<\/p>\n<p>\u00abEntonces -a\u00f1adi\u00f3 el funcionario- apareci\u00f3 alguien, de los tantos sabios que tenemos en la Argentina, que dec\u00eda por qu\u00e9 un abogado de la matr\u00edcula tiene que opinar sobre estas cosas. Y lo que digo es exactamente lo m\u00e1s sensato de todo: en el marco de los conjueces. Porque cuando usted tiene una vocal\u00eda que no est\u00e1 cubierta, no puede poner a alguien para que subrogue, porque cuando subroga a un juez lo que est\u00e1 haciendo es atender los dos despachos\u00bb.<\/p>\n<p>\u00abY si ten\u00edamos conflicto en uno de los despachos, atender los dos despachos era traer complicaciones mucho mayores\u00bb, opin\u00f3.<\/p>\n<p>\u00abBueno, parece ser que esa marcha est\u00e1 dirigida hacia uno de los dos puntos: o est\u00e1 en contra del la ley 27.145, con lo cual (si hay) jueces y fiscales que opinan contra una ley del Congreso ya estar\u00edamos en una situaci\u00f3n complicadita para los argentinos.<\/p>\n<p>Y si no, es una marcha contra la decisi\u00f3n judicial del doctor Furnari. Eso est\u00e1 prohibido para los miembros del Poder Judicial: opinar sobre causas en tr\u00e1mite o espec\u00edficamente sobre determinadas decisiones que est\u00e1 tomando alguno de sus colegas. Est\u00e1 prohibido por su propio reglamento\u00bb, exclam\u00f3 el funcionario.<\/p>\n<p>Ante la insistencia period\u00edstica, el ministro coordinador y precandidato a la gobernaci\u00f3n bonaerense por el FPV, insisti\u00f3: \u00abFrente a este panorama, y yo \u00bfqu\u00e9 quiere que le diga? No le puedo explicar m\u00e1s de las cosas que estamos viendo y que estamos viviendo ante la exageraci\u00f3n, la muestra de defensa de un determinado miembro (del Poder Judicial) donde el propio Tribunal Federal de Casaci\u00f3n ha justificado todo lo actuado y todo lo hecho por el Consejo de la Magistratura\u00bb.<\/p>\n<p>\u00abY es el Consejo de la Magistratura el que ha resuelto la situaci\u00f3n y tambi\u00e9n resolvi\u00f3 la situaci\u00f3n de otros jueces m\u00e1s, que adem\u00e1s ya han jurado&#8230;\u00bb, indic\u00f3.<\/p>\n<p>\u00abAc\u00e1 est\u00e1 todo resuelto, y lo que hay es una marcha m\u00e1s&#8230;Otra vez volvemos a las marchas pol\u00edticas por parte de miembros del Poder Judicial que se arrogan alg\u00fan derecho que no tienen\u00bb, apunt\u00f3.<\/p>\n<p>Consultado sobre la reuni\u00f3n del titular la Corte Suprema de Justicia, Ricardo Lorenzetti, con los presidentes de las c\u00e1mara federales, Fern\u00e1ndez opin\u00f3: \u00abyo no se qu\u00e9 es lo que va a hacer hoy el doctor Lorenzetti. Puede recibir a quien quiera, en tanto y en cuanto, no incumpla con la acordada del &#8217;52, que es la que dice espec\u00edficamente c\u00f3mo debe de actuar ante determinadas causas. Y si no hay ninguna causa de por medio, el es due\u00f1o de recibir a qui\u00e9n se le antoje; no soy yo qui\u00e9n debe opinar\u00bb.<\/p>\n","protected":false},"excerpt":{"rendered":"<p>El jefe de Gabinete, An\u00edbal Fern\u00e1ndez, afirm\u00f3 que \u00abotra vez volvemos a las marchas pol\u00edticas de la corporaci\u00f3n judicial\u00bb en referencia a la protesta convocada para reclamar la reposici\u00f3n del juez Luis Mar\u00eda Cabral, quien fuera desplazado de su cargo como subrogante por parte del Consejo de la Magistratura.<\/p>\n","protected":false},"author":4,"featured_media":0,"comment_status":"open","ping_status":"open","sticky":false,"template":"","format":"standard","meta":{"_jetpack_newsletter_access":"","_jetpack_dont_email_post_to_subs":false,"_jetpack_newsletter_tier_id":0,"_jetpack_memberships_contains_paywalled_content":false,"_jetpack_memberships_contains_paid_content":false,"footnotes":""},"categories":[51],"tags":[],"class_list":["post-68703","post","type-post","status-publish","format-standard","hentry","category-politica"],"jetpack_shortlink":"https:\/\/wp.me\/p2JWE0-hS7","jetpack-related-posts":[{"id":68328,"url":"http:\/\/www.24baires.com\/?p=68328","url_meta":{"origin":68703,"position":0},"title":"An\u00edbal Fern\u00e1ndez: \u00abLo de Cabral corresponde que as\u00ed sea\u00bb","author":"AF","date":"30\/06\/2015","format":false,"excerpt":"El jefe de Gabinete volvi\u00f3 hoy a respaldar la decisi\u00f3n del Consejo de la Magistratura de ponerle punto final a la subrogancia del juez Mar\u00eda Cabral en la C\u00e1mara de Casaci\u00f3n Penal. El funcionario opin\u00f3 hoy que \u201csi alguien se siente indignado\u201d por esa resoluci\u00f3n, \u201cser\u00e1 un tema netamente personal\u201d.\u2026","rel":"","context":"En \u00abJUDICIALES\u00bb","block_context":{"text":"JUDICIALES","link":"http:\/\/www.24baires.com\/?cat=68"},"img":{"alt_text":"anibal conferencia","src":"https:\/\/i0.wp.com\/www.24baires.com\/wp-content\/uploads\/2015\/04\/anibal-conferencia.jpg?resize=350%2C200","width":350,"height":200,"srcset":"https:\/\/i0.wp.com\/www.24baires.com\/wp-content\/uploads\/2015\/04\/anibal-conferencia.jpg?resize=350%2C200 1x, https:\/\/i0.wp.com\/www.24baires.com\/wp-content\/uploads\/2015\/04\/anibal-conferencia.jpg?resize=525%2C300 1.5x"},"classes":[]},{"id":68461,"url":"http:\/\/www.24baires.com\/?p=68461","url_meta":{"origin":68703,"position":1},"title":"An\u00edbal Fern\u00e1ndez: Los jueces \u00abdeber\u00edan seguir hablando a trav\u00e9s de sus sentencias\u00bb","author":"AF","date":"02\/07\/2015","format":false,"excerpt":"El jefe de Gabinete sali\u00f3 as\u00ed al cruce de un grupo de jueces que manifest\u00f3 su \"preocupaci\u00f3n\" por un supuesto \"avance del Gobierno contra el Poder Judicial\" a trav\u00e9s de una carta enviada al presidente de la Corte de Suprema de Justicia de la Naci\u00f3n, Ricardo Lorenzetti. \"La verdad es\u2026","rel":"","context":"En \u00abJUDICIALES\u00bb","block_context":{"text":"JUDICIALES","link":"http:\/\/www.24baires.com\/?cat=68"},"img":{"alt_text":"anibal conferencia","src":"https:\/\/i0.wp.com\/www.24baires.com\/wp-content\/uploads\/2015\/04\/anibal-conferencia.jpg?resize=350%2C200","width":350,"height":200,"srcset":"https:\/\/i0.wp.com\/www.24baires.com\/wp-content\/uploads\/2015\/04\/anibal-conferencia.jpg?resize=350%2C200 1x, https:\/\/i0.wp.com\/www.24baires.com\/wp-content\/uploads\/2015\/04\/anibal-conferencia.jpg?resize=525%2C300 1.5x"},"classes":[]},{"id":100442,"url":"http:\/\/www.24baires.com\/?p=100442","url_meta":{"origin":68703,"position":2},"title":"CFK: \u00abEl \u00fanico argumento es la persecuci\u00f3n pol\u00edtica\u00bb","author":"AF","date":"08\/02\/2018","format":false,"excerpt":"La ex presidenta atribuy\u00f3 la denuncia por \"da\u00f1os y perjuicios\" por 22.500 millones pesos de Javier Iguacel, titular de Vialidad, a la campa\u00f1a instrumentada en su contra por el Gobierno. Marc\u00f3 las contradicciones de la presentaci\u00f3n judicial y pidi\u00f3 que se cite como testigos a todos los que fueron jefes\u2026","rel":"","context":"En \u00abPol\u00edtica\u00bb","block_context":{"text":"Pol\u00edtica","link":"http:\/\/www.24baires.com\/?cat=51"},"img":{"alt_text":"","src":"https:\/\/i0.wp.com\/www.24baires.com\/wp-content\/uploads\/2017\/09\/cristina.jpg?resize=350%2C200","width":350,"height":200,"srcset":"https:\/\/i0.wp.com\/www.24baires.com\/wp-content\/uploads\/2017\/09\/cristina.jpg?resize=350%2C200 1x, https:\/\/i0.wp.com\/www.24baires.com\/wp-content\/uploads\/2017\/09\/cristina.jpg?resize=525%2C300 1.5x"},"classes":[]},{"id":107915,"url":"http:\/\/www.24baires.com\/?p=107915","url_meta":{"origin":68703,"position":3},"title":"Rozanski se present\u00f3 en el juzgado de Ramos Padilla y denunci\u00f3 a Garavano por extorsi\u00f3n","author":"AF","date":"30\/04\/2019","format":false,"excerpt":"Relat\u00f3 que el ministro y el ex juez Cabral lo extorsionaron con un jury para que renunciara. El objetivo, cont\u00f3, era aleccionar a Fari\u00f1a. El ex juez federal de La Plata Carlos Rozanski se present\u00f3 como querellante ante el juzgado de Alejo Ramos Padilla y denunci\u00f3 por extorsi\u00f3n al ministro\u2026","rel":"","context":"En \u00abJUDICIALES\u00bb","block_context":{"text":"JUDICIALES","link":"http:\/\/www.24baires.com\/?cat=68"},"img":{"alt_text":"","src":"https:\/\/i0.wp.com\/www.24baires.com\/wp-content\/uploads\/2015\/04\/carlos-rozanski.jpg?resize=350%2C200","width":350,"height":200,"srcset":"https:\/\/i0.wp.com\/www.24baires.com\/wp-content\/uploads\/2015\/04\/carlos-rozanski.jpg?resize=350%2C200 1x, https:\/\/i0.wp.com\/www.24baires.com\/wp-content\/uploads\/2015\/04\/carlos-rozanski.jpg?resize=525%2C300 1.5x"},"classes":[]},{"id":62600,"url":"http:\/\/www.24baires.com\/?p=62600","url_meta":{"origin":68703,"position":4},"title":"An\u00edbal Fern\u00e1ndez neg\u00f3 que existan presiones del Ejecutivo al Poder Judicial","author":"AF","date":"04\/03\/2015","format":false,"excerpt":"El jefe de Gabinete, en cambio, record\u00f3 que los jueces \"han sacado cuanta medida cautelar quisieron, lesionando incluso las leyes votadas en el marco de la democracia\". Y desminti\u00f3 que no exista di\u00e1logo entre los poderes del Estado. \"\u00bfPresiones de qui\u00e9n? \u00bfCu\u00e1ndo han actuado bajo presi\u00f3n? \u00bfCu\u00e1ndo un juez no\u2026","rel":"","context":"En \u00abJUDICIALES\u00bb","block_context":{"text":"JUDICIALES","link":"http:\/\/www.24baires.com\/?cat=68"},"img":{"alt_text":"anibal","src":"https:\/\/i0.wp.com\/www.24baires.com\/wp-content\/uploads\/2015\/01\/anibal.jpg?resize=350%2C200","width":350,"height":200,"srcset":"https:\/\/i0.wp.com\/www.24baires.com\/wp-content\/uploads\/2015\/01\/anibal.jpg?resize=350%2C200 1x, https:\/\/i0.wp.com\/www.24baires.com\/wp-content\/uploads\/2015\/01\/anibal.jpg?resize=525%2C300 1.5x"},"classes":[]},{"id":61954,"url":"http:\/\/www.24baires.com\/?p=61954","url_meta":{"origin":68703,"position":5},"title":"Capitanich: \u00abLa Justicia no es independiente de las corporaciones\u00bb","author":"AF","date":"19\/02\/2015","format":false,"excerpt":"El jefe de Gabinete afirm\u00f3 hoy que la justicia en Argentina \"es independiente del poder pol\u00edtico, pero no es independiente de las corporaciones que influyen de modo directo e indirecto para perturbar el funcionamiento normal de las instituciones\". El jefe de Gabinete, Jorge Capitanich, respald\u00f3 hoy el derecho del pueblo\u2026","rel":"","context":"En \u00abPol\u00edtica\u00bb","block_context":{"text":"Pol\u00edtica","link":"http:\/\/www.24baires.com\/?cat=51"},"img":{"alt_text":"capitanich 4","src":"https:\/\/i0.wp.com\/www.24baires.com\/wp-content\/uploads\/2014\/09\/capitanich-4.jpg?resize=350%2C200","width":350,"height":200,"srcset":"https:\/\/i0.wp.com\/www.24baires.com\/wp-content\/uploads\/2014\/09\/capitanich-4.jpg?resize=350%2C200 1x, https:\/\/i0.wp.com\/www.24baires.com\/wp-content\/uploads\/2014\/09\/capitanich-4.jpg?resize=525%2C300 1.5x"},"classes":[]}],"jetpack_sharing_enabled":true,"jetpack_likes_enabled":true,"jetpack_featured_media_url":"","_links":{"self":[{"href":"http:\/\/www.24baires.com\/index.php?rest_route=\/wp\/v2\/posts\/68703","targetHints":{"allow":["GET"]}}],"collection":[{"href":"http:\/\/www.24baires.com\/index.php?rest_route=\/wp\/v2\/posts"}],"about":[{"href":"http:\/\/www.24baires.com\/index.php?rest_route=\/wp\/v2\/types\/post"}],"author":[{"embeddable":true,"href":"http:\/\/www.24baires.com\/index.php?rest_route=\/wp\/v2\/users\/4"}],"replies":[{"embeddable":true,"href":"http:\/\/www.24baires.com\/index.php?rest_route=%2Fwp%2Fv2%2Fcomments&post=68703"}],"version-history":[{"count":1,"href":"http:\/\/www.24baires.com\/index.php?rest_route=\/wp\/v2\/posts\/68703\/revisions"}],"predecessor-version":[{"id":68704,"href":"http:\/\/www.24baires.com\/index.php?rest_route=\/wp\/v2\/posts\/68703\/revisions\/68704"}],"wp:attachment":[{"href":"http:\/\/www.24baires.com\/index.php?rest_route=%2Fwp%2Fv2%2Fmedia&parent=68703"}],"wp:term":[{"taxonomy":"category","embeddable":true,"href":"http:\/\/www.24baires.com\/index.php?rest_route=%2Fwp%2Fv2%2Fcategories&post=68703"},{"taxonomy":"post_tag","embeddable":true,"href":"http:\/\/www.24baires.com\/index.php?rest_route=%2Fwp%2Fv2%2Ftags&post=68703"}],"curies":[{"name":"wp","href":"https:\/\/api.w.org\/{rel}","templated":true}]}}