{"id":68671,"date":"2015-07-06T16:15:00","date_gmt":"2015-07-06T19:15:00","guid":{"rendered":"http:\/\/www.24baires.com\/?p=68671"},"modified":"2015-07-07T10:53:13","modified_gmt":"2015-07-07T13:53:13","slug":"gobierno-un-territorio-1-500-veces-mas-grande-que-la-ciudad-aseguro-scioli","status":"publish","type":"post","link":"http:\/\/www.24baires.com\/?p=68671","title":{"rendered":"\u00abGobierno un territorio 1.500 veces m\u00e1s grande que la Ciudad\u00bb, asegur\u00f3 Scioli"},"content":{"rendered":"<p><img data-recalc-dims=\"1\" loading=\"lazy\" decoding=\"async\" class=\"aligncenter wp-image-68672\" src=\"https:\/\/i0.wp.com\/www.24baires.com\/wp-content\/uploads\/2015\/07\/scioli-berni.jpg?resize=560%2C372\" alt=\"scioli berni\" width=\"560\" height=\"372\" srcset=\"https:\/\/i0.wp.com\/www.24baires.com\/wp-content\/uploads\/2015\/07\/scioli-berni.jpg?w=510 510w, https:\/\/i0.wp.com\/www.24baires.com\/wp-content\/uploads\/2015\/07\/scioli-berni.jpg?resize=300%2C199 300w\" sizes=\"auto, (max-width: 560px) 100vw, 560px\" \/>El gobernador bonaerense, Daniel Scioli, dijo hoy que gobierna \u201cun territorio 1.500 veces m\u00e1s grande que la Ciudad Aut\u00f3noma de Buenos Aires\u201d, y se diferenci\u00f3 sin nombrarlo del macrismo, que ayer se impuso en los comicios porte\u00f1os, al afirmar que el Frente para la Victoria, cuya f\u00f3rmula presidencial encabezar\u00e1 en las PASO del 9 de agosto, sostiene \u00abuna visi\u00f3n muy federal de la Argentina\u00bb<!--more--><\/p>\n<p>\u201cMiren c\u00f3mo aument\u00f3 la presi\u00f3n impositiva en Capital y c\u00f3mo no descentralizan hacia las comunas\u201d, afirm\u00f3 el mandatario en declaraciones formuladas luego de un acto que encabez\u00f3 en el Museo del Servicio Penitenciario Bonaerense, donde se destruyeron 18.000 armas secuestradas a los delincuentes en diversos procedimientos.<\/p>\n<p>\u201cNuestra prioridad son los temas que le preocupan a la gente\u201d, remarc\u00f3.<\/p>\n<p>\u201cTenemos una visi\u00f3n muy federal de la Argentina, a diferencia de otro espacio pol\u00edtico, con ideas distintas y con otras prioridades\u201d, enfatiz\u00f3.<\/p>\n<p>Luego, Scioli confi\u00f3 en que \u201cla gente no quiere un retroceso\u201d y asever\u00f3 que seguir\u00e1 \u201ccon esta visi\u00f3n de pa\u00eds, del desendeudamiento, integraci\u00f3n, desarrollo y coparticipaci\u00f3n\u201d.<\/p>\n<p>Posteriormente, repas\u00f3 adem\u00e1s la sanci\u00f3n de leyes de vanguardia, como \u201cla nueva Ley de Adopci\u00f3n, la de nocturnidad, siempre cuidando la vida como una prioridad, y que permiti\u00f3 bajar 85 por ciento los accidentes, con reformas fiscales con profundo sentido progresivo que tienen que ver con la b\u00fasqueda de la igualdad\u201d.<\/p>\n","protected":false},"excerpt":{"rendered":"<p>El gobernador bonaerense, Daniel Scioli, dijo hoy que gobierna \u201cun territorio 1.500 veces m\u00e1s grande que la Ciudad Aut\u00f3noma de Buenos Aires\u201d, y se diferenci\u00f3 sin nombrarlo del macrismo, que ayer se impuso en los comicios porte\u00f1os, al afirmar que el Frente para la Victoria, cuya f\u00f3rmula presidencial encabezar\u00e1 en las PASO del 9 de agosto, sostiene \u00abuna visi\u00f3n muy [&#8230;]<\/p>\n","protected":false},"author":8,"featured_media":0,"comment_status":"open","ping_status":"open","sticky":false,"template":"","format":"standard","meta":{"_jetpack_newsletter_access":"","_jetpack_dont_email_post_to_subs":false,"_jetpack_newsletter_tier_id":0,"_jetpack_memberships_contains_paywalled_content":false,"_jetpack_memberships_contains_paid_content":false,"footnotes":""},"categories":[51],"tags":[],"class_list":["post-68671","post","type-post","status-publish","format-standard","hentry","category-politica"],"jetpack_shortlink":"https:\/\/wp.me\/p2JWE0-hRB","jetpack-related-posts":[{"id":102717,"url":"http:\/\/www.24baires.com\/?p=102717","url_meta":{"origin":68671,"position":0},"title":"Stolbizer: \u00abLa gesti\u00f3n de Vidal es tan mala como la de Scioli\u00bb","author":"GB","date":"13\/06\/2018","format":false,"excerpt":"La l\u00edder del GEN endureci\u00f3 su discurso contra la Gobernadora y afirm\u00f3 que \"no puede mostrar avances\" en educaci\u00f3n, salud y seguridad. Margarita Stolbizer abandon\u00f3 el discurso conciliador con Mar\u00eda Eugenia Vidal y afirm\u00f3 que su gesti\u00f3n \"es tan mala\" como la de su antecesor Daniel Scioli. Durante una visita\u2026","rel":"","context":"En \u00abPol\u00edtica\u00bb","block_context":{"text":"Pol\u00edtica","link":"http:\/\/www.24baires.com\/?cat=51"},"img":{"alt_text":"","src":"https:\/\/i0.wp.com\/www.24baires.com\/wp-content\/uploads\/2016\/08\/vidal-stolbizer.jpg?resize=350%2C200","width":350,"height":200,"srcset":"https:\/\/i0.wp.com\/www.24baires.com\/wp-content\/uploads\/2016\/08\/vidal-stolbizer.jpg?resize=350%2C200 1x, https:\/\/i0.wp.com\/www.24baires.com\/wp-content\/uploads\/2016\/08\/vidal-stolbizer.jpg?resize=525%2C300 1.5x"},"classes":[]},{"id":120181,"url":"http:\/\/www.24baires.com\/?p=120181","url_meta":{"origin":68671,"position":1},"title":"El Frente de Todos pasa a llamarse \u00abUni\u00f3n por la Patria\u00bb","author":"AF","date":"14\/06\/2023","format":false,"excerpt":"Los distintos sectores que componen el frente oficialista mantienen reuniones para definir, entre otras cosas, la constituci\u00f3n de su junta partidaria y el reglamento electoral que fijar\u00e1 pisos y porcentajes para la integraci\u00f3n de listas. El Frente de Todos (FdT) se llamar\u00e1 Uni\u00f3n por la Patria (UxP) en las pr\u00f3ximas\u2026","rel":"","context":"En \u00abPol\u00edtica\u00bb","block_context":{"text":"Pol\u00edtica","link":"http:\/\/www.24baires.com\/?cat=51"},"img":{"alt_text":"","src":"https:\/\/i0.wp.com\/www.24baires.com\/wp-content\/uploads\/2023\/06\/cfk-25-5.png?resize=350%2C200","width":350,"height":200,"srcset":"https:\/\/i0.wp.com\/www.24baires.com\/wp-content\/uploads\/2023\/06\/cfk-25-5.png?resize=350%2C200 1x, https:\/\/i0.wp.com\/www.24baires.com\/wp-content\/uploads\/2023\/06\/cfk-25-5.png?resize=525%2C300 1.5x, https:\/\/i0.wp.com\/www.24baires.com\/wp-content\/uploads\/2023\/06\/cfk-25-5.png?resize=700%2C400 2x, https:\/\/i0.wp.com\/www.24baires.com\/wp-content\/uploads\/2023\/06\/cfk-25-5.png?resize=1050%2C600 3x"},"classes":[]},{"id":101122,"url":"http:\/\/www.24baires.com\/?p=101122","url_meta":{"origin":68671,"position":2},"title":"Indagar\u00e1n a Scioli por irregularidades en la construcci\u00f3n de las UPA 24","author":"AF","date":"17\/03\/2018","format":false,"excerpt":"El ex gobernador Daniel Scioli y quien fuera su ministro de Salud, Alejandro Collia, fueron imputados y citados a prestar declaraci\u00f3n indagatoria en el marco de una causa que investiga presuntas irregularidades en la adjudicaci\u00f3n de ocho Unidades de Pronta Atenci\u00f3n (UPA 24) para las que se destinaron m\u00e1s de\u2026","rel":"","context":"En \u00abJUDICIALES\u00bb","block_context":{"text":"JUDICIALES","link":"http:\/\/www.24baires.com\/?cat=68"},"img":{"alt_text":"","src":"https:\/\/i0.wp.com\/www.24baires.com\/wp-content\/uploads\/2014\/05\/Daniel-Scioli.jpg?resize=350%2C200","width":350,"height":200,"srcset":"https:\/\/i0.wp.com\/www.24baires.com\/wp-content\/uploads\/2014\/05\/Daniel-Scioli.jpg?resize=350%2C200 1x, https:\/\/i0.wp.com\/www.24baires.com\/wp-content\/uploads\/2014\/05\/Daniel-Scioli.jpg?resize=525%2C300 1.5x"},"classes":[]},{"id":100134,"url":"http:\/\/www.24baires.com\/?p=100134","url_meta":{"origin":68671,"position":3},"title":"La Provincia prev\u00e9 una dura negociaci\u00f3n con los gremios docentes","author":"GB","date":"24\/01\/2018","format":false,"excerpt":"En el gobierno bonaerense afirman que \"no hay ni piso ni techo\" para la paritaria; avanzan en la \"depuraci\u00f3n\" de las afiliaciones de los sindicatos que agrupan a maestros y profesores Volvi\u00f3 descansada y feliz de Villa La Angostura. Ya de regreso en su despacho, Mar\u00eda Eugenia Vidal se pondr\u00e1\u2026","rel":"","context":"En \u00abProvincia\u00bb","block_context":{"text":"Provincia","link":"http:\/\/www.24baires.com\/?cat=40"},"img":{"alt_text":"","src":"https:\/\/i0.wp.com\/www.24baires.com\/wp-content\/uploads\/2017\/11\/docentes.jpg?resize=350%2C200","width":350,"height":200,"srcset":"https:\/\/i0.wp.com\/www.24baires.com\/wp-content\/uploads\/2017\/11\/docentes.jpg?resize=350%2C200 1x, https:\/\/i0.wp.com\/www.24baires.com\/wp-content\/uploads\/2017\/11\/docentes.jpg?resize=525%2C300 1.5x"},"classes":[]},{"id":119456,"url":"http:\/\/www.24baires.com\/?p=119456","url_meta":{"origin":68671,"position":4},"title":"\u00abTodos tenemos que hacer un esfuerzo para seguir en proceso decreciente de la inflaci\u00f3n\u00bb","author":"AF","date":"21\/10\/2022","format":false,"excerpt":"\"Es un problema que nos ocupa y nos preocupa, y estamos en eso\", destac\u00f3 el Presidente, quien adem\u00e1s se refiri\u00f3 a la investigaci\u00f3n sobre el atentado sufrido por Cristina Fern\u00e1ndez: \"Necesitamos saber qui\u00e9nes estaban detr\u00e1s\". El presidente Alberto Fern\u00e1ndez destac\u00f3 este viernes que \"hace dos meses la inflaci\u00f3n viene en\u2026","rel":"","context":"En \u00abPol\u00edtica\u00bb","block_context":{"text":"Pol\u00edtica","link":"http:\/\/www.24baires.com\/?cat=51"},"img":{"alt_text":"","src":"https:\/\/i0.wp.com\/www.24baires.com\/wp-content\/uploads\/2022\/10\/albertoo.jpg?resize=350%2C200","width":350,"height":200,"srcset":"https:\/\/i0.wp.com\/www.24baires.com\/wp-content\/uploads\/2022\/10\/albertoo.jpg?resize=350%2C200 1x, https:\/\/i0.wp.com\/www.24baires.com\/wp-content\/uploads\/2022\/10\/albertoo.jpg?resize=525%2C300 1.5x, https:\/\/i0.wp.com\/www.24baires.com\/wp-content\/uploads\/2022\/10\/albertoo.jpg?resize=700%2C400 2x, https:\/\/i0.wp.com\/www.24baires.com\/wp-content\/uploads\/2022\/10\/albertoo.jpg?resize=1050%2C600 3x"},"classes":[]},{"id":122773,"url":"http:\/\/www.24baires.com\/?p=122773","url_meta":{"origin":68671,"position":5},"title":"Kicillof entreg\u00f3 viviendas en Ayacucho","author":"GB","date":"24\/12\/2025","format":false,"excerpt":"El Gobernador encabez\u00f3 el acto en el barrio La Feria y defendi\u00f3 la continuidad de la pol\u00edtica habitacional bonaerense pese a los recortes del Gobierno nacional. El gobernador bonaerense Axel Kicillof encabez\u00f3 en Ayacucho el acto de entrega de viviendas a m\u00e1s de 66 familias del barrio La Feria. Durante\u2026","rel":"","context":"En \u00abProvincia\u00bb","block_context":{"text":"Provincia","link":"http:\/\/www.24baires.com\/?cat=40"},"img":{"alt_text":"","src":"https:\/\/i0.wp.com\/www.24baires.com\/wp-content\/uploads\/2025\/12\/kici-ayacucho.webp?resize=350%2C200","width":350,"height":200,"srcset":"https:\/\/i0.wp.com\/www.24baires.com\/wp-content\/uploads\/2025\/12\/kici-ayacucho.webp?resize=350%2C200 1x, https:\/\/i0.wp.com\/www.24baires.com\/wp-content\/uploads\/2025\/12\/kici-ayacucho.webp?resize=525%2C300 1.5x, https:\/\/i0.wp.com\/www.24baires.com\/wp-content\/uploads\/2025\/12\/kici-ayacucho.webp?resize=700%2C400 2x"},"classes":[]}],"jetpack_sharing_enabled":true,"jetpack_likes_enabled":true,"jetpack_featured_media_url":"","_links":{"self":[{"href":"http:\/\/www.24baires.com\/index.php?rest_route=\/wp\/v2\/posts\/68671","targetHints":{"allow":["GET"]}}],"collection":[{"href":"http:\/\/www.24baires.com\/index.php?rest_route=\/wp\/v2\/posts"}],"about":[{"href":"http:\/\/www.24baires.com\/index.php?rest_route=\/wp\/v2\/types\/post"}],"author":[{"embeddable":true,"href":"http:\/\/www.24baires.com\/index.php?rest_route=\/wp\/v2\/users\/8"}],"replies":[{"embeddable":true,"href":"http:\/\/www.24baires.com\/index.php?rest_route=%2Fwp%2Fv2%2Fcomments&post=68671"}],"version-history":[{"count":1,"href":"http:\/\/www.24baires.com\/index.php?rest_route=\/wp\/v2\/posts\/68671\/revisions"}],"predecessor-version":[{"id":68673,"href":"http:\/\/www.24baires.com\/index.php?rest_route=\/wp\/v2\/posts\/68671\/revisions\/68673"}],"wp:attachment":[{"href":"http:\/\/www.24baires.com\/index.php?rest_route=%2Fwp%2Fv2%2Fmedia&parent=68671"}],"wp:term":[{"taxonomy":"category","embeddable":true,"href":"http:\/\/www.24baires.com\/index.php?rest_route=%2Fwp%2Fv2%2Fcategories&post=68671"},{"taxonomy":"post_tag","embeddable":true,"href":"http:\/\/www.24baires.com\/index.php?rest_route=%2Fwp%2Fv2%2Ftags&post=68671"}],"curies":[{"name":"wp","href":"https:\/\/api.w.org\/{rel}","templated":true}]}}