{"id":68603,"date":"2015-07-05T10:57:38","date_gmt":"2015-07-05T13:57:38","guid":{"rendered":"http:\/\/www.24baires.com\/?p=68603"},"modified":"2015-07-06T11:37:44","modified_gmt":"2015-07-06T14:37:44","slug":"domingo-de-elecciones-el-20-por-ciento-del-padron-entra-al-cuarto-oscuro","status":"publish","type":"post","link":"http:\/\/www.24baires.com\/?p=68603","title":{"rendered":"Cerraron con normalidad las elecciones en los cinco distritos del pa\u00eds"},"content":{"rendered":"<p><img data-recalc-dims=\"1\" loading=\"lazy\" decoding=\"async\" class=\"aligncenter wp-image-26582\" src=\"https:\/\/i0.wp.com\/www.24baires.com\/wp-content\/uploads\/2013\/06\/URNAS-VOTOS.jpg?resize=560%2C373\" alt=\"URNAS VOTOS\" width=\"560\" height=\"373\" srcset=\"https:\/\/i0.wp.com\/www.24baires.com\/wp-content\/uploads\/2013\/06\/URNAS-VOTOS.jpg?w=510 510w, https:\/\/i0.wp.com\/www.24baires.com\/wp-content\/uploads\/2013\/06\/URNAS-VOTOS.jpg?resize=300%2C200 300w\" sizes=\"auto, (max-width: 560px) 100vw, 560px\" \/>La Ciudad de Buenos Aires, C\u00f3rdoba, La Pampa, La Rioja y Corrientes vivieron una jornada electoral con tranquilidad y cerraron a las 18 sus respectivos comicios. Ahora, expectativa por los resultados.<!--more--><\/p>\n<p>Las elecciones que se realizaron en cinco distritos del pa\u00eds cerraron con normalidad a partir de las 18, seg\u00fan informaron las diferentes autoridades electorales de esos distritos.<\/p>\n<p>Los comicios para jefe de Gobierno porte\u00f1o cerraron a las 18 y seg\u00fan inform\u00f3 el ministro de Seguridad local, Guillermo Montenegro, antes de las 23 se espera que se conozca \u00abla tendencia\u00bb de la elecci\u00f3n en la que se vot\u00f3 desde las 8 al sucesor de Mauricio Macri al frente de la Jefatura de Gobierno, 30 legisladores y autoridades de las comunas.<\/p>\n<p>En tanto, cerraron los comicios en C\u00f3rdoba, donde se elige gobernador y vice; en La Rioja, donde tambi\u00e9n se elige nuevo gobierno; en La Pampa, donde hay internas y en Corrientes, donde se vota para elegir legisladores provinciales.<\/p>\n","protected":false},"excerpt":{"rendered":"<p>La Ciudad de Buenos Aires, C\u00f3rdoba, La Pampa, La Rioja y Corrientes vivieron una jornada electoral con tranquilidad y cerraron a las 18 sus respectivos comicios. Ahora, expectativa por los resultados.<\/p>\n","protected":false},"author":8,"featured_media":0,"comment_status":"open","ping_status":"open","sticky":false,"template":"","format":"standard","meta":{"_jetpack_newsletter_access":"","_jetpack_dont_email_post_to_subs":false,"_jetpack_newsletter_tier_id":0,"_jetpack_memberships_contains_paywalled_content":false,"_jetpack_memberships_contains_paid_content":false,"footnotes":""},"categories":[51],"tags":[],"class_list":["post-68603","post","type-post","status-publish","format-standard","hentry","category-politica"],"jetpack_shortlink":"https:\/\/wp.me\/p2JWE0-hQv","jetpack-related-posts":[{"id":112714,"url":"http:\/\/www.24baires.com\/?p=112714","url_meta":{"origin":68603,"position":0},"title":"Aseguran que vot\u00f3 m\u00e1s del 80% del electorado","author":"AF","date":"27\/10\/2019","format":false,"excerpt":"\"Fueron unas elecciones tranquilas\", subray\u00f3 el ministro del Interior apenas cerraron los comicios. El ministro del Interior, Rogelio Frigerio, confirm\u00f3 este domingo a las 18 que cerraron los centros de votaci\u00f3n en todo el pa\u00eds y que m\u00e1s del 80% del padr\u00f3n ejerci\u00f3 su sufragio en la fecha central del\u2026","rel":"","context":"En \u00abELECCIONES 2019\u00bb","block_context":{"text":"ELECCIONES 2019","link":"http:\/\/www.24baires.com\/?cat=329"},"img":{"alt_text":"","src":"https:\/\/i0.wp.com\/www.24baires.com\/wp-content\/uploads\/2013\/08\/urna3.jpg?resize=350%2C200","width":350,"height":200,"srcset":"https:\/\/i0.wp.com\/www.24baires.com\/wp-content\/uploads\/2013\/08\/urna3.jpg?resize=350%2C200 1x, https:\/\/i0.wp.com\/www.24baires.com\/wp-content\/uploads\/2013\/08\/urna3.jpg?resize=525%2C300 1.5x"},"classes":[]},{"id":112672,"url":"http:\/\/www.24baires.com\/?p=112672","url_meta":{"origin":68603,"position":1},"title":"Elecciones 2019: arrancaron los comicios en todo el pa\u00eds","author":"GB","date":"27\/10\/2019","format":false,"excerpt":"A las 8 de este domingo abrieron sus puertas los 15 mil establecimientos educativos habilitados para votar a lo largo y a lo ancho del territorio nacional. Casi 33 millones de argentinos empadronados eligen este domingo a su presidente para el per\u00edodo 2019-2023. Adem\u00e1s, se renuevan las c\u00e1maras del Congreso\u2026","rel":"","context":"En \u00abELECCIONES 2019\u00bb","block_context":{"text":"ELECCIONES 2019","link":"http:\/\/www.24baires.com\/?cat=329"},"img":{"alt_text":"","src":"https:\/\/i0.wp.com\/www.24baires.com\/wp-content\/uploads\/2019\/10\/miuaricio-alberto.jpg?resize=350%2C200","width":350,"height":200,"srcset":"https:\/\/i0.wp.com\/www.24baires.com\/wp-content\/uploads\/2019\/10\/miuaricio-alberto.jpg?resize=350%2C200 1x, https:\/\/i0.wp.com\/www.24baires.com\/wp-content\/uploads\/2019\/10\/miuaricio-alberto.jpg?resize=525%2C300 1.5x"},"classes":[]},{"id":122515,"url":"http:\/\/www.24baires.com\/?p=122515","url_meta":{"origin":68603,"position":2},"title":"Comenzaron las elecciones en la Provincia de Buenos Aires","author":"GB","date":"07\/09\/2025","format":false,"excerpt":"Comienzan las elecciones en la Provincia de Buenos Aires. M\u00e1s de 14 millones de bonaerenses votan legisladores y concejales en un comicio clave, primera elecci\u00f3n provincial desdoblada de la nacional. Con la apertura de las mesas a las 8 de la ma\u00f1ana, qued\u00f3 en marcha este domingo la elecci\u00f3n legislativa\u2026","rel":"","context":"En \u00abElecciones\u00bb","block_context":{"text":"Elecciones","link":"http:\/\/www.24baires.com\/?cat=316"},"img":{"alt_text":"","src":"https:\/\/i0.wp.com\/www.24baires.com\/wp-content\/uploads\/2025\/09\/elecciones-2025.webp?resize=350%2C200","width":350,"height":200,"srcset":"https:\/\/i0.wp.com\/www.24baires.com\/wp-content\/uploads\/2025\/09\/elecciones-2025.webp?resize=350%2C200 1x, https:\/\/i0.wp.com\/www.24baires.com\/wp-content\/uploads\/2025\/09\/elecciones-2025.webp?resize=525%2C300 1.5x, https:\/\/i0.wp.com\/www.24baires.com\/wp-content\/uploads\/2025\/09\/elecciones-2025.webp?resize=700%2C400 2x"},"classes":[]},{"id":112707,"url":"http:\/\/www.24baires.com\/?p=112707","url_meta":{"origin":68603,"position":3},"title":"Cerraron los comicios y se espera que a las 21 se conozcan los primeros resultados","author":"GB","date":"27\/10\/2019","format":false,"excerpt":"Una hora antes del cierre, la C\u00e1mara Nacional Electoral hab\u00eda adelantado que el 70 por ciento del padr\u00f3n hab\u00eda emitido el sufragio. Se esperan los primeros resultados oficiales para las 21. Si bien todav\u00eda se registran colas en muchas escuelas de toda la Provincia, a las 18 quedaron oficialmente cerrados\u2026","rel":"","context":"En \u00abELECCIONES 2019\u00bb","block_context":{"text":"ELECCIONES 2019","link":"http:\/\/www.24baires.com\/?cat=329"},"img":{"alt_text":"","src":"https:\/\/i0.wp.com\/www.24baires.com\/wp-content\/uploads\/2015\/08\/urnas.jpg?resize=350%2C200","width":350,"height":200,"srcset":"https:\/\/i0.wp.com\/www.24baires.com\/wp-content\/uploads\/2015\/08\/urnas.jpg?resize=350%2C200 1x, https:\/\/i0.wp.com\/www.24baires.com\/wp-content\/uploads\/2015\/08\/urnas.jpg?resize=525%2C300 1.5x"},"classes":[]},{"id":94585,"url":"http:\/\/www.24baires.com\/?p=94585","url_meta":{"origin":68603,"position":4},"title":"Elecciones en Suteba: gan\u00f3 Baradel","author":"GB","date":"17\/05\/2017","format":false,"excerpt":"Los docentes bonaerenses afiliados a Suteba votaron este mi\u00e9rcoles \"con normalidad\" en las elecciones internas del gremio, cuya conducci\u00f3n se disputaban la lista oficialista de Roberto Baradel y la opositora de Romina Del Pl\u00e1. Roberto Baradel se impuso este mi\u00e9rcoles a Romina del Pl\u00e1 por el 65 al 35 por\u2026","rel":"","context":"En \u00abProvincia\u00bb","block_context":{"text":"Provincia","link":"http:\/\/www.24baires.com\/?cat=40"},"img":{"alt_text":"","src":"https:\/\/i0.wp.com\/www.24baires.com\/wp-content\/uploads\/2013\/01\/baradel-petrocini.png?resize=350%2C200","width":350,"height":200},"classes":[]},{"id":96661,"url":"http:\/\/www.24baires.com\/?p=96661","url_meta":{"origin":68603,"position":5},"title":"M\u00e1s de 33 millones de argentinos votan este domingo","author":"GB","date":"13\/08\/2017","format":false,"excerpt":"De 8 a 18 se realizar\u00e1n las PASO para definir los candidatos que competir\u00e1n en las elecciones legislativas generales del pr\u00f3ximo 22 de octubre. M\u00e1s de 33 millones de argentinos est\u00e1n habilitados para votar este domingo en lo que son las cuartas Primarias Abiertas, Obligatorias y Simult\u00e1neas (PASO), dado que\u2026","rel":"","context":"En \u00abELECCIONES 2017\u00bb","block_context":{"text":"ELECCIONES 2017","link":"http:\/\/www.24baires.com\/?cat=325"},"img":{"alt_text":"","src":"https:\/\/i0.wp.com\/www.24baires.com\/wp-content\/uploads\/2015\/08\/urnas.jpg?resize=350%2C200","width":350,"height":200,"srcset":"https:\/\/i0.wp.com\/www.24baires.com\/wp-content\/uploads\/2015\/08\/urnas.jpg?resize=350%2C200 1x, https:\/\/i0.wp.com\/www.24baires.com\/wp-content\/uploads\/2015\/08\/urnas.jpg?resize=525%2C300 1.5x"},"classes":[]}],"jetpack_sharing_enabled":true,"jetpack_likes_enabled":true,"jetpack_featured_media_url":"","_links":{"self":[{"href":"http:\/\/www.24baires.com\/index.php?rest_route=\/wp\/v2\/posts\/68603","targetHints":{"allow":["GET"]}}],"collection":[{"href":"http:\/\/www.24baires.com\/index.php?rest_route=\/wp\/v2\/posts"}],"about":[{"href":"http:\/\/www.24baires.com\/index.php?rest_route=\/wp\/v2\/types\/post"}],"author":[{"embeddable":true,"href":"http:\/\/www.24baires.com\/index.php?rest_route=\/wp\/v2\/users\/8"}],"replies":[{"embeddable":true,"href":"http:\/\/www.24baires.com\/index.php?rest_route=%2Fwp%2Fv2%2Fcomments&post=68603"}],"version-history":[{"count":3,"href":"http:\/\/www.24baires.com\/index.php?rest_route=\/wp\/v2\/posts\/68603\/revisions"}],"predecessor-version":[{"id":68631,"href":"http:\/\/www.24baires.com\/index.php?rest_route=\/wp\/v2\/posts\/68603\/revisions\/68631"}],"wp:attachment":[{"href":"http:\/\/www.24baires.com\/index.php?rest_route=%2Fwp%2Fv2%2Fmedia&parent=68603"}],"wp:term":[{"taxonomy":"category","embeddable":true,"href":"http:\/\/www.24baires.com\/index.php?rest_route=%2Fwp%2Fv2%2Fcategories&post=68603"},{"taxonomy":"post_tag","embeddable":true,"href":"http:\/\/www.24baires.com\/index.php?rest_route=%2Fwp%2Fv2%2Ftags&post=68603"}],"curies":[{"name":"wp","href":"https:\/\/api.w.org\/{rel}","templated":true}]}}