{"id":68597,"date":"2015-07-04T20:37:57","date_gmt":"2015-07-04T23:37:57","guid":{"rendered":"http:\/\/www.24baires.com\/?p=68597"},"modified":"2015-07-04T20:37:57","modified_gmt":"2015-07-04T23:37:57","slug":"anibal-aseguro-que-no-va-a-romper-con-las-politicas-que-impulso-scioli","status":"publish","type":"post","link":"http:\/\/www.24baires.com\/?p=68597","title":{"rendered":"An\u00edbal asegur\u00f3 que \u00abno va a romper\u00bb con las pol\u00edticas que impuls\u00f3 Scioli"},"content":{"rendered":"<p><img data-recalc-dims=\"1\" loading=\"lazy\" decoding=\"async\" class=\"aligncenter size-full wp-image-5105\" src=\"https:\/\/i0.wp.com\/www.24baires.com\/wp-content\/uploads\/2012\/11\/fern%C3%A1ndez-an%C3%ADbal.jpg?resize=560%2C373\" alt=\"fern\u00e1ndez an\u00edbal\" width=\"560\" height=\"373\" srcset=\"https:\/\/i0.wp.com\/www.24baires.com\/wp-content\/uploads\/2012\/11\/fern%C3%A1ndez-an%C3%ADbal.jpg?w=560 560w, https:\/\/i0.wp.com\/www.24baires.com\/wp-content\/uploads\/2012\/11\/fern%C3%A1ndez-an%C3%ADbal.jpg?resize=300%2C199 300w\" sizes=\"auto, (max-width: 560px) 100vw, 560px\" \/>El jefe de gabinete y precandidato a la gobernaci\u00f3n bonaerense, An\u00edbal Fern\u00e1ndez, asegur\u00f3 hoy en la localidad bonaerense de Jun\u00edn que si asume a la gobernaci\u00f3n en diciembre se van a parar en lo que tiene la provincia \u00aby a partir de all\u00ed vamos a pegar ladrillos\u201d porque \u00abno voy a romper nada\u201d de lo que se hizo hasta ahora.<!--more--><\/p>\n<p>El jefe de Ganinete estuvo acompa\u00f1ado por el precandidato a intendente, Daniel Giudiche, el intendente de Lincoln, Jorge Fern\u00e1ndez, y por las autoridades por las Universidad del Noroeste.<\/p>\n<p>En la conferencia realizada en esa universidad, Fern\u00e1ndez dijo que no va a romper nada de lo se hizo en la provincia de Buenos Aires \u00abporque cuando llegaron los radicales rompieron lo que hicieron los peronistas y cuando llegaron los peronistas rompieron lo que hicieron los radicales. Nos vamos a parar en lo que tenemos y a partir de all\u00ed vamos a pegar ladrillos\u00bb.<\/p>\n<p>A su vez, el precandiddato visit\u00f3 Chivilcoy, donde fue recibido por el intendente Dar\u00edo Speranza en la Municipalidad, donde firm\u00f3 un convenio para la asistencia financiera de los tratamientos de los residuos s\u00f3lidos urbanos, y brind\u00f3 una conferencia de prensa en la sede comunal.<\/p>\n<p>Posteriormente, Fernandez junto a Speranza y el intendente de Lincoln fueron a la sede del Frente para la Victoria y compartieron un almuerzo con la militancia.<\/p>\n<p>En otro orden, el precandidato a la gobernaci\u00f3n bonaerense record\u00f3 que cuando fue candidato a intendente en 1991 \u00abla interna se mov\u00eda con los punteros y yo forme parte de esta estructura que me beneficio, pero que ahora critico. Hoy con las elecciones primarias abiertas los punteros no existen. Lo que s\u00ed existe es el hombre y la mujer com\u00fan que definen su voto libremente\u00bb.<\/p>\n","protected":false},"excerpt":{"rendered":"<p>El jefe de gabinete y precandidato a la gobernaci\u00f3n bonaerense, An\u00edbal Fern\u00e1ndez, asegur\u00f3 hoy en la localidad bonaerense de Jun\u00edn que si asume a la gobernaci\u00f3n en diciembre se van a parar en lo que tiene la provincia \u00aby a partir de all\u00ed vamos a pegar ladrillos\u201d porque \u00abno voy a romper nada\u201d de lo que se hizo hasta ahora.<\/p>\n","protected":false},"author":8,"featured_media":0,"comment_status":"open","ping_status":"open","sticky":false,"template":"","format":"standard","meta":{"_jetpack_newsletter_access":"","_jetpack_dont_email_post_to_subs":false,"_jetpack_newsletter_tier_id":0,"_jetpack_memberships_contains_paywalled_content":false,"_jetpack_memberships_contains_paid_content":false,"footnotes":""},"categories":[51],"tags":[],"class_list":["post-68597","post","type-post","status-publish","format-standard","hentry","category-politica"],"jetpack_shortlink":"https:\/\/wp.me\/p2JWE0-hQp","jetpack-related-posts":[{"id":111228,"url":"http:\/\/www.24baires.com\/?p=111228","url_meta":{"origin":68597,"position":0},"title":"\u00abLos intendentes no juegan con la tijera, porque eso es jugar con la gente\u00bb","author":"AF","date":"17\/07\/2019","format":false,"excerpt":"Tras la reuni\u00f3n con los jefes comunales en la que se definieron los ejes de la campa\u00f1a, el precandidato presidencial recibi\u00f3 el respaldo a la \"boleta completa\" del Frente de Todos. El encuentro se produjo en el sal\u00f3n Garage Argentino, en San Telmo. All\u00ed Alberto Fernandez se reuni\u00f3 casi tres\u2026","rel":"","context":"En \u00abPol\u00edtica\u00bb","block_context":{"text":"Pol\u00edtica","link":"http:\/\/www.24baires.com\/?cat=51"},"img":{"alt_text":"","src":"https:\/\/i0.wp.com\/www.24baires.com\/wp-content\/uploads\/2019\/07\/fern%C3%A1ndez-intendentes.jpg?resize=350%2C200","width":350,"height":200,"srcset":"https:\/\/i0.wp.com\/www.24baires.com\/wp-content\/uploads\/2019\/07\/fern%C3%A1ndez-intendentes.jpg?resize=350%2C200 1x, https:\/\/i0.wp.com\/www.24baires.com\/wp-content\/uploads\/2019\/07\/fern%C3%A1ndez-intendentes.jpg?resize=525%2C300 1.5x"},"classes":[]},{"id":108380,"url":"http:\/\/www.24baires.com\/?p=108380","url_meta":{"origin":68597,"position":1},"title":"Reuni\u00f3n de Alberto Fern\u00e1ndez con intendentes del PJ bonaerense","author":"AF","date":"24\/05\/2019","format":false,"excerpt":"El precandidato presidencial Alberto Fern\u00e1ndez se reuni\u00f3 este mediod\u00eda con intendentes y legisladores peronistas en la localidad de San Antonio de Areco con la mirada puesta en recuperar los votos perdidos por el kirchnerismo en el interior rural bonaerense y continuar el debate respecto de la candidatura para gobernador. \"El\u2026","rel":"","context":"En \u00abPol\u00edtica\u00bb","block_context":{"text":"Pol\u00edtica","link":"http:\/\/www.24baires.com\/?cat=51"},"img":{"alt_text":"","src":"https:\/\/i0.wp.com\/www.24baires.com\/wp-content\/uploads\/2019\/05\/alberto-fernandez-intendentes-bonaerenses.jpg?resize=350%2C200","width":350,"height":200,"srcset":"https:\/\/i0.wp.com\/www.24baires.com\/wp-content\/uploads\/2019\/05\/alberto-fernandez-intendentes-bonaerenses.jpg?resize=350%2C200 1x, https:\/\/i0.wp.com\/www.24baires.com\/wp-content\/uploads\/2019\/05\/alberto-fernandez-intendentes-bonaerenses.jpg?resize=525%2C300 1.5x"},"classes":[]},{"id":111408,"url":"http:\/\/www.24baires.com\/?p=111408","url_meta":{"origin":68597,"position":2},"title":"Kicillof y Massa denunciaron que Vidal no hizo las obras que prometi\u00f3","author":"AF","date":"31\/07\/2019","format":false,"excerpt":"Los precandidatos del Frente de Todos estuvieron en el jard\u00edn de infantes 904 de Las Heras, que se encuentra cerrado, y sostuvieron que la Provincia necesita tener \"como presidente a Alberto Fern\u00e1ndez y como vice a Cristina Kirchner\". El precandidato a gobernador bonaerense del Frente de Todos, Axel Kicillof, y\u2026","rel":"","context":"En \u00abPol\u00edtica\u00bb","block_context":{"text":"Pol\u00edtica","link":"http:\/\/www.24baires.com\/?cat=51"},"img":{"alt_text":"","src":"https:\/\/i0.wp.com\/www.24baires.com\/wp-content\/uploads\/2019\/07\/massa-kicillof.jpg?resize=350%2C200","width":350,"height":200,"srcset":"https:\/\/i0.wp.com\/www.24baires.com\/wp-content\/uploads\/2019\/07\/massa-kicillof.jpg?resize=350%2C200 1x, https:\/\/i0.wp.com\/www.24baires.com\/wp-content\/uploads\/2019\/07\/massa-kicillof.jpg?resize=525%2C300 1.5x"},"classes":[]},{"id":102994,"url":"http:\/\/www.24baires.com\/?p=102994","url_meta":{"origin":68597,"position":3},"title":"Insaurralde lanz\u00f3 su carrera por la Gobernaci\u00f3n bonaerense","author":"GB","date":"26\/06\/2018","format":false,"excerpt":"El intendente de Lomas de Zamora, Mart\u00edn Insaurralde, se anot\u00f3 hoy oficialmente en la carrera por la Gobernaci\u00f3n bonaerense, al difundir el apoyo de una docena de intendentes para que empiece a \"caminar la provincia\". El intendente, uno de los principales referentes del peronismo \"dialoguista\" en la provincia, reuni\u00f3 hoy\u2026","rel":"","context":"En \u00abProvincia\u00bb","block_context":{"text":"Provincia","link":"http:\/\/www.24baires.com\/?cat=40"},"img":{"alt_text":"","src":"https:\/\/i0.wp.com\/www.24baires.com\/wp-content\/uploads\/2018\/06\/insaurralde-300x200.jpg?resize=350%2C200","width":350,"height":200},"classes":[]},{"id":120181,"url":"http:\/\/www.24baires.com\/?p=120181","url_meta":{"origin":68597,"position":4},"title":"El Frente de Todos pasa a llamarse \u00abUni\u00f3n por la Patria\u00bb","author":"AF","date":"14\/06\/2023","format":false,"excerpt":"Los distintos sectores que componen el frente oficialista mantienen reuniones para definir, entre otras cosas, la constituci\u00f3n de su junta partidaria y el reglamento electoral que fijar\u00e1 pisos y porcentajes para la integraci\u00f3n de listas. El Frente de Todos (FdT) se llamar\u00e1 Uni\u00f3n por la Patria (UxP) en las pr\u00f3ximas\u2026","rel":"","context":"En \u00abPol\u00edtica\u00bb","block_context":{"text":"Pol\u00edtica","link":"http:\/\/www.24baires.com\/?cat=51"},"img":{"alt_text":"","src":"https:\/\/i0.wp.com\/www.24baires.com\/wp-content\/uploads\/2023\/06\/cfk-25-5.png?resize=350%2C200","width":350,"height":200,"srcset":"https:\/\/i0.wp.com\/www.24baires.com\/wp-content\/uploads\/2023\/06\/cfk-25-5.png?resize=350%2C200 1x, https:\/\/i0.wp.com\/www.24baires.com\/wp-content\/uploads\/2023\/06\/cfk-25-5.png?resize=525%2C300 1.5x, https:\/\/i0.wp.com\/www.24baires.com\/wp-content\/uploads\/2023\/06\/cfk-25-5.png?resize=700%2C400 2x, https:\/\/i0.wp.com\/www.24baires.com\/wp-content\/uploads\/2023\/06\/cfk-25-5.png?resize=1050%2C600 3x"},"classes":[]},{"id":69230,"url":"http:\/\/www.24baires.com\/?p=69230","url_meta":{"origin":68597,"position":5},"title":"Interna del FpV: \u00abSabbatella hizo perder a Kirchner en 2009\u00bb asegur\u00f3 esposa de Kunkel","author":"Grupo Sierra","date":"17\/07\/2015","format":false,"excerpt":"La senadora provincial Cristina Fioramonti apunt\u00f3 contra el compa\u00f1ero de f\u00f3rmula de An\u00edbal Fern\u00e1ndez, remarc\u00f3 que \"Sabbatella hizo perder a Kirchner en 2009\". La esposa del diputado Kunkel apoya la f\u00f3rmula compuesta por Juli\u00e1n Dom\u00ednguez y Fernando Espinoza. \u201cVamos a las PASO con una f\u00f3rmula claramente peronista, para competir contra\u2026","rel":"","context":"En \u00abElecciones 2015\u00bb","block_context":{"text":"Elecciones 2015","link":"http:\/\/www.24baires.com\/?cat=74"},"img":{"alt_text":"","src":"https:\/\/i0.wp.com\/www.24baires.com\/wp-content\/uploads\/2015\/07\/fioramonti.jpg?resize=350%2C200","width":350,"height":200,"srcset":"https:\/\/i0.wp.com\/www.24baires.com\/wp-content\/uploads\/2015\/07\/fioramonti.jpg?resize=350%2C200 1x, https:\/\/i0.wp.com\/www.24baires.com\/wp-content\/uploads\/2015\/07\/fioramonti.jpg?resize=525%2C300 1.5x"},"classes":[]}],"jetpack_sharing_enabled":true,"jetpack_likes_enabled":true,"jetpack_featured_media_url":"","_links":{"self":[{"href":"http:\/\/www.24baires.com\/index.php?rest_route=\/wp\/v2\/posts\/68597","targetHints":{"allow":["GET"]}}],"collection":[{"href":"http:\/\/www.24baires.com\/index.php?rest_route=\/wp\/v2\/posts"}],"about":[{"href":"http:\/\/www.24baires.com\/index.php?rest_route=\/wp\/v2\/types\/post"}],"author":[{"embeddable":true,"href":"http:\/\/www.24baires.com\/index.php?rest_route=\/wp\/v2\/users\/8"}],"replies":[{"embeddable":true,"href":"http:\/\/www.24baires.com\/index.php?rest_route=%2Fwp%2Fv2%2Fcomments&post=68597"}],"version-history":[{"count":1,"href":"http:\/\/www.24baires.com\/index.php?rest_route=\/wp\/v2\/posts\/68597\/revisions"}],"predecessor-version":[{"id":68598,"href":"http:\/\/www.24baires.com\/index.php?rest_route=\/wp\/v2\/posts\/68597\/revisions\/68598"}],"wp:attachment":[{"href":"http:\/\/www.24baires.com\/index.php?rest_route=%2Fwp%2Fv2%2Fmedia&parent=68597"}],"wp:term":[{"taxonomy":"category","embeddable":true,"href":"http:\/\/www.24baires.com\/index.php?rest_route=%2Fwp%2Fv2%2Fcategories&post=68597"},{"taxonomy":"post_tag","embeddable":true,"href":"http:\/\/www.24baires.com\/index.php?rest_route=%2Fwp%2Fv2%2Ftags&post=68597"}],"curies":[{"name":"wp","href":"https:\/\/api.w.org\/{rel}","templated":true}]}}