{"id":68580,"date":"2015-07-04T10:02:10","date_gmt":"2015-07-04T13:02:10","guid":{"rendered":"http:\/\/www.24baires.com\/?p=68580"},"modified":"2015-07-04T10:02:10","modified_gmt":"2015-07-04T13:02:10","slug":"la-camara-federal-ratifico-al-juez-duran-en-el-juzgado-electoral-de-la-plata","status":"publish","type":"post","link":"http:\/\/www.24baires.com\/?p=68580","title":{"rendered":"La C\u00e1mara Federal ratific\u00f3 al juez Dur\u00e1n en el juzgado electoral de La Plata"},"content":{"rendered":"<p><img data-recalc-dims=\"1\" loading=\"lazy\" decoding=\"async\" class=\"aligncenter size-full wp-image-68581\" src=\"https:\/\/i0.wp.com\/www.24baires.com\/wp-content\/uploads\/2015\/07\/duran.jpg?resize=510%2C340\" alt=\"duran\" width=\"510\" height=\"340\" srcset=\"https:\/\/i0.wp.com\/www.24baires.com\/wp-content\/uploads\/2015\/07\/duran.jpg?w=510 510w, https:\/\/i0.wp.com\/www.24baires.com\/wp-content\/uploads\/2015\/07\/duran.jpg?resize=300%2C200 300w\" sizes=\"auto, (max-width: 510px) 100vw, 510px\" \/>Fue tras la presentaci\u00f3n \u201cen queja\u201d del Consejo de la Magistratura ante el tribunal de alzada, luego de que Recondo aceptara esta ma\u00f1ana la apelaci\u00f3n pero sostuviera el apartamiento de Dur\u00e1n.<!--more--><\/p>\n<p>La C\u00e1mara Federal de La Plata rechaz\u00f3 ayer el alcance del fallo del juez Alberto Osvaldo Recondo, y dej\u00f3 sin efecto la orden de apartar del juzgado federal 1 de La Plata, el \u00fanico con competencia electoral en la provincia de Buenos Aires, al juez Laureano Dur\u00e1n.<\/p>\n<p>Fue tras la presentaci\u00f3n \u201cen queja\u201d del Consejo de la Magistratura ante el tribunal de alzada, luego de que Recondo aceptara esta ma\u00f1ana la apelaci\u00f3n pero sostuviera el apartamiento de Dur\u00e1n.<\/p>\n<p>\u201cLa remoci\u00f3n inmediata del Dr. Laureano Alberto Dur\u00e1n supone dejar en un estado grave y notorio de incertidumbre el servicio de justicia hasta tanto el Consejo de la Magistratura disponga al juez subrogante que deba intervenir, de conformidad con lo previsto en el art\u00edculo 1\u00b0 de la Ley N\u00b0 27.145 (Ley de Subrogancias), y en lo inmediato, un Juzgado Federal de turno ac\u00e9falo y un proceso electoral en curso entorpecido\u201d, sostuvieron los jueces Julio V\u00edctor Reboredo, Roberto Agust\u00edn Lemos Arias y Carlos Rom\u00e1n Compaired, que integran la Sala I de la C\u00e1mara.<\/p>\n<p>&nbsp;<\/p>\n<p>&nbsp;<\/p>\n<p>&nbsp;<\/p>\n<p>&nbsp;<\/p>\n<p>&nbsp;<\/p>\n<p>&nbsp;<\/p>\n<p>&nbsp;<\/p>\n<p>&nbsp;<\/p>\n<p>&nbsp;<\/p>\n<p>&nbsp;<\/p>\n<p>&nbsp;<\/p>\n<p>&nbsp;<\/p>\n<p>&nbsp;<\/p>\n<p>&nbsp;<\/p>\n<p>&nbsp;<\/p>\n","protected":false},"excerpt":{"rendered":"<p>Fue tras la presentaci\u00f3n \u201cen queja\u201d del Consejo de la Magistratura ante el tribunal de alzada, luego de que Recondo aceptara esta ma\u00f1ana la apelaci\u00f3n pero sostuviera el apartamiento de Dur\u00e1n.<\/p>\n","protected":false},"author":8,"featured_media":0,"comment_status":"open","ping_status":"open","sticky":false,"template":"","format":"standard","meta":{"_jetpack_newsletter_access":"","_jetpack_dont_email_post_to_subs":false,"_jetpack_newsletter_tier_id":0,"_jetpack_memberships_contains_paywalled_content":false,"_jetpack_memberships_contains_paid_content":false,"footnotes":""},"categories":[51],"tags":[],"class_list":["post-68580","post","type-post","status-publish","format-standard","hentry","category-politica"],"jetpack_shortlink":"https:\/\/wp.me\/p2JWE0-hQ8","jetpack-related-posts":[{"id":68512,"url":"http:\/\/www.24baires.com\/?p=68512","url_meta":{"origin":68580,"position":0},"title":"Apelar\u00e1n el fallo que declar\u00f3 \u00abinv\u00e1lida\u00bb la designaci\u00f3n de Dur\u00e1n","author":"GB","date":"02\/07\/2015","format":false,"excerpt":"El Consejo de la Magistratura apelar\u00e1 el fallo del juez federal, Alberto Recondo, sobre la designaci\u00f3n del juez subrogante del Juzgado Federal N\u00b0 1 de La Plata. El Consejo de la Magistratura apelar\u00e1 el fallo del juez federal, Alberto Recondo, que declar\u00f3 \"inv\u00e1lida\" la designaci\u00f3n del juez subrogante del Juzgado\u2026","rel":"","context":"En \u00abPol\u00edtica\u00bb","block_context":{"text":"Pol\u00edtica","link":"http:\/\/www.24baires.com\/?cat=51"},"img":{"alt_text":"","src":"","width":0,"height":0},"classes":[]},{"id":121137,"url":"http:\/\/www.24baires.com\/?p=121137","url_meta":{"origin":68580,"position":1},"title":"La Justicia declar\u00f3 inconstitucional la derogaci\u00f3n de la Ley de Tierras","author":"GB","date":"21\/03\/2024","format":false,"excerpt":"La Justicia impuso un freno a la intenci\u00f3n del gobierno de Javier Milei de favorecer la extranjerizaci\u00f3n de tierras sin l\u00edmite. Aseguran que el DNU pone en crisis la integridad territorial y la soberan\u00eda nacional. La Sala III de la C\u00e1mara Federal de La Plata declar\u00f3 este jueves la inconstitucionalidad\u2026","rel":"","context":"En \u00abPol\u00edtica\u00bb","block_context":{"text":"Pol\u00edtica","link":"http:\/\/www.24baires.com\/?cat=51"},"img":{"alt_text":"","src":"https:\/\/i0.wp.com\/www.24baires.com\/wp-content\/uploads\/2024\/03\/milei-serio.webp?resize=350%2C200","width":350,"height":200,"srcset":"https:\/\/i0.wp.com\/www.24baires.com\/wp-content\/uploads\/2024\/03\/milei-serio.webp?resize=350%2C200 1x, https:\/\/i0.wp.com\/www.24baires.com\/wp-content\/uploads\/2024\/03\/milei-serio.webp?resize=525%2C300 1.5x"},"classes":[]},{"id":110858,"url":"http:\/\/www.24baires.com\/?p=110858","url_meta":{"origin":68580,"position":2},"title":"Pichetto adelant\u00f3 que presentar\u00e1 su renuncia","author":"AF","date":"19\/06\/2019","format":false,"excerpt":"Tras pegar el salto al macrismo, el senador dijo que no dejar\u00eda la banca a la que hab\u00eda llegado en representaci\u00f3n del Bloque Justicialista. Las cr\u00edticas a su actitud y el malestar de otros consejeros lo dejaron sin margen para continuar en el cargo. Miguel \u00c1ngel Pichetto adelant\u00f3 que dejar\u00e1\u2026","rel":"","context":"En \u00abPol\u00edtica\u00bb","block_context":{"text":"Pol\u00edtica","link":"http:\/\/www.24baires.com\/?cat=51"},"img":{"alt_text":"","src":"https:\/\/i0.wp.com\/www.24baires.com\/wp-content\/uploads\/2014\/05\/pichetto.jpg?resize=350%2C200","width":350,"height":200,"srcset":"https:\/\/i0.wp.com\/www.24baires.com\/wp-content\/uploads\/2014\/05\/pichetto.jpg?resize=350%2C200 1x, https:\/\/i0.wp.com\/www.24baires.com\/wp-content\/uploads\/2014\/05\/pichetto.jpg?resize=525%2C300 1.5x"},"classes":[]},{"id":105788,"url":"http:\/\/www.24baires.com\/?p=105788","url_meta":{"origin":68580,"position":3},"title":"El Consejo de la Magistratura fren\u00f3 el pago de Ganancias para los jueces","author":"AF","date":"06\/12\/2018","format":false,"excerpt":"En medio de una de las crisis econ\u00f3micas m\u00e1s brutales de la historia, y donde el r\u00e9gimen pol\u00edtico de Cambiemos le sigue pegando a las clases media y baja sin cesar, los magistrados decidieron no pagar el impuesto a las Ganancias. Los jueces del Consejo de la Magistratura realizaron un\u2026","rel":"","context":"En \u00abSociedad\u00bb","block_context":{"text":"Sociedad","link":"http:\/\/www.24baires.com\/?cat=1"},"img":{"alt_text":"","src":"https:\/\/i0.wp.com\/www.24baires.com\/wp-content\/uploads\/2015\/10\/tribunal-cnu.jpg?resize=350%2C200","width":350,"height":200,"srcset":"https:\/\/i0.wp.com\/www.24baires.com\/wp-content\/uploads\/2015\/10\/tribunal-cnu.jpg?resize=350%2C200 1x, https:\/\/i0.wp.com\/www.24baires.com\/wp-content\/uploads\/2015\/10\/tribunal-cnu.jpg?resize=525%2C300 1.5x"},"classes":[]},{"id":106841,"url":"http:\/\/www.24baires.com\/?p=106841","url_meta":{"origin":68580,"position":4},"title":"La Justicia acept\u00f3 el amparo para frenar el tarifazo","author":"GB","date":"14\/02\/2019","format":false,"excerpt":"Finalmente el juez federal de La Plata Alberto Recondo acept\u00f3 tramitar el recurso presentado por intendentes, organizaciones civ\u00edles y la Defensor\u00eda del Pueblo bonaerense. La acci\u00f3n solicita un freno al \u00faltimo incremento en el cuadro tarifario autorizado por el Gobierno nacional. El recurso de amparo presentado por intendentes peronistas para\u2026","rel":"","context":"En \u00abConsumidores\u00bb","block_context":{"text":"Consumidores","link":"http:\/\/www.24baires.com\/?cat=78"},"img":{"alt_text":"","src":"https:\/\/i0.wp.com\/www.24baires.com\/wp-content\/uploads\/2019\/02\/tarifas-justas.jpg?resize=350%2C200","width":350,"height":200,"srcset":"https:\/\/i0.wp.com\/www.24baires.com\/wp-content\/uploads\/2019\/02\/tarifas-justas.jpg?resize=350%2C200 1x, https:\/\/i0.wp.com\/www.24baires.com\/wp-content\/uploads\/2019\/02\/tarifas-justas.jpg?resize=525%2C300 1.5x"},"classes":[]},{"id":25277,"url":"http:\/\/www.24baires.com\/?p=25277","url_meta":{"origin":68580,"position":5},"title":"Una Jueza de Campana fall\u00f3 a favor de la elecci\u00f3n popular del Consejo de la Magistratura","author":"Grupo Sierra","date":"06\/06\/2013","format":false,"excerpt":"CAMPANA.- La jueza en lo correccional Raquel Slotolow rechaz\u00f3 hoy \u201cin limine\u201d el pedido de incostitucionalidad de la reforma del Consejo de la Magistratura \"b\u00e1sicamente por la incapacidad de un juez provincial de declarar la inconstitucionalidad de una ley nacional\". Mientras tanto, el juez federal de La Plata Alberto Recondo\u2026","rel":"","context":"En \u00abPol\u00edtica\u00bb","block_context":{"text":"Pol\u00edtica","link":"http:\/\/www.24baires.com\/?cat=51"},"img":{"alt_text":"","src":"","width":0,"height":0},"classes":[]}],"jetpack_sharing_enabled":true,"jetpack_likes_enabled":true,"jetpack_featured_media_url":"","_links":{"self":[{"href":"http:\/\/www.24baires.com\/index.php?rest_route=\/wp\/v2\/posts\/68580","targetHints":{"allow":["GET"]}}],"collection":[{"href":"http:\/\/www.24baires.com\/index.php?rest_route=\/wp\/v2\/posts"}],"about":[{"href":"http:\/\/www.24baires.com\/index.php?rest_route=\/wp\/v2\/types\/post"}],"author":[{"embeddable":true,"href":"http:\/\/www.24baires.com\/index.php?rest_route=\/wp\/v2\/users\/8"}],"replies":[{"embeddable":true,"href":"http:\/\/www.24baires.com\/index.php?rest_route=%2Fwp%2Fv2%2Fcomments&post=68580"}],"version-history":[{"count":1,"href":"http:\/\/www.24baires.com\/index.php?rest_route=\/wp\/v2\/posts\/68580\/revisions"}],"predecessor-version":[{"id":68582,"href":"http:\/\/www.24baires.com\/index.php?rest_route=\/wp\/v2\/posts\/68580\/revisions\/68582"}],"wp:attachment":[{"href":"http:\/\/www.24baires.com\/index.php?rest_route=%2Fwp%2Fv2%2Fmedia&parent=68580"}],"wp:term":[{"taxonomy":"category","embeddable":true,"href":"http:\/\/www.24baires.com\/index.php?rest_route=%2Fwp%2Fv2%2Fcategories&post=68580"},{"taxonomy":"post_tag","embeddable":true,"href":"http:\/\/www.24baires.com\/index.php?rest_route=%2Fwp%2Fv2%2Ftags&post=68580"}],"curies":[{"name":"wp","href":"https:\/\/api.w.org\/{rel}","templated":true}]}}